{"id":100,"date":"2024-09-10T11:29:32","date_gmt":"2024-09-10T09:29:32","guid":{"rendered":"http:\/\/ecole-ste-anne-asserac.fr\/?p=100"},"modified":"2024-11-02T12:57:27","modified_gmt":"2024-11-02T11:57:27","slug":"decouvrez-les-activites-de-notre-classe","status":"publish","type":"post","link":"https:\/\/ecole-ste-anne-asserac.fr\/?p=100","title":{"rendered":"D\u00e9couvrez les activit\u00e9s de notre classe &#8230;"},"content":{"rendered":"<p style=\"text-align: center;\"><a href=\"http:\/\/ecole-ste-anne-asserac.fr\/wp-content\/uploads\/2023\/10\/20241004092718_IMG_4417-scaled.jpg\"><img loading=\"lazy\" decoding=\"async\" class=\"alignnone size-medium wp-image-6592\" src=\"http:\/\/ecole-ste-anne-asserac.fr\/wp-content\/uploads\/2023\/10\/20241004092718_IMG_4417-225x300.jpg\" alt=\"\" width=\"225\" height=\"300\" srcset=\"https:\/\/ecole-ste-anne-asserac.fr\/wp-content\/uploads\/2023\/10\/20241004092718_IMG_4417-225x300.jpg 225w, https:\/\/ecole-ste-anne-asserac.fr\/wp-content\/uploads\/2023\/10\/20241004092718_IMG_4417-768x1024.jpg 768w, https:\/\/ecole-ste-anne-asserac.fr\/wp-content\/uploads\/2023\/10\/20241004092718_IMG_4417-600x800.jpg 600w, https:\/\/ecole-ste-anne-asserac.fr\/wp-content\/uploads\/2023\/10\/20241004092718_IMG_4417-1152x1536.jpg 1152w, https:\/\/ecole-ste-anne-asserac.fr\/wp-content\/uploads\/2023\/10\/20241004092718_IMG_4417-1536x2048.jpg 1536w, https:\/\/ecole-ste-anne-asserac.fr\/wp-content\/uploads\/2023\/10\/20241004092718_IMG_4417-scaled.jpg 1920w\" sizes=\"auto, (max-width: 225px) 100vw, 225px\" \/><\/a><\/p>\n<p style=\"text-align: center;\">Pour vivre les aventures des enfants de GS\/CP<\/p>\n<p style=\"text-align: center;\">cliquez&#8230;. <a href=\"http:\/\/sylvieclasseasserac.blogspot.com\/\">ici<\/a> !<\/p>\n<p style=\"text-align: center;\">Sylvie, l&rsquo;enseignante de la classe nous parle de la p\u00e9dagogie Montessori qu&rsquo;elle pratique :<\/p>\n<p align=\"JUSTIFY\">\u00ab\u00a0L\u2019enfant est <u>v\u00e9ritablemen<\/u>t acteur de ses apprentissages ; la formation que j&rsquo;ai suivie m\u2019a donn\u00e9 une somme consid\u00e9rable de situations d\u2019apprentissages tr\u00e8s concr\u00e8tes, dans divers domaines, mais surtout et aussi un Esprit, un nouveau cadre, une nouvelle fa\u00e7on d\u2019entrevoir l\u2019apprentissage\u2026ce n\u2019est plus le \u00ab&nbsp;ma\u00eetre qui apprend&nbsp;\u00e0\u00bb mais c\u2019est bien l\u2019enfant lui-m\u00eame qui prend en charge son apprentissage\u2026\u00a0\u00bb<\/p>\n<p align=\"JUSTIFY\">\u00ab\u00a0Pour moi la m\u00e9thode Montessori convient \u00e0 TOUS les \u00e9l\u00e8ves, comme chacun avance \u00e0 son rythme, chaque enfant quelque soit son niveau s&rsquo;\u00e9panouit dans son apprentissage. Il n&rsquo;y a pas de comp\u00e9tition entre les \u00e9l\u00e8ves et je pense moins de d\u00e9valorisation et d&rsquo;angoisses pour certains puisque chacun choisit de travailler le domaine qu&rsquo;il souhaite avec le mat\u00e9riel qu&rsquo;il souhaite.\u00a0\u00bb<\/p>\n<p style=\"text-align: center;\" align=\"JUSTIFY\"><a href=\"http:\/\/sylvieclasseasserac.blogspot.fr\/\">Retrouvez en photos toutes les activit\u00e9s mises en place <\/a><\/p>\n<p style=\"text-align: center;\" align=\"JUSTIFY\"><a href=\"http:\/\/sylvieclasseasserac.blogspot.fr\/\">tout au long de l&rsquo;ann\u00e9e.<\/a><\/p>\n","protected":false},"excerpt":{"rendered":"<p>Pour vivre les aventures des enfants de GS\/CP cliquez&#8230;. ici ! Sylvie, l&rsquo;enseignante de la classe nous parle de la p\u00e9dagogie Montessori qu&rsquo;elle pratique : \u00ab\u00a0L\u2019enfant est v\u00e9ritablement acteur de ses apprentissages ; la formation que j&rsquo;ai suivie m\u2019a donn\u00e9 une somme consid\u00e9rable de situations d\u2019apprentissages tr\u00e8s concr\u00e8tes, dans divers domaines, mais surtout et aussi<\/p>\n<p><a href=\"https:\/\/ecole-ste-anne-asserac.fr\/?p=100\" class=\"more-link themebutton\">Lire la suite<\/a><\/p>\n","protected":false},"author":3,"featured_media":5375,"comment_status":"closed","ping_status":"closed","sticky":false,"template":"","format":"standard","meta":{"ngg_post_thumbnail":0,"footnotes":""},"categories":[4],"tags":[],"class_list":["post-100","post","type-post","status-publish","format-standard","has-post-thumbnail","hentry","category-classe-de-gs-cp"],"_links":{"self":[{"href":"https:\/\/ecole-ste-anne-asserac.fr\/index.php?rest_route=\/wp\/v2\/posts\/100","targetHints":{"allow":["GET"]}}],"collection":[{"href":"https:\/\/ecole-ste-anne-asserac.fr\/index.php?rest_route=\/wp\/v2\/posts"}],"about":[{"href":"https:\/\/ecole-ste-anne-asserac.fr\/index.php?rest_route=\/wp\/v2\/types\/post"}],"author":[{"embeddable":true,"href":"https:\/\/ecole-ste-anne-asserac.fr\/index.php?rest_route=\/wp\/v2\/users\/3"}],"replies":[{"embeddable":true,"href":"https:\/\/ecole-ste-anne-asserac.fr\/index.php?rest_route=%2Fwp%2Fv2%2Fcomments&post=100"}],"version-history":[{"count":13,"href":"https:\/\/ecole-ste-anne-asserac.fr\/index.php?rest_route=\/wp\/v2\/posts\/100\/revisions"}],"predecessor-version":[{"id":6593,"href":"https:\/\/ecole-ste-anne-asserac.fr\/index.php?rest_route=\/wp\/v2\/posts\/100\/revisions\/6593"}],"wp:featuredmedia":[{"embeddable":true,"href":"https:\/\/ecole-ste-anne-asserac.fr\/index.php?rest_route=\/wp\/v2\/media\/5375"}],"wp:attachment":[{"href":"https:\/\/ecole-ste-anne-asserac.fr\/index.php?rest_route=%2Fwp%2Fv2%2Fmedia&parent=100"}],"wp:term":[{"taxonomy":"category","embeddable":true,"href":"https:\/\/ecole-ste-anne-asserac.fr\/index.php?rest_route=%2Fwp%2Fv2%2Fcategories&post=100"},{"taxonomy":"post_tag","embeddable":true,"href":"https:\/\/ecole-ste-anne-asserac.fr\/index.php?rest_route=%2Fwp%2Fv2%2Ftags&post=100"}],"curies":[{"name":"wp","href":"https:\/\/api.w.org\/{rel}","templated":true}]}}