{"id":1189,"date":"2017-01-13T00:30:55","date_gmt":"2017-01-12T23:30:55","guid":{"rendered":"http:\/\/ecole-ste-anne-asserac.fr\/?p=1189"},"modified":"2017-01-15T15:22:42","modified_gmt":"2017-01-15T14:22:42","slug":"lire-pour-cuisiner","status":"publish","type":"post","link":"https:\/\/ecole-ste-anne-asserac.fr\/?p=1189","title":{"rendered":"Lire pour cuisiner&#8230;"},"content":{"rendered":"<p>CP et Ce1 se sont mis \u00e0 lire la recette de la galette afin de pouvoir se mettre \u00e0 cuisiner. La motivation \u00e9tait au rendez-vous!<\/p>\n<p><a href=\"http:\/\/ecole-ste-anne-asserac.fr\/wp-content\/uploads\/2017\/01\/recette_galette_roi_1.pdf\">Vous pouvez retrouver la recette en cliquant sur ce lien :\u00a0 recette_galette_roi_1<\/a><\/p>\n<p>&nbsp;<\/p>\n<p>Les CE1 ont commenc\u00e9 \u00e0 confectionner\u00a0 une premi\u00e8re galette .<\/p>\n<p><a href=\"http:\/\/ecole-ste-anne-asserac.fr\/wp-content\/uploads\/2017\/01\/IMG_3448.jpg\"><img loading=\"lazy\" decoding=\"async\" class=\"alignleft size-medium wp-image-1191\" src=\"http:\/\/ecole-ste-anne-asserac.fr\/wp-content\/uploads\/2017\/01\/IMG_3448-300x225.jpg\" alt=\"\" width=\"300\" height=\"225\" srcset=\"https:\/\/ecole-ste-anne-asserac.fr\/wp-content\/uploads\/2017\/01\/IMG_3448-300x225.jpg 300w, https:\/\/ecole-ste-anne-asserac.fr\/wp-content\/uploads\/2017\/01\/IMG_3448-768x576.jpg 768w, https:\/\/ecole-ste-anne-asserac.fr\/wp-content\/uploads\/2017\/01\/IMG_3448-1024x768.jpg 1024w, https:\/\/ecole-ste-anne-asserac.fr\/wp-content\/uploads\/2017\/01\/IMG_3448-600x450.jpg 600w, https:\/\/ecole-ste-anne-asserac.fr\/wp-content\/uploads\/2017\/01\/IMG_3448.jpg 2048w\" sizes=\"auto, (max-width: 300px) 100vw, 300px\" \/><\/a><\/p>\n<p>&nbsp;<\/p>\n<p>&nbsp;<\/p>\n<p>\u00c9taler.<\/p>\n<p>&nbsp;<\/p>\n<p><a href=\"http:\/\/ecole-ste-anne-asserac.fr\/wp-content\/uploads\/2017\/01\/IMG_3452-e1484257250755.jpg\"><img loading=\"lazy\" decoding=\"async\" class=\"size-medium wp-image-1197 alignright\" src=\"http:\/\/ecole-ste-anne-asserac.fr\/wp-content\/uploads\/2017\/01\/IMG_3452-225x300.jpg\" alt=\"\" width=\"225\" height=\"300\" \/><\/a><\/p>\n<p>&nbsp;<\/p>\n<p>&nbsp;<\/p>\n<p>&nbsp;<\/p>\n<p><a href=\"http:\/\/ecole-ste-anne-asserac.fr\/wp-content\/uploads\/2017\/01\/IMG_3450.jpg\"><img loading=\"lazy\" decoding=\"async\" class=\"alignleft size-medium wp-image-1196\" src=\"http:\/\/ecole-ste-anne-asserac.fr\/wp-content\/uploads\/2017\/01\/IMG_3450-225x300.jpg\" alt=\"\" width=\"225\" height=\"300\" srcset=\"https:\/\/ecole-ste-anne-asserac.fr\/wp-content\/uploads\/2017\/01\/IMG_3450-225x300.jpg 225w, https:\/\/ecole-ste-anne-asserac.fr\/wp-content\/uploads\/2017\/01\/IMG_3450-768x1024.jpg 768w, https:\/\/ecole-ste-anne-asserac.fr\/wp-content\/uploads\/2017\/01\/IMG_3450-600x800.jpg 600w, https:\/\/ecole-ste-anne-asserac.fr\/wp-content\/uploads\/2017\/01\/IMG_3450.jpg 1152w\" sizes=\"auto, (max-width: 225px) 100vw, 225px\" \/><\/a>\u00a0\u00a0\u00a0\u00a0\u00a0\u00a0\u00a0\u00a0\u00a0\u00a0\u00a0\u00a0\u00a0\u00a0\u00a0\u00a0 Peser.<\/p>\n<p><a href=\"http:\/\/ecole-ste-anne-asserac.fr\/wp-content\/uploads\/2017\/01\/IMG_3449.jpg\"><img loading=\"lazy\" decoding=\"async\" class=\"size-medium wp-image-1192 alignright\" src=\"http:\/\/ecole-ste-anne-asserac.fr\/wp-content\/uploads\/2017\/01\/IMG_3449-225x300.jpg\" alt=\"\" width=\"225\" height=\"300\" srcset=\"https:\/\/ecole-ste-anne-asserac.fr\/wp-content\/uploads\/2017\/01\/IMG_3449-225x300.jpg 225w, https:\/\/ecole-ste-anne-asserac.fr\/wp-content\/uploads\/2017\/01\/IMG_3449-768x1024.jpg 768w, https:\/\/ecole-ste-anne-asserac.fr\/wp-content\/uploads\/2017\/01\/IMG_3449-600x800.jpg 600w, https:\/\/ecole-ste-anne-asserac.fr\/wp-content\/uploads\/2017\/01\/IMG_3449.jpg 1152w\" sizes=\"auto, (max-width: 225px) 100vw, 225px\" \/><\/a><\/p>\n<p>&nbsp;<\/p>\n<p>&nbsp;<\/p>\n<p>&nbsp;<\/p>\n<p>&nbsp;<\/p>\n<p>&nbsp;<\/p>\n<p>&nbsp;<\/p>\n<p>&nbsp;<\/p>\n<p>&nbsp;<\/p>\n<p><a href=\"http:\/\/ecole-ste-anne-asserac.fr\/wp-content\/uploads\/2017\/01\/IMG_3454.jpg\"><img loading=\"lazy\" decoding=\"async\" class=\"size-medium wp-image-1194 alignleft\" src=\"http:\/\/ecole-ste-anne-asserac.fr\/wp-content\/uploads\/2017\/01\/IMG_3454-225x300.jpg\" alt=\"\" width=\"225\" height=\"300\" srcset=\"https:\/\/ecole-ste-anne-asserac.fr\/wp-content\/uploads\/2017\/01\/IMG_3454-225x300.jpg 225w, https:\/\/ecole-ste-anne-asserac.fr\/wp-content\/uploads\/2017\/01\/IMG_3454-768x1024.jpg 768w, https:\/\/ecole-ste-anne-asserac.fr\/wp-content\/uploads\/2017\/01\/IMG_3454-600x800.jpg 600w, https:\/\/ecole-ste-anne-asserac.fr\/wp-content\/uploads\/2017\/01\/IMG_3454.jpg 1152w\" sizes=\"auto, (max-width: 225px) 100vw, 225px\" \/><\/a><\/p>\n<p>&nbsp;<\/p>\n<p>&nbsp;<\/p>\n<p>&nbsp;<\/p>\n<p>&nbsp;<\/p>\n<p>&nbsp;<\/p>\n<p>&nbsp;<\/p>\n<p>&nbsp;<\/p>\n<p>&nbsp;<\/p>\n<p>M\u00e9langer.<a href=\"http:\/\/ecole-ste-anne-asserac.fr\/wp-content\/uploads\/2017\/01\/IMG_3456.jpg\"><img loading=\"lazy\" decoding=\"async\" class=\"size-medium wp-image-1198 alignright\" src=\"http:\/\/ecole-ste-anne-asserac.fr\/wp-content\/uploads\/2017\/01\/IMG_3456-225x300.jpg\" alt=\"\" width=\"225\" height=\"300\" srcset=\"https:\/\/ecole-ste-anne-asserac.fr\/wp-content\/uploads\/2017\/01\/IMG_3456-225x300.jpg 225w, https:\/\/ecole-ste-anne-asserac.fr\/wp-content\/uploads\/2017\/01\/IMG_3456-768x1024.jpg 768w, https:\/\/ecole-ste-anne-asserac.fr\/wp-content\/uploads\/2017\/01\/IMG_3456-600x800.jpg 600w, https:\/\/ecole-ste-anne-asserac.fr\/wp-content\/uploads\/2017\/01\/IMG_3456.jpg 1152w\" sizes=\"auto, (max-width: 225px) 100vw, 225px\" \/><\/a><\/p>\n<p>&nbsp;<\/p>\n<p>&nbsp;<\/p>\n<p>&nbsp;<\/p>\n<p>&nbsp;<\/p>\n<p>&nbsp;<\/p>\n<p>&nbsp;<\/p>\n<p>&nbsp;<\/p>\n<p>&nbsp;<\/p>\n<p><a href=\"http:\/\/ecole-ste-anne-asserac.fr\/wp-content\/uploads\/2017\/01\/IMG_3459-1.jpg\"><img loading=\"lazy\" decoding=\"async\" class=\"alignleft size-medium wp-image-1244\" src=\"http:\/\/ecole-ste-anne-asserac.fr\/wp-content\/uploads\/2017\/01\/IMG_3459-1-300x300.jpg\" alt=\"\" width=\"300\" height=\"300\" srcset=\"https:\/\/ecole-ste-anne-asserac.fr\/wp-content\/uploads\/2017\/01\/IMG_3459-1-300x300.jpg 300w, https:\/\/ecole-ste-anne-asserac.fr\/wp-content\/uploads\/2017\/01\/IMG_3459-1-150x150.jpg 150w, https:\/\/ecole-ste-anne-asserac.fr\/wp-content\/uploads\/2017\/01\/IMG_3459-1-768x768.jpg 768w, https:\/\/ecole-ste-anne-asserac.fr\/wp-content\/uploads\/2017\/01\/IMG_3459-1-1024x1024.jpg 1024w, https:\/\/ecole-ste-anne-asserac.fr\/wp-content\/uploads\/2017\/01\/IMG_3459-1-600x600.jpg 600w, https:\/\/ecole-ste-anne-asserac.fr\/wp-content\/uploads\/2017\/01\/IMG_3459-1.jpg 2048w\" sizes=\"auto, (max-width: 300px) 100vw, 300px\" \/><\/a><\/p>\n<p><a href=\"http:\/\/ecole-ste-anne-asserac.fr\/wp-content\/uploads\/2017\/01\/IMG_3461.jpg\"><img loading=\"lazy\" decoding=\"async\" class=\"size-medium wp-image-1226 alignright\" src=\"http:\/\/ecole-ste-anne-asserac.fr\/wp-content\/uploads\/2017\/01\/IMG_3461-225x300.jpg\" alt=\"\" width=\"225\" height=\"300\" srcset=\"https:\/\/ecole-ste-anne-asserac.fr\/wp-content\/uploads\/2017\/01\/IMG_3461-225x300.jpg 225w, https:\/\/ecole-ste-anne-asserac.fr\/wp-content\/uploads\/2017\/01\/IMG_3461-768x1024.jpg 768w, https:\/\/ecole-ste-anne-asserac.fr\/wp-content\/uploads\/2017\/01\/IMG_3461-600x800.jpg 600w, https:\/\/ecole-ste-anne-asserac.fr\/wp-content\/uploads\/2017\/01\/IMG_3461.jpg 1152w\" sizes=\"auto, (max-width: 225px) 100vw, 225px\" \/><\/a><\/p>\n<p>&nbsp;<\/p>\n<p>&nbsp;<\/p>\n<p>&nbsp;<\/p>\n<p>\u00c9taler le m\u00e9lange.<\/p>\n<p>&nbsp;<\/p>\n<p>&nbsp;<\/p>\n<p>&nbsp;<\/p>\n<p>&nbsp;<\/p>\n<p><a href=\"http:\/\/ecole-ste-anne-asserac.fr\/wp-content\/uploads\/2017\/01\/IMG_3460.jpg\"><img loading=\"lazy\" decoding=\"async\" class=\"size-medium wp-image-1199 alignleft\" src=\"http:\/\/ecole-ste-anne-asserac.fr\/wp-content\/uploads\/2017\/01\/IMG_3460-225x300.jpg\" alt=\"\" width=\"225\" height=\"300\" srcset=\"https:\/\/ecole-ste-anne-asserac.fr\/wp-content\/uploads\/2017\/01\/IMG_3460-225x300.jpg 225w, https:\/\/ecole-ste-anne-asserac.fr\/wp-content\/uploads\/2017\/01\/IMG_3460-768x1024.jpg 768w, https:\/\/ecole-ste-anne-asserac.fr\/wp-content\/uploads\/2017\/01\/IMG_3460-600x800.jpg 600w, https:\/\/ecole-ste-anne-asserac.fr\/wp-content\/uploads\/2017\/01\/IMG_3460.jpg 1152w\" sizes=\"auto, (max-width: 225px) 100vw, 225px\" \/><\/a><\/p>\n<p>&nbsp;<\/p>\n<p>Pr\u00e9parer l\u2019\u0153uf pour dorer la galette.<\/p>\n<p><a href=\"http:\/\/ecole-ste-anne-asserac.fr\/wp-content\/uploads\/2017\/01\/IMG_3463.jpg\"><img loading=\"lazy\" decoding=\"async\" class=\"size-medium wp-image-1227 alignright\" src=\"http:\/\/ecole-ste-anne-asserac.fr\/wp-content\/uploads\/2017\/01\/IMG_3463-225x300.jpg\" alt=\"\" width=\"225\" height=\"300\" srcset=\"https:\/\/ecole-ste-anne-asserac.fr\/wp-content\/uploads\/2017\/01\/IMG_3463-225x300.jpg 225w, https:\/\/ecole-ste-anne-asserac.fr\/wp-content\/uploads\/2017\/01\/IMG_3463-768x1024.jpg 768w, https:\/\/ecole-ste-anne-asserac.fr\/wp-content\/uploads\/2017\/01\/IMG_3463-600x800.jpg 600w, https:\/\/ecole-ste-anne-asserac.fr\/wp-content\/uploads\/2017\/01\/IMG_3463.jpg 1152w\" sizes=\"auto, (max-width: 225px) 100vw, 225px\" \/><\/a><\/p>\n<p>&nbsp;<\/p>\n<p>&nbsp;<\/p>\n<p>&nbsp;<\/p>\n<p>&nbsp;<\/p>\n<p>Badigeonner au jaune d\u2019\u0153uf.<\/p>\n<p>&nbsp;<\/p>\n<p>&nbsp;<\/p>\n<p>&nbsp;<\/p>\n<p>&nbsp;<\/p>\n<p>&nbsp;<\/p>\n<p>30 minutes de cuisson plus tard:<a href=\"http:\/\/ecole-ste-anne-asserac.fr\/wp-content\/uploads\/2017\/01\/IMG_3486.jpg\"><img loading=\"lazy\" decoding=\"async\" class=\"alignleft size-medium wp-image-1216\" src=\"http:\/\/ecole-ste-anne-asserac.fr\/wp-content\/uploads\/2017\/01\/IMG_3486-300x225.jpg\" alt=\"\" width=\"300\" height=\"225\" srcset=\"https:\/\/ecole-ste-anne-asserac.fr\/wp-content\/uploads\/2017\/01\/IMG_3486-300x225.jpg 300w, https:\/\/ecole-ste-anne-asserac.fr\/wp-content\/uploads\/2017\/01\/IMG_3486-768x576.jpg 768w, https:\/\/ecole-ste-anne-asserac.fr\/wp-content\/uploads\/2017\/01\/IMG_3486-1024x768.jpg 1024w, https:\/\/ecole-ste-anne-asserac.fr\/wp-content\/uploads\/2017\/01\/IMG_3486-600x450.jpg 600w, https:\/\/ecole-ste-anne-asserac.fr\/wp-content\/uploads\/2017\/01\/IMG_3486.jpg 2048w\" sizes=\"auto, (max-width: 300px) 100vw, 300px\" \/><\/a><\/p>\n<p>&nbsp;<\/p>\n<p>&nbsp;<\/p>\n<p>miam!!!<\/p>\n<p>&nbsp;<\/p>\n<p>&nbsp;<\/p>\n<p>&nbsp;<\/p>\n<p>Puis les CP se sont transform\u00e9s en marmitons\u00a0 \u00e0 leur tour:<\/p>\n<p>&nbsp;<\/p>\n<p><a href=\"http:\/\/ecole-ste-anne-asserac.fr\/wp-content\/uploads\/2017\/01\/IMG_3464.jpg\"><img loading=\"lazy\" decoding=\"async\" class=\"size-medium wp-image-1200 alignright\" src=\"http:\/\/ecole-ste-anne-asserac.fr\/wp-content\/uploads\/2017\/01\/IMG_3464-225x300.jpg\" alt=\"\" width=\"225\" height=\"300\" srcset=\"https:\/\/ecole-ste-anne-asserac.fr\/wp-content\/uploads\/2017\/01\/IMG_3464-225x300.jpg 225w, https:\/\/ecole-ste-anne-asserac.fr\/wp-content\/uploads\/2017\/01\/IMG_3464-768x1024.jpg 768w, https:\/\/ecole-ste-anne-asserac.fr\/wp-content\/uploads\/2017\/01\/IMG_3464-600x800.jpg 600w, https:\/\/ecole-ste-anne-asserac.fr\/wp-content\/uploads\/2017\/01\/IMG_3464.jpg 1152w\" sizes=\"auto, (max-width: 225px) 100vw, 225px\" \/><\/a>Disposer une p\u00e2te dans un moule\u00a0 en laissant le papier de cuisson.<\/p>\n<p>&nbsp;<\/p>\n<p>&nbsp;<\/p>\n<p>&nbsp;<\/p>\n<p><a href=\"http:\/\/ecole-ste-anne-asserac.fr\/wp-content\/uploads\/2017\/01\/IMG_3465.jpg\"><img loading=\"lazy\" decoding=\"async\" class=\"alignleft size-medium wp-image-1201\" src=\"http:\/\/ecole-ste-anne-asserac.fr\/wp-content\/uploads\/2017\/01\/IMG_3465-225x300.jpg\" alt=\"\" width=\"225\" height=\"300\" srcset=\"https:\/\/ecole-ste-anne-asserac.fr\/wp-content\/uploads\/2017\/01\/IMG_3465-225x300.jpg 225w, https:\/\/ecole-ste-anne-asserac.fr\/wp-content\/uploads\/2017\/01\/IMG_3465-768x1024.jpg 768w, https:\/\/ecole-ste-anne-asserac.fr\/wp-content\/uploads\/2017\/01\/IMG_3465-600x800.jpg 600w, https:\/\/ecole-ste-anne-asserac.fr\/wp-content\/uploads\/2017\/01\/IMG_3465.jpg 1152w\" sizes=\"auto, (max-width: 225px) 100vw, 225px\" \/><\/a><\/p>\n<p>&nbsp;<\/p>\n<p>&nbsp;<\/p>\n<p>Piquer la p\u00e2te avec une fourchette.<\/p>\n<p><a href=\"http:\/\/ecole-ste-anne-asserac.fr\/wp-content\/uploads\/2017\/01\/IMG_3469.jpg\"><img loading=\"lazy\" decoding=\"async\" class=\"size-medium wp-image-1203 alignright\" src=\"http:\/\/ecole-ste-anne-asserac.fr\/wp-content\/uploads\/2017\/01\/IMG_3469-225x300.jpg\" alt=\"\" width=\"225\" height=\"300\" srcset=\"https:\/\/ecole-ste-anne-asserac.fr\/wp-content\/uploads\/2017\/01\/IMG_3469-225x300.jpg 225w, https:\/\/ecole-ste-anne-asserac.fr\/wp-content\/uploads\/2017\/01\/IMG_3469-768x1024.jpg 768w, https:\/\/ecole-ste-anne-asserac.fr\/wp-content\/uploads\/2017\/01\/IMG_3469-600x800.jpg 600w, https:\/\/ecole-ste-anne-asserac.fr\/wp-content\/uploads\/2017\/01\/IMG_3469.jpg 1152w\" sizes=\"auto, (max-width: 225px) 100vw, 225px\" \/><\/a><a href=\"http:\/\/ecole-ste-anne-asserac.fr\/wp-content\/uploads\/2017\/01\/IMG_3473.jpg\"><img loading=\"lazy\" decoding=\"async\" class=\"alignleft size-medium wp-image-1206\" src=\"http:\/\/ecole-ste-anne-asserac.fr\/wp-content\/uploads\/2017\/01\/IMG_3473-300x225.jpg\" alt=\"\" width=\"300\" height=\"225\" srcset=\"https:\/\/ecole-ste-anne-asserac.fr\/wp-content\/uploads\/2017\/01\/IMG_3473-300x225.jpg 300w, https:\/\/ecole-ste-anne-asserac.fr\/wp-content\/uploads\/2017\/01\/IMG_3473-768x576.jpg 768w, https:\/\/ecole-ste-anne-asserac.fr\/wp-content\/uploads\/2017\/01\/IMG_3473-1024x768.jpg 1024w, https:\/\/ecole-ste-anne-asserac.fr\/wp-content\/uploads\/2017\/01\/IMG_3473-600x450.jpg 600w, https:\/\/ecole-ste-anne-asserac.fr\/wp-content\/uploads\/2017\/01\/IMG_3473.jpg 2048w\" sizes=\"auto, (max-width: 300px) 100vw, 300px\" \/><\/a><a href=\"http:\/\/ecole-ste-anne-asserac.fr\/wp-content\/uploads\/2017\/01\/IMG_3472.jpg\"><img loading=\"lazy\" decoding=\"async\" class=\"size-medium wp-image-1204 alignright\" src=\"http:\/\/ecole-ste-anne-asserac.fr\/wp-content\/uploads\/2017\/01\/IMG_3472-300x225.jpg\" alt=\"\" width=\"300\" height=\"225\" srcset=\"https:\/\/ecole-ste-anne-asserac.fr\/wp-content\/uploads\/2017\/01\/IMG_3472-300x225.jpg 300w, https:\/\/ecole-ste-anne-asserac.fr\/wp-content\/uploads\/2017\/01\/IMG_3472-768x576.jpg 768w, https:\/\/ecole-ste-anne-asserac.fr\/wp-content\/uploads\/2017\/01\/IMG_3472-1024x768.jpg 1024w, https:\/\/ecole-ste-anne-asserac.fr\/wp-content\/uploads\/2017\/01\/IMG_3472-600x450.jpg 600w, https:\/\/ecole-ste-anne-asserac.fr\/wp-content\/uploads\/2017\/01\/IMG_3472.jpg 2048w\" sizes=\"auto, (max-width: 300px) 100vw, 300px\" \/><\/a><\/p>\n<p>&nbsp;<\/p>\n<p>&nbsp;<\/p>\n<p>&nbsp;<\/p>\n<p>&nbsp;<\/p>\n<p>&nbsp;<\/p>\n<p>Dans un saladier, m\u00e9langer la poudre d&rsquo;amandes,<\/p>\n<p>&nbsp;<\/p>\n<p>&nbsp;<\/p>\n<p>&nbsp;<\/p>\n<p>&nbsp;<\/p>\n<p>le beurre mou<\/p>\n<p>et\u00a0 le sucre<\/p>\n<p>&nbsp;<\/p>\n<p>&nbsp;<\/p>\n<p>&nbsp;<\/p>\n<p><a href=\"http:\/\/ecole-ste-anne-asserac.fr\/wp-content\/uploads\/2017\/01\/IMG_3475.jpg\"><img loading=\"lazy\" decoding=\"async\" class=\"alignleft size-medium wp-image-1207\" src=\"http:\/\/ecole-ste-anne-asserac.fr\/wp-content\/uploads\/2017\/01\/IMG_3475-225x300.jpg\" alt=\"\" width=\"225\" height=\"300\" srcset=\"https:\/\/ecole-ste-anne-asserac.fr\/wp-content\/uploads\/2017\/01\/IMG_3475-225x300.jpg 225w, https:\/\/ecole-ste-anne-asserac.fr\/wp-content\/uploads\/2017\/01\/IMG_3475-768x1024.jpg 768w, https:\/\/ecole-ste-anne-asserac.fr\/wp-content\/uploads\/2017\/01\/IMG_3475-600x800.jpg 600w, https:\/\/ecole-ste-anne-asserac.fr\/wp-content\/uploads\/2017\/01\/IMG_3475.jpg 1152w\" sizes=\"auto, (max-width: 225px) 100vw, 225px\" \/><\/a><a href=\"http:\/\/ecole-ste-anne-asserac.fr\/wp-content\/uploads\/2017\/01\/IMG_3474.jpg\"><img loading=\"lazy\" decoding=\"async\" class=\"size-medium wp-image-1205 alignright\" src=\"http:\/\/ecole-ste-anne-asserac.fr\/wp-content\/uploads\/2017\/01\/IMG_3474-225x300.jpg\" alt=\"\" width=\"225\" height=\"300\" srcset=\"https:\/\/ecole-ste-anne-asserac.fr\/wp-content\/uploads\/2017\/01\/IMG_3474-225x300.jpg 225w, https:\/\/ecole-ste-anne-asserac.fr\/wp-content\/uploads\/2017\/01\/IMG_3474-768x1024.jpg 768w, https:\/\/ecole-ste-anne-asserac.fr\/wp-content\/uploads\/2017\/01\/IMG_3474-600x800.jpg 600w, https:\/\/ecole-ste-anne-asserac.fr\/wp-content\/uploads\/2017\/01\/IMG_3474.jpg 1152w\" sizes=\"auto, (max-width: 225px) 100vw, 225px\" \/><\/a><a href=\"http:\/\/ecole-ste-anne-asserac.fr\/wp-content\/uploads\/2017\/01\/IMG_3476.jpg\"><img loading=\"lazy\" decoding=\"async\" class=\"size-medium wp-image-1209 alignleft\" src=\"http:\/\/ecole-ste-anne-asserac.fr\/wp-content\/uploads\/2017\/01\/IMG_3476-225x300.jpg\" alt=\"\" width=\"225\" height=\"300\" srcset=\"https:\/\/ecole-ste-anne-asserac.fr\/wp-content\/uploads\/2017\/01\/IMG_3476-225x300.jpg 225w, https:\/\/ecole-ste-anne-asserac.fr\/wp-content\/uploads\/2017\/01\/IMG_3476-768x1024.jpg 768w, https:\/\/ecole-ste-anne-asserac.fr\/wp-content\/uploads\/2017\/01\/IMG_3476-600x800.jpg 600w, https:\/\/ecole-ste-anne-asserac.fr\/wp-content\/uploads\/2017\/01\/IMG_3476.jpg 1152w\" sizes=\"auto, (max-width: 225px) 100vw, 225px\" \/><\/a>un oeuf.<\/p>\n<p>&nbsp;<\/p>\n<p>&nbsp;<\/p>\n<p>&nbsp;<\/p>\n<p>&nbsp;<\/p>\n<p>&nbsp;<\/p>\n<p>&nbsp;<\/p>\n<p>&nbsp;<\/p>\n<p>&nbsp;<\/p>\n<p>&nbsp;<\/p>\n<p>M\u00e9langer<\/p>\n<p>&nbsp;<\/p>\n<p>&nbsp;<\/p>\n<p>&nbsp;<\/p>\n<p><a href=\"http:\/\/ecole-ste-anne-asserac.fr\/wp-content\/uploads\/2017\/01\/IMG_3479.jpg\"><img loading=\"lazy\" decoding=\"async\" class=\"size-medium wp-image-1211 alignright\" src=\"http:\/\/ecole-ste-anne-asserac.fr\/wp-content\/uploads\/2017\/01\/IMG_3479-225x300.jpg\" alt=\"\" width=\"225\" height=\"300\" srcset=\"https:\/\/ecole-ste-anne-asserac.fr\/wp-content\/uploads\/2017\/01\/IMG_3479-225x300.jpg 225w, https:\/\/ecole-ste-anne-asserac.fr\/wp-content\/uploads\/2017\/01\/IMG_3479-768x1024.jpg 768w, https:\/\/ecole-ste-anne-asserac.fr\/wp-content\/uploads\/2017\/01\/IMG_3479-600x800.jpg 600w, https:\/\/ecole-ste-anne-asserac.fr\/wp-content\/uploads\/2017\/01\/IMG_3479.jpg 1152w\" sizes=\"auto, (max-width: 225px) 100vw, 225px\" \/><\/a><a href=\"http:\/\/ecole-ste-anne-asserac.fr\/wp-content\/uploads\/2017\/01\/IMG_3480.jpg\"><img loading=\"lazy\" decoding=\"async\" class=\"alignleft size-medium wp-image-1212\" src=\"http:\/\/ecole-ste-anne-asserac.fr\/wp-content\/uploads\/2017\/01\/IMG_3480-225x300.jpg\" alt=\"\" width=\"225\" height=\"300\" srcset=\"https:\/\/ecole-ste-anne-asserac.fr\/wp-content\/uploads\/2017\/01\/IMG_3480-225x300.jpg 225w, https:\/\/ecole-ste-anne-asserac.fr\/wp-content\/uploads\/2017\/01\/IMG_3480-768x1024.jpg 768w, https:\/\/ecole-ste-anne-asserac.fr\/wp-content\/uploads\/2017\/01\/IMG_3480-600x800.jpg 600w, https:\/\/ecole-ste-anne-asserac.fr\/wp-content\/uploads\/2017\/01\/IMG_3480.jpg 1152w\" sizes=\"auto, (max-width: 225px) 100vw, 225px\" \/><\/a><\/p>\n<p>&nbsp;<\/p>\n<p>&nbsp;<\/p>\n<p>M\u00e9langer&#8230;<\/p>\n<p>&nbsp;<\/p>\n<p>&nbsp;<\/p>\n<p>&nbsp;<\/p>\n<p>&nbsp;<\/p>\n<p>&nbsp;<\/p>\n<p>M\u00e9langer&#8230;..<\/p>\n<p>&nbsp;<\/p>\n<p>&nbsp;<\/p>\n<p>&nbsp;<\/p>\n<p>&nbsp;<\/p>\n<p>&nbsp;<\/p>\n<p>&nbsp;<\/p>\n<p>&nbsp;<\/p>\n<p>&nbsp;<\/p>\n<p>&nbsp;<\/p>\n<p><a href=\"http:\/\/ecole-ste-anne-asserac.fr\/wp-content\/uploads\/2017\/01\/IMG_3482.jpg\"><img loading=\"lazy\" decoding=\"async\" class=\"size-medium wp-image-1213 alignright\" src=\"http:\/\/ecole-ste-anne-asserac.fr\/wp-content\/uploads\/2017\/01\/IMG_3482-225x300.jpg\" alt=\"\" width=\"225\" height=\"300\" srcset=\"https:\/\/ecole-ste-anne-asserac.fr\/wp-content\/uploads\/2017\/01\/IMG_3482-225x300.jpg 225w, https:\/\/ecole-ste-anne-asserac.fr\/wp-content\/uploads\/2017\/01\/IMG_3482-768x1024.jpg 768w, https:\/\/ecole-ste-anne-asserac.fr\/wp-content\/uploads\/2017\/01\/IMG_3482-600x800.jpg 600w, https:\/\/ecole-ste-anne-asserac.fr\/wp-content\/uploads\/2017\/01\/IMG_3482.jpg 1152w\" sizes=\"auto, (max-width: 225px) 100vw, 225px\" \/><\/a><\/p>\n<p style=\"text-align: right;\">\u00c9taler le contenu du saladier sur la p\u00e2te.<\/p>\n<p><a href=\"http:\/\/ecole-ste-anne-asserac.fr\/wp-content\/uploads\/2017\/01\/IMG_3468.jpg\"><img loading=\"lazy\" decoding=\"async\" class=\"alignleft size-medium wp-image-1202\" src=\"http:\/\/ecole-ste-anne-asserac.fr\/wp-content\/uploads\/2017\/01\/IMG_3468-225x300.jpg\" alt=\"\" width=\"225\" height=\"300\" srcset=\"https:\/\/ecole-ste-anne-asserac.fr\/wp-content\/uploads\/2017\/01\/IMG_3468-225x300.jpg 225w, https:\/\/ecole-ste-anne-asserac.fr\/wp-content\/uploads\/2017\/01\/IMG_3468-768x1024.jpg 768w, https:\/\/ecole-ste-anne-asserac.fr\/wp-content\/uploads\/2017\/01\/IMG_3468-600x800.jpg 600w, https:\/\/ecole-ste-anne-asserac.fr\/wp-content\/uploads\/2017\/01\/IMG_3468.jpg 1152w\" sizes=\"auto, (max-width: 225px) 100vw, 225px\" \/><\/a><\/p>\n<p>&nbsp;<\/p>\n<p>&nbsp;<\/p>\n<p>Refermer la galette avec la deuxi\u00e8me p\u00e2te .<\/p>\n<p>&nbsp;<\/p>\n<p>&nbsp;<\/p>\n<p>&nbsp;<\/p>\n<p>&nbsp;<\/p>\n<p>&nbsp;<\/p>\n<p>&nbsp;<\/p>\n<p>&nbsp;<\/p>\n<p style=\"text-align: right;\">R\u00e9sultat apr\u00e8s 30 minutes de cuisson.<\/p>\n<p><a href=\"http:\/\/ecole-ste-anne-asserac.fr\/wp-content\/uploads\/2017\/01\/IMG_3484.jpg\"><img loading=\"lazy\" decoding=\"async\" class=\"size-medium wp-image-1215 alignright\" src=\"http:\/\/ecole-ste-anne-asserac.fr\/wp-content\/uploads\/2017\/01\/IMG_3484-300x225.jpg\" alt=\"\" width=\"300\" height=\"225\" srcset=\"https:\/\/ecole-ste-anne-asserac.fr\/wp-content\/uploads\/2017\/01\/IMG_3484-300x225.jpg 300w, https:\/\/ecole-ste-anne-asserac.fr\/wp-content\/uploads\/2017\/01\/IMG_3484-768x576.jpg 768w, https:\/\/ecole-ste-anne-asserac.fr\/wp-content\/uploads\/2017\/01\/IMG_3484-1024x768.jpg 1024w, https:\/\/ecole-ste-anne-asserac.fr\/wp-content\/uploads\/2017\/01\/IMG_3484-600x450.jpg 600w, https:\/\/ecole-ste-anne-asserac.fr\/wp-content\/uploads\/2017\/01\/IMG_3484.jpg 2048w\" sizes=\"auto, (max-width: 300px) 100vw, 300px\" \/><\/a><\/p>\n<p>&nbsp;<\/p>\n<p><a href=\"http:\/\/ecole-ste-anne-asserac.fr\/wp-content\/uploads\/2017\/01\/IMG_3487.jpg\"><img loading=\"lazy\" decoding=\"async\" class=\"alignleft size-medium wp-image-1219\" src=\"http:\/\/ecole-ste-anne-asserac.fr\/wp-content\/uploads\/2017\/01\/IMG_3487-300x225.jpg\" alt=\"\" width=\"300\" height=\"225\" srcset=\"https:\/\/ecole-ste-anne-asserac.fr\/wp-content\/uploads\/2017\/01\/IMG_3487-300x225.jpg 300w, https:\/\/ecole-ste-anne-asserac.fr\/wp-content\/uploads\/2017\/01\/IMG_3487-768x576.jpg 768w, https:\/\/ecole-ste-anne-asserac.fr\/wp-content\/uploads\/2017\/01\/IMG_3487-1024x768.jpg 1024w, https:\/\/ecole-ste-anne-asserac.fr\/wp-content\/uploads\/2017\/01\/IMG_3487-600x450.jpg 600w, https:\/\/ecole-ste-anne-asserac.fr\/wp-content\/uploads\/2017\/01\/IMG_3487.jpg 2048w\" sizes=\"auto, (max-width: 300px) 100vw, 300px\" \/><\/a><\/p>\n<p>Nous avons tir\u00e9 les rois\u00a0 .<\/p>\n<p>&nbsp;<\/p>\n<p>&nbsp;<\/p>\n<p>&nbsp;<\/p>\n<p><a href=\"http:\/\/ecole-ste-anne-asserac.fr\/wp-content\/uploads\/2017\/01\/IMG_3491.jpg\"><img loading=\"lazy\" decoding=\"async\" class=\"size-medium wp-image-1222 alignright\" src=\"http:\/\/ecole-ste-anne-asserac.fr\/wp-content\/uploads\/2017\/01\/IMG_3491-300x225.jpg\" alt=\"\" width=\"300\" height=\"225\" srcset=\"https:\/\/ecole-ste-anne-asserac.fr\/wp-content\/uploads\/2017\/01\/IMG_3491-300x225.jpg 300w, https:\/\/ecole-ste-anne-asserac.fr\/wp-content\/uploads\/2017\/01\/IMG_3491-768x576.jpg 768w, https:\/\/ecole-ste-anne-asserac.fr\/wp-content\/uploads\/2017\/01\/IMG_3491-1024x768.jpg 1024w, https:\/\/ecole-ste-anne-asserac.fr\/wp-content\/uploads\/2017\/01\/IMG_3491-600x450.jpg 600w, https:\/\/ecole-ste-anne-asserac.fr\/wp-content\/uploads\/2017\/01\/IMG_3491.jpg 2048w\" sizes=\"auto, (max-width: 300px) 100vw, 300px\" \/><\/a> <a href=\"http:\/\/ecole-ste-anne-asserac.fr\/wp-content\/uploads\/2017\/01\/IMG_3490.jpg\"><img loading=\"lazy\" decoding=\"async\" class=\"alignleft size-medium wp-image-1221\" src=\"http:\/\/ecole-ste-anne-asserac.fr\/wp-content\/uploads\/2017\/01\/IMG_3490-300x225.jpg\" alt=\"\" width=\"300\" height=\"225\" srcset=\"https:\/\/ecole-ste-anne-asserac.fr\/wp-content\/uploads\/2017\/01\/IMG_3490-300x225.jpg 300w, https:\/\/ecole-ste-anne-asserac.fr\/wp-content\/uploads\/2017\/01\/IMG_3490-768x576.jpg 768w, https:\/\/ecole-ste-anne-asserac.fr\/wp-content\/uploads\/2017\/01\/IMG_3490-1024x768.jpg 1024w, https:\/\/ecole-ste-anne-asserac.fr\/wp-content\/uploads\/2017\/01\/IMG_3490-600x450.jpg 600w, https:\/\/ecole-ste-anne-asserac.fr\/wp-content\/uploads\/2017\/01\/IMG_3490.jpg 2048w\" sizes=\"auto, (max-width: 300px) 100vw, 300px\" \/><\/a> <a href=\"http:\/\/ecole-ste-anne-asserac.fr\/wp-content\/uploads\/2017\/01\/IMG_3495.jpg\"><img loading=\"lazy\" decoding=\"async\" class=\"alignleft size-medium wp-image-1224\" src=\"http:\/\/ecole-ste-anne-asserac.fr\/wp-content\/uploads\/2017\/01\/IMG_3495-225x300.jpg\" alt=\"\" width=\"225\" height=\"300\" srcset=\"https:\/\/ecole-ste-anne-asserac.fr\/wp-content\/uploads\/2017\/01\/IMG_3495-225x300.jpg 225w, https:\/\/ecole-ste-anne-asserac.fr\/wp-content\/uploads\/2017\/01\/IMG_3495-768x1024.jpg 768w, https:\/\/ecole-ste-anne-asserac.fr\/wp-content\/uploads\/2017\/01\/IMG_3495-600x800.jpg 600w, https:\/\/ecole-ste-anne-asserac.fr\/wp-content\/uploads\/2017\/01\/IMG_3495.jpg 1152w\" sizes=\"auto, (max-width: 225px) 100vw, 225px\" \/><\/a><\/p>\n<p>&nbsp;<\/p>\n<p>&nbsp;<\/p>\n<p>&nbsp;<\/p>\n<p>&nbsp;<\/p>\n<p>&nbsp;<\/p>\n<p>&nbsp;<\/p>\n<p>&nbsp;<\/p>\n<p>&nbsp;<\/p>\n<p>&nbsp;<\/p>\n<p>&nbsp;<\/p>\n<p>&nbsp;<\/p>\n<p>&nbsp;<\/p>\n<p>&nbsp;<\/p>\n<p style=\"text-align: center;\">Notre\u00a0 reine : M\u00e9lina!<a href=\"http:\/\/ecole-ste-anne-asserac.fr\/wp-content\/uploads\/2017\/01\/IMG_3496.jpg\"><img loading=\"lazy\" decoding=\"async\" class=\"size-medium wp-image-1225 alignright\" src=\"http:\/\/ecole-ste-anne-asserac.fr\/wp-content\/uploads\/2017\/01\/IMG_3496-225x300.jpg\" alt=\"\" width=\"225\" height=\"300\" srcset=\"https:\/\/ecole-ste-anne-asserac.fr\/wp-content\/uploads\/2017\/01\/IMG_3496-225x300.jpg 225w, https:\/\/ecole-ste-anne-asserac.fr\/wp-content\/uploads\/2017\/01\/IMG_3496-768x1024.jpg 768w, https:\/\/ecole-ste-anne-asserac.fr\/wp-content\/uploads\/2017\/01\/IMG_3496-600x800.jpg 600w, https:\/\/ecole-ste-anne-asserac.fr\/wp-content\/uploads\/2017\/01\/IMG_3496.jpg 1152w\" sizes=\"auto, (max-width: 225px) 100vw, 225px\" \/><\/a><\/p>\n<p style=\"text-align: center;\">Notre roi\u00a0 : Ronan !<\/p>\n","protected":false},"excerpt":{"rendered":"<p>CP et Ce1 se sont mis \u00e0 lire la recette de la galette afin de pouvoir se mettre \u00e0 cuisiner. La motivation \u00e9tait au rendez-vous! Vous pouvez retrouver la recette en cliquant sur ce lien :\u00a0 recette_galette_roi_1 &nbsp; Les CE1 ont commenc\u00e9 \u00e0 confectionner\u00a0 une premi\u00e8re galette . &nbsp; &nbsp; \u00c9taler. &nbsp; &nbsp; &nbsp; &nbsp;<\/p>\n<p><a href=\"https:\/\/ecole-ste-anne-asserac.fr\/?p=1189\" class=\"more-link themebutton\">Lire la suite<\/a><\/p>\n","protected":false},"author":4,"featured_media":0,"comment_status":"closed","ping_status":"closed","sticky":false,"template":"","format":"standard","meta":{"ngg_post_thumbnail":0,"footnotes":""},"categories":[6],"tags":[],"class_list":["post-1189","post","type-post","status-publish","format-standard","hentry","category-classe-de-cp-ce1"],"_links":{"self":[{"href":"https:\/\/ecole-ste-anne-asserac.fr\/index.php?rest_route=\/wp\/v2\/posts\/1189","targetHints":{"allow":["GET"]}}],"collection":[{"href":"https:\/\/ecole-ste-anne-asserac.fr\/index.php?rest_route=\/wp\/v2\/posts"}],"about":[{"href":"https:\/\/ecole-ste-anne-asserac.fr\/index.php?rest_route=\/wp\/v2\/types\/post"}],"author":[{"embeddable":true,"href":"https:\/\/ecole-ste-anne-asserac.fr\/index.php?rest_route=\/wp\/v2\/users\/4"}],"replies":[{"embeddable":true,"href":"https:\/\/ecole-ste-anne-asserac.fr\/index.php?rest_route=%2Fwp%2Fv2%2Fcomments&post=1189"}],"version-history":[{"count":0,"href":"https:\/\/ecole-ste-anne-asserac.fr\/index.php?rest_route=\/wp\/v2\/posts\/1189\/revisions"}],"wp:attachment":[{"href":"https:\/\/ecole-ste-anne-asserac.fr\/index.php?rest_route=%2Fwp%2Fv2%2Fmedia&parent=1189"}],"wp:term":[{"taxonomy":"category","embeddable":true,"href":"https:\/\/ecole-ste-anne-asserac.fr\/index.php?rest_route=%2Fwp%2Fv2%2Fcategories&post=1189"},{"taxonomy":"post_tag","embeddable":true,"href":"https:\/\/ecole-ste-anne-asserac.fr\/index.php?rest_route=%2Fwp%2Fv2%2Ftags&post=1189"}],"curies":[{"name":"wp","href":"https:\/\/api.w.org\/{rel}","templated":true}]}}