{"id":136,"date":"2014-11-17T21:15:02","date_gmt":"2014-11-17T20:15:02","guid":{"rendered":"http:\/\/ecole-ste-anne-asserac.fr\/?p=136"},"modified":"2014-11-17T21:15:02","modified_gmt":"2014-11-17T20:15:02","slug":"destination-guadeloupe-pour-lecole-sainte-anne","status":"publish","type":"post","link":"https:\/\/ecole-ste-anne-asserac.fr\/?p=136","title":{"rendered":"Destination Guadeloupe pour l&rsquo;\u00e9cole Sainte Anne"},"content":{"rendered":"<p style=\"text-align: left;\" align=\"CENTER\"><a href=\"http:\/\/ecole-ste-anne-asserac.fr\/wp-content\/uploads\/2014\/11\/Erwan-course-du-rhum.jpg\"><img loading=\"lazy\" decoding=\"async\" class=\"aligncenter size-medium wp-image-138\" src=\"http:\/\/ecole-ste-anne-asserac.fr\/wp-content\/uploads\/2014\/11\/Erwan-course-du-rhum-300x225.jpg\" alt=\"Erwan-course-du-rhum\" width=\"300\" height=\"225\" srcset=\"https:\/\/ecole-ste-anne-asserac.fr\/wp-content\/uploads\/2014\/11\/Erwan-course-du-rhum-300x225.jpg 300w, https:\/\/ecole-ste-anne-asserac.fr\/wp-content\/uploads\/2014\/11\/Erwan-course-du-rhum-600x450.jpg 600w, https:\/\/ecole-ste-anne-asserac.fr\/wp-content\/uploads\/2014\/11\/Erwan-course-du-rhum.jpg 1024w\" sizes=\"auto, (max-width: 300px) 100vw, 300px\" \/><\/a>Jeudi 6 novembre, l&rsquo;\u00e9cole Sainte Anne d&rsquo;Ass\u00e9rac a invit\u00e9 le directeur technique de Ma\u00eetre Coq , bateau de J\u00e9r\u00e9mie Beyou. Le pr\u00e9parateur s&rsquo;appelle Erwan Steff, il a 41 ans et cela fait environ 20 ans qu&rsquo;il pr\u00e9pare des bateaux. Sur le bateau il s&rsquo;occupe de la m\u00e9canique et de l&rsquo;\u00e9lectronique. Ils sont 4 \u00e0 pr\u00e9parer le bateau. Ils commencent \u00e0 pr\u00e9parer le voilier 2 ans avant la course.<\/p>\n<p align=\"LEFT\"><span style=\"font-family: Garamond, serif;\"><span style=\"font-size: large;\">Le bateau de J\u00e9r\u00e9mie Beyou est un monocoque appel\u00e9 aussi \u00ab\u00a0Imoca\u00a0\u00bb. Il p\u00e8se 8 tonnes, mesure 18,28 m\u00e8tres de long et 5,85 m\u00e8tres de large. La voile mesure 560 m2 et la quille, qui permet de tenir le bateau en \u00e9quilibre, fait 4,50 m de profondeur. Le bateau peut aller jusqu&rsquo;\u00e0 27 n\u0153uds. Il a \u00e9t\u00e9 con\u00e7u par M. Verdier, architecte fran\u00e7ais. Le voilier a 5 ans et a d\u00e9j\u00e0 parcouru l&rsquo; \u00e9quivalent de 2 tours du monde\u00a0!<\/span><\/span><\/p>\n<p align=\"LEFT\"><span style=\"font-family: Garamond, serif;\"><span style=\"font-size: large;\">La destination de la course est la Guadeloupe. 92 skippers sont partis Dimanche de Saint-Malo. Pour les plus rapides, il faudra 1 semaine. Erwan Steff a fait go\u00fbter aux CE2,CM1,CM2 des plats lyophilis\u00e9s que le skippers mange. Il a aussi montr\u00e9 en photo la \u00ab\u00a0chambre\u00a0\u00bb et la \u00ab\u00a0cuisine\u00a0\u00bb. Les skippers dorment 20 minutes \u00e0 chaque fois, en tout de 2 \u00e0 4 heures seulement par jour\u00a0!<\/span><\/span><\/p>\n<p align=\"LEFT\"><span style=\"font-family: Garamond, serif;\"><span style=\"font-size: large;\">Les 45 \u00e9l\u00e8ves des 2 classes ont ador\u00e9 cette journ\u00e9e.<\/span><\/span><\/p>\n<p align=\"RIGHT\"><span style=\"font-family: Garamond, serif;\"><span style=\"font-size: large;\">Lilas,\u00a0<\/span><\/span><em>CM2<\/em><\/p>\n","protected":false},"excerpt":{"rendered":"<p>Jeudi 6 novembre, l&rsquo;\u00e9cole Sainte Anne d&rsquo;Ass\u00e9rac a invit\u00e9 le directeur technique de Ma\u00eetre Coq , bateau de J\u00e9r\u00e9mie Beyou. Le pr\u00e9parateur s&rsquo;appelle Erwan Steff, il a 41 ans et cela fait environ 20 ans qu&rsquo;il pr\u00e9pare des bateaux. Sur le bateau il s&rsquo;occupe de la m\u00e9canique et de l&rsquo;\u00e9lectronique. Ils sont 4 \u00e0 pr\u00e9parer<\/p>\n<p><a href=\"https:\/\/ecole-ste-anne-asserac.fr\/?p=136\" class=\"more-link themebutton\">Lire la suite<\/a><\/p>\n","protected":false},"author":3,"featured_media":0,"comment_status":"closed","ping_status":"closed","sticky":false,"template":"","format":"standard","meta":{"ngg_post_thumbnail":0,"footnotes":""},"categories":[8],"tags":[],"class_list":["post-136","post","type-post","status-publish","format-standard","hentry","category-classe-de-cm1-cm2"],"_links":{"self":[{"href":"https:\/\/ecole-ste-anne-asserac.fr\/index.php?rest_route=\/wp\/v2\/posts\/136","targetHints":{"allow":["GET"]}}],"collection":[{"href":"https:\/\/ecole-ste-anne-asserac.fr\/index.php?rest_route=\/wp\/v2\/posts"}],"about":[{"href":"https:\/\/ecole-ste-anne-asserac.fr\/index.php?rest_route=\/wp\/v2\/types\/post"}],"author":[{"embeddable":true,"href":"https:\/\/ecole-ste-anne-asserac.fr\/index.php?rest_route=\/wp\/v2\/users\/3"}],"replies":[{"embeddable":true,"href":"https:\/\/ecole-ste-anne-asserac.fr\/index.php?rest_route=%2Fwp%2Fv2%2Fcomments&post=136"}],"version-history":[{"count":0,"href":"https:\/\/ecole-ste-anne-asserac.fr\/index.php?rest_route=\/wp\/v2\/posts\/136\/revisions"}],"wp:attachment":[{"href":"https:\/\/ecole-ste-anne-asserac.fr\/index.php?rest_route=%2Fwp%2Fv2%2Fmedia&parent=136"}],"wp:term":[{"taxonomy":"category","embeddable":true,"href":"https:\/\/ecole-ste-anne-asserac.fr\/index.php?rest_route=%2Fwp%2Fv2%2Fcategories&post=136"},{"taxonomy":"post_tag","embeddable":true,"href":"https:\/\/ecole-ste-anne-asserac.fr\/index.php?rest_route=%2Fwp%2Fv2%2Ftags&post=136"}],"curies":[{"name":"wp","href":"https:\/\/api.w.org\/{rel}","templated":true}]}}