{"id":155,"date":"2014-12-01T09:20:42","date_gmt":"2014-12-01T08:20:42","guid":{"rendered":"http:\/\/ecole-ste-anne-asserac.fr\/?p=155"},"modified":"2014-12-01T09:20:54","modified_gmt":"2014-12-01T08:20:54","slug":"preparatifs-du-marche-de-noel","status":"publish","type":"post","link":"https:\/\/ecole-ste-anne-asserac.fr\/?p=155","title":{"rendered":"Pr\u00e9paratifs du March\u00e9 de No\u00ebl"},"content":{"rendered":"<p>Tous les enfants pr\u00e9parent activement le march\u00e9 de No\u00ebl du vendredi 12 D\u00e9cembre prochain.<\/p>\n","protected":false},"excerpt":{"rendered":"<p>Tous les enfants pr\u00e9parent activement le march\u00e9 de No\u00ebl du vendredi 12 D\u00e9cembre prochain.<\/p>\n","protected":false},"author":8,"featured_media":0,"comment_status":"closed","ping_status":"closed","sticky":false,"template":"","format":"standard","meta":{"ngg_post_thumbnail":0,"footnotes":""},"categories":[11],"tags":[],"class_list":["post-155","post","type-post","status-publish","format-standard","hentry","category-actualite"],"_links":{"self":[{"href":"https:\/\/ecole-ste-anne-asserac.fr\/index.php?rest_route=\/wp\/v2\/posts\/155","targetHints":{"allow":["GET"]}}],"collection":[{"href":"https:\/\/ecole-ste-anne-asserac.fr\/index.php?rest_route=\/wp\/v2\/posts"}],"about":[{"href":"https:\/\/ecole-ste-anne-asserac.fr\/index.php?rest_route=\/wp\/v2\/types\/post"}],"author":[{"embeddable":true,"href":"https:\/\/ecole-ste-anne-asserac.fr\/index.php?rest_route=\/wp\/v2\/users\/8"}],"replies":[{"embeddable":true,"href":"https:\/\/ecole-ste-anne-asserac.fr\/index.php?rest_route=%2Fwp%2Fv2%2Fcomments&post=155"}],"version-history":[{"count":0,"href":"https:\/\/ecole-ste-anne-asserac.fr\/index.php?rest_route=\/wp\/v2\/posts\/155\/revisions"}],"wp:attachment":[{"href":"https:\/\/ecole-ste-anne-asserac.fr\/index.php?rest_route=%2Fwp%2Fv2%2Fmedia&parent=155"}],"wp:term":[{"taxonomy":"category","embeddable":true,"href":"https:\/\/ecole-ste-anne-asserac.fr\/index.php?rest_route=%2Fwp%2Fv2%2Fcategories&post=155"},{"taxonomy":"post_tag","embeddable":true,"href":"https:\/\/ecole-ste-anne-asserac.fr\/index.php?rest_route=%2Fwp%2Fv2%2Ftags&post=155"}],"curies":[{"name":"wp","href":"https:\/\/api.w.org\/{rel}","templated":true}]}}