{"id":159,"date":"2014-12-18T00:28:27","date_gmt":"2014-12-17T23:28:27","guid":{"rendered":"http:\/\/ecole-ste-anne-asserac.fr\/?p=159"},"modified":"2014-12-18T00:30:47","modified_gmt":"2014-12-17T23:30:47","slug":"quart-dheure-philosophique","status":"publish","type":"post","link":"https:\/\/ecole-ste-anne-asserac.fr\/?p=159","title":{"rendered":"quart d&rsquo;heure philosophique"},"content":{"rendered":"<p style=\"text-align: left;\"><a href=\"http:\/\/ecole-ste-anne-asserac.fr\/wp-content\/uploads\/2014\/12\/IMG_3288.jpg\"><img loading=\"lazy\" decoding=\"async\" class=\"alignleft size-medium wp-image-160\" src=\"http:\/\/ecole-ste-anne-asserac.fr\/wp-content\/uploads\/2014\/12\/IMG_3288-300x225.jpg\" alt=\"IMG_3288\" width=\"300\" height=\"225\" srcset=\"https:\/\/ecole-ste-anne-asserac.fr\/wp-content\/uploads\/2014\/12\/IMG_3288-300x225.jpg 300w, https:\/\/ecole-ste-anne-asserac.fr\/wp-content\/uploads\/2014\/12\/IMG_3288-600x450.jpg 600w, https:\/\/ecole-ste-anne-asserac.fr\/wp-content\/uploads\/2014\/12\/IMG_3288.jpg 1024w\" sizes=\"auto, (max-width: 300px) 100vw, 300px\" \/><\/a>\u00a0\u00a0\u00a0\u00a0 Le jeudi en d\u00e9but d&rsquo;apr\u00e8s-midi les CE1 s&rsquo;installent pour un quart d&rsquo;heure philosophique.<\/p>\n<p style=\"text-align: left;\">\u00a0\u00a0\u00a0\u00a0\u00a0\u00a0\u00a0 Les enfants r\u00e9fl\u00e9chissent sur des th\u00e8mes comme par exemple\u00a0 le respect, grandir, la v\u00e9rit\u00e9, etc&#8230; Ils s&rsquo;expriment en respectant leur tour de parole. Cet atelier est men\u00e9 par Marie-Jeanne.<\/p>\n<p>&nbsp;<\/p>\n","protected":false},"excerpt":{"rendered":"<p>\u00a0\u00a0\u00a0\u00a0 Le jeudi en d\u00e9but d&rsquo;apr\u00e8s-midi les CE1 s&rsquo;installent pour un quart d&rsquo;heure philosophique. \u00a0\u00a0\u00a0\u00a0\u00a0\u00a0\u00a0 Les enfants r\u00e9fl\u00e9chissent sur des th\u00e8mes comme par exemple\u00a0 le respect, grandir, la v\u00e9rit\u00e9, etc&#8230; Ils s&rsquo;expriment en respectant leur tour de parole. Cet atelier est men\u00e9 par Marie-Jeanne. &nbsp;<\/p>\n","protected":false},"author":4,"featured_media":0,"comment_status":"closed","ping_status":"closed","sticky":false,"template":"","format":"standard","meta":{"ngg_post_thumbnail":0,"footnotes":""},"categories":[6],"tags":[],"class_list":["post-159","post","type-post","status-publish","format-standard","hentry","category-classe-de-cp-ce1"],"_links":{"self":[{"href":"https:\/\/ecole-ste-anne-asserac.fr\/index.php?rest_route=\/wp\/v2\/posts\/159","targetHints":{"allow":["GET"]}}],"collection":[{"href":"https:\/\/ecole-ste-anne-asserac.fr\/index.php?rest_route=\/wp\/v2\/posts"}],"about":[{"href":"https:\/\/ecole-ste-anne-asserac.fr\/index.php?rest_route=\/wp\/v2\/types\/post"}],"author":[{"embeddable":true,"href":"https:\/\/ecole-ste-anne-asserac.fr\/index.php?rest_route=\/wp\/v2\/users\/4"}],"replies":[{"embeddable":true,"href":"https:\/\/ecole-ste-anne-asserac.fr\/index.php?rest_route=%2Fwp%2Fv2%2Fcomments&post=159"}],"version-history":[{"count":0,"href":"https:\/\/ecole-ste-anne-asserac.fr\/index.php?rest_route=\/wp\/v2\/posts\/159\/revisions"}],"wp:attachment":[{"href":"https:\/\/ecole-ste-anne-asserac.fr\/index.php?rest_route=%2Fwp%2Fv2%2Fmedia&parent=159"}],"wp:term":[{"taxonomy":"category","embeddable":true,"href":"https:\/\/ecole-ste-anne-asserac.fr\/index.php?rest_route=%2Fwp%2Fv2%2Fcategories&post=159"},{"taxonomy":"post_tag","embeddable":true,"href":"https:\/\/ecole-ste-anne-asserac.fr\/index.php?rest_route=%2Fwp%2Fv2%2Ftags&post=159"}],"curies":[{"name":"wp","href":"https:\/\/api.w.org\/{rel}","templated":true}]}}