{"id":166,"date":"2014-12-18T01:15:45","date_gmt":"2014-12-18T00:15:45","guid":{"rendered":"http:\/\/ecole-ste-anne-asserac.fr\/?p=166"},"modified":"2014-12-18T01:15:45","modified_gmt":"2014-12-18T00:15:45","slug":"loup-y-es-tu","status":"publish","type":"post","link":"https:\/\/ecole-ste-anne-asserac.fr\/?p=166","title":{"rendered":"Loup y es-tu?"},"content":{"rendered":"<p><a href=\"http:\/\/ecole-ste-anne-asserac.fr\/wp-content\/uploads\/2014\/12\/IMG_3290.jpg\"><img loading=\"lazy\" decoding=\"async\" class=\"alignright wp-image-171 size-medium\" src=\"http:\/\/ecole-ste-anne-asserac.fr\/wp-content\/uploads\/2014\/12\/IMG_3290-300x225.jpg\" alt=\"IMG_3290\" width=\"300\" height=\"225\" srcset=\"https:\/\/ecole-ste-anne-asserac.fr\/wp-content\/uploads\/2014\/12\/IMG_3290-300x225.jpg 300w, https:\/\/ecole-ste-anne-asserac.fr\/wp-content\/uploads\/2014\/12\/IMG_3290-600x450.jpg 600w, https:\/\/ecole-ste-anne-asserac.fr\/wp-content\/uploads\/2014\/12\/IMG_3290.jpg 1024w\" sizes=\"auto, (max-width: 300px) 100vw, 300px\" \/><\/a><\/p>\n<p style=\"text-align: center;\">Vendredi 5 d\u00e9cembre, nous sommes all\u00e9s au spectacle du loup. C&rsquo;\u00e9tait la suite de l&rsquo;histoire des \u00ab\u00a03 petits cochons\u00a0\u00bb.<a href=\"http:\/\/ecole-ste-anne-asserac.fr\/wp-content\/uploads\/2014\/12\/loup.jpg\"><img loading=\"lazy\" decoding=\"async\" class=\"alignleft  wp-image-168\" src=\"http:\/\/ecole-ste-anne-asserac.fr\/wp-content\/uploads\/2014\/12\/loup-300x225.jpg\" alt=\"loup\" width=\"155\" height=\"116\" srcset=\"https:\/\/ecole-ste-anne-asserac.fr\/wp-content\/uploads\/2014\/12\/loup-300x225.jpg 300w, https:\/\/ecole-ste-anne-asserac.fr\/wp-content\/uploads\/2014\/12\/loup-600x450.jpg 600w, https:\/\/ecole-ste-anne-asserac.fr\/wp-content\/uploads\/2014\/12\/loup.jpg 1024w\" sizes=\"auto, (max-width: 155px) 100vw, 155px\" \/><\/a><\/p>\n<p>&nbsp;<\/p>\n<p>Dans cette histoire le loup est devenu gentil il ne mange plus de cochon mais \u00e0 la place il mange des spaghettis.<\/p>\n<p>\u00ab\u00a0Gentil\u00a0\u00bb : le plus petit des cochons a disparu. Le Loup et les 2 fr\u00e8res vont le chercher, ils soup\u00e7onnent le charcutier de l&rsquo;avoir enlev\u00e9. Ils d\u00e9couvrent \u00ab\u00a0Gentil\u00a0\u00bb dans une marmite.<a href=\"http:\/\/ecole-ste-anne-asserac.fr\/wp-content\/uploads\/2014\/12\/charcutier.jpg\"><img loading=\"lazy\" decoding=\"async\" class=\"alignleft  wp-image-169\" src=\"http:\/\/ecole-ste-anne-asserac.fr\/wp-content\/uploads\/2014\/12\/charcutier-300x225.jpg\" alt=\"charcutier\" width=\"201\" height=\"151\" srcset=\"https:\/\/ecole-ste-anne-asserac.fr\/wp-content\/uploads\/2014\/12\/charcutier-300x225.jpg 300w, https:\/\/ecole-ste-anne-asserac.fr\/wp-content\/uploads\/2014\/12\/charcutier-600x450.jpg 600w, https:\/\/ecole-ste-anne-asserac.fr\/wp-content\/uploads\/2014\/12\/charcutier.jpg 1024w\" sizes=\"auto, (max-width: 201px) 100vw, 201px\" \/><\/a><\/p>\n<p>Ils le d\u00e9livrent et rentrent chez eux avec le loup. Le charcutier arrive, les petits cochons ont peur et s&rsquo;enferment dans leur maison en brique \u00e0 double tour.<\/p>\n<p>Le loup se met \u00e0 jouer de son saxophone magique et il transporte le charcutier dans sa musique. Un c\u0153ur magique emballe le charcutier et il devient gentil.<a href=\"http:\/\/ecole-ste-anne-asserac.fr\/wp-content\/uploads\/2014\/12\/loup-joue-du-saxo-avec-les-cochons.jpg\"><img loading=\"lazy\" decoding=\"async\" class=\"alignright size-medium wp-image-170\" src=\"http:\/\/ecole-ste-anne-asserac.fr\/wp-content\/uploads\/2014\/12\/loup-joue-du-saxo-avec-les-cochons-300x225.jpg\" alt=\"loup joue du saxo avec les cochons\" width=\"300\" height=\"225\" srcset=\"https:\/\/ecole-ste-anne-asserac.fr\/wp-content\/uploads\/2014\/12\/loup-joue-du-saxo-avec-les-cochons-300x225.jpg 300w, https:\/\/ecole-ste-anne-asserac.fr\/wp-content\/uploads\/2014\/12\/loup-joue-du-saxo-avec-les-cochons-600x450.jpg 600w, https:\/\/ecole-ste-anne-asserac.fr\/wp-content\/uploads\/2014\/12\/loup-joue-du-saxo-avec-les-cochons.jpg 1024w\" sizes=\"auto, (max-width: 300px) 100vw, 300px\" \/><\/a><\/p>\n<p>\u00ab\u00a0Cette histoire nous a plu, mais c&rsquo;\u00e9tait trop court !\u00a0\u00bb<\/p>\n<p>LES CE1.<\/p>\n","protected":false},"excerpt":{"rendered":"<p>Vendredi 5 d\u00e9cembre, nous sommes all\u00e9s au spectacle du loup. C&rsquo;\u00e9tait la suite de l&rsquo;histoire des \u00ab\u00a03 petits cochons\u00a0\u00bb. &nbsp; Dans cette histoire le loup est devenu gentil il ne mange plus de cochon mais \u00e0 la place il mange des spaghettis. \u00ab\u00a0Gentil\u00a0\u00bb : le plus petit des cochons a disparu. Le Loup et les<\/p>\n<p><a href=\"https:\/\/ecole-ste-anne-asserac.fr\/?p=166\" class=\"more-link themebutton\">Lire la suite<\/a><\/p>\n","protected":false},"author":4,"featured_media":0,"comment_status":"closed","ping_status":"closed","sticky":false,"template":"","format":"standard","meta":{"ngg_post_thumbnail":0,"footnotes":""},"categories":[6],"tags":[],"class_list":["post-166","post","type-post","status-publish","format-standard","hentry","category-classe-de-cp-ce1"],"_links":{"self":[{"href":"https:\/\/ecole-ste-anne-asserac.fr\/index.php?rest_route=\/wp\/v2\/posts\/166","targetHints":{"allow":["GET"]}}],"collection":[{"href":"https:\/\/ecole-ste-anne-asserac.fr\/index.php?rest_route=\/wp\/v2\/posts"}],"about":[{"href":"https:\/\/ecole-ste-anne-asserac.fr\/index.php?rest_route=\/wp\/v2\/types\/post"}],"author":[{"embeddable":true,"href":"https:\/\/ecole-ste-anne-asserac.fr\/index.php?rest_route=\/wp\/v2\/users\/4"}],"replies":[{"embeddable":true,"href":"https:\/\/ecole-ste-anne-asserac.fr\/index.php?rest_route=%2Fwp%2Fv2%2Fcomments&post=166"}],"version-history":[{"count":0,"href":"https:\/\/ecole-ste-anne-asserac.fr\/index.php?rest_route=\/wp\/v2\/posts\/166\/revisions"}],"wp:attachment":[{"href":"https:\/\/ecole-ste-anne-asserac.fr\/index.php?rest_route=%2Fwp%2Fv2%2Fmedia&parent=166"}],"wp:term":[{"taxonomy":"category","embeddable":true,"href":"https:\/\/ecole-ste-anne-asserac.fr\/index.php?rest_route=%2Fwp%2Fv2%2Fcategories&post=166"},{"taxonomy":"post_tag","embeddable":true,"href":"https:\/\/ecole-ste-anne-asserac.fr\/index.php?rest_route=%2Fwp%2Fv2%2Ftags&post=166"}],"curies":[{"name":"wp","href":"https:\/\/api.w.org\/{rel}","templated":true}]}}