{"id":173,"date":"2014-12-21T12:26:41","date_gmt":"2014-12-21T11:26:41","guid":{"rendered":"http:\/\/ecole-ste-anne-asserac.fr\/?p=173"},"modified":"2014-12-21T12:26:56","modified_gmt":"2014-12-21T11:26:56","slug":"visite-a-la-centrale-electrique","status":"publish","type":"post","link":"https:\/\/ecole-ste-anne-asserac.fr\/?p=173","title":{"rendered":"Visite \u00e0 la centrale \u00e9lectrique"},"content":{"rendered":"<div id=\"attachment_176\" style=\"width: 310px\" class=\"wp-caption aligncenter\"><a href=\"http:\/\/ecole-ste-anne-asserac.fr\/wp-content\/uploads\/2014\/12\/Cordemais-CM.jpg\"><img loading=\"lazy\" decoding=\"async\" aria-describedby=\"caption-attachment-176\" class=\"size-medium wp-image-176\" src=\"http:\/\/ecole-ste-anne-asserac.fr\/wp-content\/uploads\/2014\/12\/Cordemais-CM-300x225.jpg\" alt=\"Les CM1\/2 devant la centrale de Cordemais\" width=\"300\" height=\"225\" srcset=\"https:\/\/ecole-ste-anne-asserac.fr\/wp-content\/uploads\/2014\/12\/Cordemais-CM-300x225.jpg 300w, https:\/\/ecole-ste-anne-asserac.fr\/wp-content\/uploads\/2014\/12\/Cordemais-CM.jpg 1024w, https:\/\/ecole-ste-anne-asserac.fr\/wp-content\/uploads\/2014\/12\/Cordemais-CM-600x450.jpg 600w\" sizes=\"auto, (max-width: 300px) 100vw, 300px\" \/><\/a><p id=\"caption-attachment-176\" class=\"wp-caption-text\">Devant la centrale de Cordemais<\/p><\/div>\n<p style=\"text-align: justify;\" align=\"CENTER\">Les CE2-CM1-CM2 de l&rsquo;\u00e9cole Ste Anne se sont rendus \u00e0 la centrale \u00e9lectrique de Cordemais le lundi 24 novembre 2014.<\/p>\n<p>Ils ont visit\u00e9 cette centrale car les enfants travaillaient sur les \u00e9nergies renouvelables ou non. Les \u00e9l\u00e8ves sont all\u00e9s en bus jusqu&rsquo;\u00e0 l&rsquo;usine\u00a0; l\u00e0-bas, les \u00e9l\u00e8ves ont fait un quizz sur \u00ab\u00a0Economiser de l&rsquo;\u00e9lectricit\u00e9\u00a0\u00bb. Plus tard, dans la matin\u00e9e, ils ont visit\u00e9 la pi\u00e8ce d&rsquo;exposition: une guide leur a expliqu\u00e9 le fonctionnement de la centrale. C&rsquo;\u00e9tait une centrale thermique \u00e0 flamme. Pour finir, les enfants ont repris le bus pour aller sur l&rsquo;\u00eele o\u00f9 est construite le c\u0153ur de la centrale. Ils sont pass\u00e9s devant les trois chemin\u00e9es\u00a0: les 2 premi\u00e8res pour le charbon mesuraient 220 m\u00e8tres de haut, et la derni\u00e8re pour le fioul qui , elle, mesurait 150 m\u00e8tres. Ensuite, les \u00e9l\u00e8ves sont pass\u00e9s sous les \u00e9normes tuyaux d&rsquo;\u00e9vacuation de l&rsquo;air qui va dans les trois filtres. Les enfants se sont rapproch\u00e9s de l&rsquo;entrep\u00f4t \u00e0 charbon\u00a0: i<span style=\"font-family: 'Times New Roman', serif;\">l<\/span> peut contenir 600 000 tonnes de charbon\u00a0!<\/p>\n<p>Les classes sont alors parties en direction l&rsquo;\u00e9cole de Cordemais pour manger un petit peu, avant de rentrer \u00e0 Ass\u00e9rac&#8230;<\/p>\n<p>Les enfants ont pos\u00e9 beaucoup de questions et sont repartis avec des informations \u00ab\u00a0 plein la t\u00eate\u00a0\u00bb\u00a0!<\/p>\n<p style=\"text-align: right;\"><em>Elouen,\u00a0CM2<\/em><\/p>\n","protected":false},"excerpt":{"rendered":"<p>Les CE2-CM1-CM2 de l&rsquo;\u00e9cole Ste Anne se sont rendus \u00e0 la centrale \u00e9lectrique de Cordemais le lundi 24 novembre 2014. Ils ont visit\u00e9 cette centrale car les enfants travaillaient sur les \u00e9nergies renouvelables ou non. Les \u00e9l\u00e8ves sont all\u00e9s en bus jusqu&rsquo;\u00e0 l&rsquo;usine\u00a0; l\u00e0-bas, les \u00e9l\u00e8ves ont fait un quizz sur \u00ab\u00a0Economiser de l&rsquo;\u00e9lectricit\u00e9\u00a0\u00bb. Plus<\/p>\n<p><a href=\"https:\/\/ecole-ste-anne-asserac.fr\/?p=173\" class=\"more-link themebutton\">Lire la suite<\/a><\/p>\n","protected":false},"author":3,"featured_media":0,"comment_status":"closed","ping_status":"closed","sticky":false,"template":"","format":"standard","meta":{"ngg_post_thumbnail":0,"footnotes":""},"categories":[8],"tags":[],"class_list":["post-173","post","type-post","status-publish","format-standard","hentry","category-classe-de-cm1-cm2"],"_links":{"self":[{"href":"https:\/\/ecole-ste-anne-asserac.fr\/index.php?rest_route=\/wp\/v2\/posts\/173","targetHints":{"allow":["GET"]}}],"collection":[{"href":"https:\/\/ecole-ste-anne-asserac.fr\/index.php?rest_route=\/wp\/v2\/posts"}],"about":[{"href":"https:\/\/ecole-ste-anne-asserac.fr\/index.php?rest_route=\/wp\/v2\/types\/post"}],"author":[{"embeddable":true,"href":"https:\/\/ecole-ste-anne-asserac.fr\/index.php?rest_route=\/wp\/v2\/users\/3"}],"replies":[{"embeddable":true,"href":"https:\/\/ecole-ste-anne-asserac.fr\/index.php?rest_route=%2Fwp%2Fv2%2Fcomments&post=173"}],"version-history":[{"count":0,"href":"https:\/\/ecole-ste-anne-asserac.fr\/index.php?rest_route=\/wp\/v2\/posts\/173\/revisions"}],"wp:attachment":[{"href":"https:\/\/ecole-ste-anne-asserac.fr\/index.php?rest_route=%2Fwp%2Fv2%2Fmedia&parent=173"}],"wp:term":[{"taxonomy":"category","embeddable":true,"href":"https:\/\/ecole-ste-anne-asserac.fr\/index.php?rest_route=%2Fwp%2Fv2%2Fcategories&post=173"},{"taxonomy":"post_tag","embeddable":true,"href":"https:\/\/ecole-ste-anne-asserac.fr\/index.php?rest_route=%2Fwp%2Fv2%2Ftags&post=173"}],"curies":[{"name":"wp","href":"https:\/\/api.w.org\/{rel}","templated":true}]}}