{"id":183,"date":"2015-01-11T13:55:28","date_gmt":"2015-01-11T12:55:28","guid":{"rendered":"http:\/\/ecole-ste-anne-asserac.fr\/?p=183"},"modified":"2015-01-11T13:55:36","modified_gmt":"2015-01-11T12:55:36","slug":"voeux-2015","status":"publish","type":"post","link":"https:\/\/ecole-ste-anne-asserac.fr\/?p=183","title":{"rendered":"V\u0153ux 2015"},"content":{"rendered":"<p><strong>\u00a0<\/strong><\/p>\n<p>Chers parents,<\/p>\n<p>Le bureau de L&rsquo;APEL vous souhaite <strong>une bonne et heureuse ann\u00e9e 2015.<\/strong><\/p>\n<p>Si vous souhaitez devenir membres actifs de l&rsquo;association, et nous aider lors des animations, n&rsquo;h\u00e9sitez pas \u00e0 prendre contact avec l&rsquo;un d&rsquo;entre nous dont la liste figure ci dessous :<\/p>\n<p>Cl\u00e9mentine ANEZO, pr\u00e9sidente (maman de Math\u00e9o en CE1)<\/p>\n<p>Albert SIMON, vice pr\u00e9sident (papa de C\u00e9cile en CM1 et K\u00e9vin en CP)<\/p>\n<p>St\u00e9phanie BERTHO, secr\u00e9taire, (maman de Alix en GS)<\/p>\n<p>C\u00e9line LE THIEC, vice secr\u00e9taire (maman de Aur\u00e9lien en CE2 et Elise en GS)<\/p>\n<p>St\u00e9phane BILLON, tr\u00e9sorier (papa de Candice en CM2 et Chlo\u00e9 en CE1)<\/p>\n<p>Anthony PENQUERCH\u2019, vice tr\u00e9sorier (papa de Alban en CE1)<\/p>\n<p>C\u00e9dric LAILLE (papa de Lilou en CP)<\/p>\n<p>Prisca TIMON (maman de Elouen en CM2)<\/p>\n<p>Isabelle COUVREUX (maman de Tim\u00e9o en CE1)<\/p>\n<p>M\u00e9lanie VACHER (maman de Louwane en CM1 et Youna en CP)<\/p>\n<p>Emmanuelle LOGODIN (maman de Evan en CE1 et Ellyn en MS)<\/p>\n<p>Thierry ODIOT (papa de M\u00e9line en CM1)<\/p>\n<p>La\u00ebtitia MOISAN (maman de Enora en CM1 et Lounis en PS)<\/p>\n<p>Emilie GUIHO (maman de Elsa en GS et Marceau en PPS)<\/p>\n<p>Emmanuel BERTHO (papa de Alix en GS)<\/p>\n<p>Pascale DARRAS LALANDE (maman de Sidonie en MS)<\/p>\n<p>Il est important de rappeler que l&rsquo;APEL organise ses manifestations (vente de g\u00e2teaux bijou, vide grenier, f\u00eate des \u00e9coles, etc) afin de <strong>r\u00e9colter des fonds pour soutenir financi\u00e8rement les projets de l&rsquo;\u00e9cole <\/strong>(sorties scolaire, classe d\u00e9couverte, transport pour les activit\u00e9s et sorties&#8230;).<\/p>\n<p>L&rsquo;APEL<\/p>\n<p>&nbsp;<\/p>\n<p>&nbsp;<\/p>\n","protected":false},"excerpt":{"rendered":"<p>\u00a0 Chers parents, Le bureau de L&rsquo;APEL vous souhaite une bonne et heureuse ann\u00e9e 2015. Si vous souhaitez devenir membres actifs de l&rsquo;association, et nous aider lors des animations, n&rsquo;h\u00e9sitez pas \u00e0 prendre contact avec l&rsquo;un d&rsquo;entre nous dont la liste figure ci dessous : Cl\u00e9mentine ANEZO, pr\u00e9sidente (maman de Math\u00e9o en CE1) Albert SIMON,<\/p>\n<p><a href=\"https:\/\/ecole-ste-anne-asserac.fr\/?p=183\" class=\"more-link themebutton\">Lire la suite<\/a><\/p>\n","protected":false},"author":8,"featured_media":0,"comment_status":"closed","ping_status":"closed","sticky":false,"template":"","format":"standard","meta":{"ngg_post_thumbnail":0,"footnotes":""},"categories":[11],"tags":[],"class_list":["post-183","post","type-post","status-publish","format-standard","hentry","category-actualite"],"_links":{"self":[{"href":"https:\/\/ecole-ste-anne-asserac.fr\/index.php?rest_route=\/wp\/v2\/posts\/183","targetHints":{"allow":["GET"]}}],"collection":[{"href":"https:\/\/ecole-ste-anne-asserac.fr\/index.php?rest_route=\/wp\/v2\/posts"}],"about":[{"href":"https:\/\/ecole-ste-anne-asserac.fr\/index.php?rest_route=\/wp\/v2\/types\/post"}],"author":[{"embeddable":true,"href":"https:\/\/ecole-ste-anne-asserac.fr\/index.php?rest_route=\/wp\/v2\/users\/8"}],"replies":[{"embeddable":true,"href":"https:\/\/ecole-ste-anne-asserac.fr\/index.php?rest_route=%2Fwp%2Fv2%2Fcomments&post=183"}],"version-history":[{"count":0,"href":"https:\/\/ecole-ste-anne-asserac.fr\/index.php?rest_route=\/wp\/v2\/posts\/183\/revisions"}],"wp:attachment":[{"href":"https:\/\/ecole-ste-anne-asserac.fr\/index.php?rest_route=%2Fwp%2Fv2%2Fmedia&parent=183"}],"wp:term":[{"taxonomy":"category","embeddable":true,"href":"https:\/\/ecole-ste-anne-asserac.fr\/index.php?rest_route=%2Fwp%2Fv2%2Fcategories&post=183"},{"taxonomy":"post_tag","embeddable":true,"href":"https:\/\/ecole-ste-anne-asserac.fr\/index.php?rest_route=%2Fwp%2Fv2%2Ftags&post=183"}],"curies":[{"name":"wp","href":"https:\/\/api.w.org\/{rel}","templated":true}]}}