{"id":1891,"date":"2017-10-07T14:10:57","date_gmt":"2017-10-07T13:10:57","guid":{"rendered":"http:\/\/ecole-ste-anne-asserac.fr\/?p=1891"},"modified":"2017-10-07T14:12:38","modified_gmt":"2017-10-07T13:12:38","slug":"solidarite-avec-les-papiers-de-lespoir","status":"publish","type":"post","link":"https:\/\/ecole-ste-anne-asserac.fr\/?p=1891","title":{"rendered":"Solidarit\u00e9 avec les Papiers de l&rsquo;Espoir"},"content":{"rendered":"<p>Jeudi apr\u00e8s-midi 5 octobre, les b\u00e9n\u00e9voles de l&rsquo;Association<\/p>\n<p><a href=\"http:\/\/www.lespapiersdelespoir.fr\/\"> Les Papiers de l&rsquo;Espoir<\/a> sont venus prendre le papier r\u00e9colt\u00e9 \u00e0 l&rsquo;\u00e9cole depuis juillet dernier. <a href=\"http:\/\/ecole-ste-anne-asserac.fr\/wp-content\/uploads\/2017\/10\/20171005_153552.jpg\"><img loading=\"lazy\" decoding=\"async\" class=\"aligncenter size-medium wp-image-1892\" src=\"http:\/\/ecole-ste-anne-asserac.fr\/wp-content\/uploads\/2017\/10\/20171005_153552-300x169.jpg\" alt=\"\" width=\"300\" height=\"169\" srcset=\"https:\/\/ecole-ste-anne-asserac.fr\/wp-content\/uploads\/2017\/10\/20171005_153552-300x169.jpg 300w, https:\/\/ecole-ste-anne-asserac.fr\/wp-content\/uploads\/2017\/10\/20171005_153552-768x432.jpg 768w, https:\/\/ecole-ste-anne-asserac.fr\/wp-content\/uploads\/2017\/10\/20171005_153552-1024x576.jpg 1024w, https:\/\/ecole-ste-anne-asserac.fr\/wp-content\/uploads\/2017\/10\/20171005_153552-600x338.jpg 600w, https:\/\/ecole-ste-anne-asserac.fr\/wp-content\/uploads\/2017\/10\/20171005_153552.jpg 2048w\" sizes=\"auto, (max-width: 300px) 100vw, 300px\" \/><\/a> \u00ab\u00a0Vous nous avez g\u00e2t\u00e9s en poids cette fois-ci!\u00a0\u00bbnous ont-ils dit &#8230;<\/p>\n<p>En effet, le conteneur \u00e9tait plein et&nbsp; il y avait en plus beaucoup de scs bleus !! Les CM2 ont eu ainsi l&rsquo;occasion de les aider \u00ab\u00a0physiquement\u00a0\u00bb :<a href=\"http:\/\/ecole-ste-anne-asserac.fr\/wp-content\/uploads\/2017\/10\/20171005_153323.jpg\"><img loading=\"lazy\" decoding=\"async\" class=\"aligncenter size-medium wp-image-1893\" src=\"http:\/\/ecole-ste-anne-asserac.fr\/wp-content\/uploads\/2017\/10\/20171005_153323-300x169.jpg\" alt=\"\" width=\"300\" height=\"169\" srcset=\"https:\/\/ecole-ste-anne-asserac.fr\/wp-content\/uploads\/2017\/10\/20171005_153323-300x169.jpg 300w, https:\/\/ecole-ste-anne-asserac.fr\/wp-content\/uploads\/2017\/10\/20171005_153323-768x432.jpg 768w, https:\/\/ecole-ste-anne-asserac.fr\/wp-content\/uploads\/2017\/10\/20171005_153323-1024x576.jpg 1024w, https:\/\/ecole-ste-anne-asserac.fr\/wp-content\/uploads\/2017\/10\/20171005_153323-600x338.jpg 600w, https:\/\/ecole-ste-anne-asserac.fr\/wp-content\/uploads\/2017\/10\/20171005_153323.jpg 2048w\" sizes=\"auto, (max-width: 300px) 100vw, 300px\" \/><\/a> <a href=\"http:\/\/ecole-ste-anne-asserac.fr\/wp-content\/uploads\/2017\/10\/20171005_153324.jpg\"><img loading=\"lazy\" decoding=\"async\" class=\"aligncenter size-medium wp-image-1894\" src=\"http:\/\/ecole-ste-anne-asserac.fr\/wp-content\/uploads\/2017\/10\/20171005_153324-300x169.jpg\" alt=\"\" width=\"300\" height=\"169\" srcset=\"https:\/\/ecole-ste-anne-asserac.fr\/wp-content\/uploads\/2017\/10\/20171005_153324-300x169.jpg 300w, https:\/\/ecole-ste-anne-asserac.fr\/wp-content\/uploads\/2017\/10\/20171005_153324-768x432.jpg 768w, https:\/\/ecole-ste-anne-asserac.fr\/wp-content\/uploads\/2017\/10\/20171005_153324-1024x576.jpg 1024w, https:\/\/ecole-ste-anne-asserac.fr\/wp-content\/uploads\/2017\/10\/20171005_153324-600x338.jpg 600w, https:\/\/ecole-ste-anne-asserac.fr\/wp-content\/uploads\/2017\/10\/20171005_153324.jpg 2048w\" sizes=\"auto, (max-width: 300px) 100vw, 300px\" \/><\/a><a href=\"http:\/\/ecole-ste-anne-asserac.fr\/wp-content\/uploads\/2017\/10\/20171005_153613.jpg\"><img loading=\"lazy\" decoding=\"async\" class=\"aligncenter size-medium wp-image-1895\" src=\"http:\/\/ecole-ste-anne-asserac.fr\/wp-content\/uploads\/2017\/10\/20171005_153613-300x169.jpg\" alt=\"\" width=\"300\" height=\"169\" srcset=\"https:\/\/ecole-ste-anne-asserac.fr\/wp-content\/uploads\/2017\/10\/20171005_153613-300x169.jpg 300w, https:\/\/ecole-ste-anne-asserac.fr\/wp-content\/uploads\/2017\/10\/20171005_153613-768x432.jpg 768w, https:\/\/ecole-ste-anne-asserac.fr\/wp-content\/uploads\/2017\/10\/20171005_153613-1024x576.jpg 1024w, https:\/\/ecole-ste-anne-asserac.fr\/wp-content\/uploads\/2017\/10\/20171005_153613-600x338.jpg 600w, https:\/\/ecole-ste-anne-asserac.fr\/wp-content\/uploads\/2017\/10\/20171005_153613.jpg 2048w\" sizes=\"auto, (max-width: 300px) 100vw, 300px\" \/><\/a><\/p>\n<p style=\"text-align: center;\">Tout est maintenant vide &#8230; La collecte reprend !<\/p>\n<p style=\"text-align: center;\">Vous pouvez tous apporter vos vieux journaux, livres<\/p>\n<p style=\"text-align: center;\">et revues \u00e0 l&rsquo;\u00e9cole .<\/p>\n","protected":false},"excerpt":{"rendered":"<p>Jeudi apr\u00e8s-midi 5 octobre, les b\u00e9n\u00e9voles de l&rsquo;Association Les Papiers de l&rsquo;Espoir sont venus prendre le papier r\u00e9colt\u00e9 \u00e0 l&rsquo;\u00e9cole depuis juillet dernier. \u00ab\u00a0Vous nous avez g\u00e2t\u00e9s en poids cette fois-ci!\u00a0\u00bbnous ont-ils dit &#8230; En effet, le conteneur \u00e9tait plein et&nbsp; il y avait en plus beaucoup de scs bleus !! Les CM2 ont eu<\/p>\n<p><a href=\"https:\/\/ecole-ste-anne-asserac.fr\/?p=1891\" class=\"more-link themebutton\">Lire la suite<\/a><\/p>\n","protected":false},"author":3,"featured_media":0,"comment_status":"closed","ping_status":"closed","sticky":false,"template":"","format":"standard","meta":{"ngg_post_thumbnail":0,"footnotes":""},"categories":[11],"tags":[],"class_list":["post-1891","post","type-post","status-publish","format-standard","hentry","category-actualite"],"_links":{"self":[{"href":"https:\/\/ecole-ste-anne-asserac.fr\/index.php?rest_route=\/wp\/v2\/posts\/1891","targetHints":{"allow":["GET"]}}],"collection":[{"href":"https:\/\/ecole-ste-anne-asserac.fr\/index.php?rest_route=\/wp\/v2\/posts"}],"about":[{"href":"https:\/\/ecole-ste-anne-asserac.fr\/index.php?rest_route=\/wp\/v2\/types\/post"}],"author":[{"embeddable":true,"href":"https:\/\/ecole-ste-anne-asserac.fr\/index.php?rest_route=\/wp\/v2\/users\/3"}],"replies":[{"embeddable":true,"href":"https:\/\/ecole-ste-anne-asserac.fr\/index.php?rest_route=%2Fwp%2Fv2%2Fcomments&post=1891"}],"version-history":[{"count":0,"href":"https:\/\/ecole-ste-anne-asserac.fr\/index.php?rest_route=\/wp\/v2\/posts\/1891\/revisions"}],"wp:attachment":[{"href":"https:\/\/ecole-ste-anne-asserac.fr\/index.php?rest_route=%2Fwp%2Fv2%2Fmedia&parent=1891"}],"wp:term":[{"taxonomy":"category","embeddable":true,"href":"https:\/\/ecole-ste-anne-asserac.fr\/index.php?rest_route=%2Fwp%2Fv2%2Fcategories&post=1891"},{"taxonomy":"post_tag","embeddable":true,"href":"https:\/\/ecole-ste-anne-asserac.fr\/index.php?rest_route=%2Fwp%2Fv2%2Ftags&post=1891"}],"curies":[{"name":"wp","href":"https:\/\/api.w.org\/{rel}","templated":true}]}}