{"id":1958,"date":"2017-10-19T12:22:56","date_gmt":"2017-10-19T11:22:56","guid":{"rendered":"http:\/\/ecole-ste-anne-asserac.fr\/?p=1958"},"modified":"2017-10-19T12:22:56","modified_gmt":"2017-10-19T11:22:56","slug":"le-bal-a-bobby-par-la-compagnie-ngc25","status":"publish","type":"post","link":"https:\/\/ecole-ste-anne-asserac.fr\/?p=1958","title":{"rendered":"Le bal \u00e0 Bobby par la compagnie NGC25"},"content":{"rendered":"<p>Jeudi 19 octobre, nous sommes all\u00e9s \u00e0 Saint Lyphard, d\u00e9couvrir \u00a0le spectacle Le Bal \u00e0 Boby. Ce petit bijou chor\u00e9graphique est \u00a0inspir\u00e9 de l&rsquo;univers de Boby Lapointe. Autour d&rsquo;une piste de danse improvis\u00e9e, les danseurs ont invit\u00e9 les enfants \u00e0 d\u00e9couvrir l&rsquo;univers du chanteur en les conviant \u00e0 participer au bal \u00e0 Bobby.<\/p>\n<p>Nous \u00e9tions tant\u00f4t danseur, tant\u00f4t spectateur.<\/p>\n<p style=\"text-align: center;\"><a href=\"http:\/\/ecole-ste-anne-asserac.fr\/wp-content\/uploads\/2017\/10\/thumb_IMG_0304_1024.jpg\"><img loading=\"lazy\" decoding=\"async\" class=\"alignnone size-medium wp-image-1959\" src=\"http:\/\/ecole-ste-anne-asserac.fr\/wp-content\/uploads\/2017\/10\/thumb_IMG_0304_1024-225x300.jpg\" alt=\"\" width=\"225\" height=\"300\" srcset=\"https:\/\/ecole-ste-anne-asserac.fr\/wp-content\/uploads\/2017\/10\/thumb_IMG_0304_1024-225x300.jpg 225w, https:\/\/ecole-ste-anne-asserac.fr\/wp-content\/uploads\/2017\/10\/thumb_IMG_0304_1024.jpg 768w, https:\/\/ecole-ste-anne-asserac.fr\/wp-content\/uploads\/2017\/10\/thumb_IMG_0304_1024-600x800.jpg 600w\" sizes=\"auto, (max-width: 225px) 100vw, 225px\" \/><\/a><\/p>\n<p style=\"text-align: center;\"><strong>Quelques impressions<\/strong><\/p>\n<p><em>\u00ab\u00a0J&rsquo;ai aim\u00e9 quand les danseurs \u00e9taient sur l&rsquo;herbe avec les chaises\u00a0\u00bb<\/em> <strong>Amandine<\/strong><\/p>\n<p><em>\u00ab\u00a0J&rsquo;ai trouv\u00e9 le spectacle rigolo<\/em> \u00a0\u00bb <strong>Carmen<\/strong><\/p>\n<p><em>\u00ab\u00a0J&rsquo;ai ador\u00e9 quand les danseurs sont venus chercher les copains pour danser\u00a0\u00bb<\/em> <strong>Louison<\/strong><\/p>\n<p><em>\u00ab\u00a0J&rsquo;ai aim\u00e9 quand on a fait les statues \u00ab\u00a0<\/em> <strong>Julien<\/strong><\/p>\n<p><em>\u00ab\u00a0J&rsquo;ai aim\u00e9 quand il y avait la canne \u00e0 p\u00eache avec une ampoule multicolore<\/em>\u00a0\u00bb <strong>Mewenn<\/strong><\/p>\n<p><em>\u00ab\u00a0C&rsquo;\u00e9tait marrant de participer de faire des gestes\u00a0\u00bb<\/em> <strong>Gawen<\/strong><\/p>\n<p><em>\u00ab\u00a0J&rsquo;ai bien les danseurs et leur musique\u00a0\u00bb<\/em> <a href=\"http:\/\/ecole-ste-anne-asserac.fr\/wp-content\/uploads\/2017\/10\/thumb_IMG_0304_1024.jpg\"><br \/>\n<\/a><\/p>\n<p>&nbsp;<\/p>\n","protected":false},"excerpt":{"rendered":"<p>Jeudi 19 octobre, nous sommes all\u00e9s \u00e0 Saint Lyphard, d\u00e9couvrir \u00a0le spectacle Le Bal \u00e0 Boby. Ce petit bijou chor\u00e9graphique est \u00a0inspir\u00e9 de l&rsquo;univers de Boby Lapointe. Autour d&rsquo;une piste de danse improvis\u00e9e, les danseurs ont invit\u00e9 les enfants \u00e0 d\u00e9couvrir l&rsquo;univers du chanteur en les conviant \u00e0 participer au bal \u00e0 Bobby. Nous \u00e9tions<\/p>\n<p><a href=\"https:\/\/ecole-ste-anne-asserac.fr\/?p=1958\" class=\"more-link themebutton\">Lire la suite<\/a><\/p>\n","protected":false},"author":4,"featured_media":0,"comment_status":"closed","ping_status":"closed","sticky":false,"template":"","format":"standard","meta":{"ngg_post_thumbnail":0,"footnotes":""},"categories":[7],"tags":[],"class_list":["post-1958","post","type-post","status-publish","format-standard","hentry","category-classe-de-ce2-cm1"],"_links":{"self":[{"href":"https:\/\/ecole-ste-anne-asserac.fr\/index.php?rest_route=\/wp\/v2\/posts\/1958","targetHints":{"allow":["GET"]}}],"collection":[{"href":"https:\/\/ecole-ste-anne-asserac.fr\/index.php?rest_route=\/wp\/v2\/posts"}],"about":[{"href":"https:\/\/ecole-ste-anne-asserac.fr\/index.php?rest_route=\/wp\/v2\/types\/post"}],"author":[{"embeddable":true,"href":"https:\/\/ecole-ste-anne-asserac.fr\/index.php?rest_route=\/wp\/v2\/users\/4"}],"replies":[{"embeddable":true,"href":"https:\/\/ecole-ste-anne-asserac.fr\/index.php?rest_route=%2Fwp%2Fv2%2Fcomments&post=1958"}],"version-history":[{"count":0,"href":"https:\/\/ecole-ste-anne-asserac.fr\/index.php?rest_route=\/wp\/v2\/posts\/1958\/revisions"}],"wp:attachment":[{"href":"https:\/\/ecole-ste-anne-asserac.fr\/index.php?rest_route=%2Fwp%2Fv2%2Fmedia&parent=1958"}],"wp:term":[{"taxonomy":"category","embeddable":true,"href":"https:\/\/ecole-ste-anne-asserac.fr\/index.php?rest_route=%2Fwp%2Fv2%2Fcategories&post=1958"},{"taxonomy":"post_tag","embeddable":true,"href":"https:\/\/ecole-ste-anne-asserac.fr\/index.php?rest_route=%2Fwp%2Fv2%2Ftags&post=1958"}],"curies":[{"name":"wp","href":"https:\/\/api.w.org\/{rel}","templated":true}]}}