{"id":2045,"date":"2017-11-22T17:14:57","date_gmt":"2017-11-22T16:14:57","guid":{"rendered":"http:\/\/ecole-ste-anne-asserac.fr\/?p=2045"},"modified":"2017-11-22T17:14:57","modified_gmt":"2017-11-22T16:14:57","slug":"singing-christmas-around-europe","status":"publish","type":"post","link":"https:\/\/ecole-ste-anne-asserac.fr\/?p=2045","title":{"rendered":"Singing Christmas around Europe"},"content":{"rendered":"<p>Depuis les vacances de la Toussaint, nous avons commenc\u00e9 notre 1er projet europ\u00e9en. Il s&rsquo;appelle \u00ab\u00a0Singing Christmas around Europe\u00a0\u00bb. Chaque \u00e9cole partenaire (environ une cinquantaine!) pr\u00e9pare un chant de No\u00ebl de son pays pour r\u00e9aliser un calendrier de l&rsquo;Avent musical.<\/p>\n<p>Voici les \u00e9coles participantes:<\/p>\n<div class=\"page\" title=\"Page 1\">\n<div class=\"section\">\n<div class=\"section\">\n<div class=\"layoutArea\">\n<div class=\"column\">\n<p style=\"text-align: center;\"><strong>Monica Frigerio, ic como rebbio, ITALIE<\/strong><br \/>\n<strong> Vi\u0161nja Kamenja\u0161evi\u0107, O\u0160 Stjepan Radi\u0107, CROATIE<\/strong><br \/>\n<strong> Michela Pinna, 1\u00b0 CDS di Selargius, ITALIE<\/strong><br \/>\n<strong> DESPINA VALSAMAKI, 1\u03bf \u039d\u03b7\u03c0\u03b9\u03b1\u03b3\u03c9\u03b3\u03b5\u03af\u03bf \u0395\u03c5\u03cc\u03c3\u03bc\u03bf\u03c5, GRECE<\/strong><br \/>\n<strong> Antigoni Gavardina, 5\u03bf \u039f\u039b\u039f\u0397\u039c\u0395\u03a1\u039f \u039d\u0397\u03a0\u0399\u0391\u0393\u03a9\u0393\u0395\u0399\u039f \u0395\u03a5\u039f\u03a3\u039c\u039f\u03a5, GRECE<\/strong><br \/>\n<strong> Souzana Papadopoulou, 5\u03bf \u039f\u039b\u039f\u0397\u039c\u0395\u03a1\u039f \u039d\u0397\u03a0\u0399\u0391\u0393\u03a9\u0393\u0395\u0399\u039f \u0395\u03a5\u039f\u03a3\u039c\u039f\u03a5, GRECE<\/strong><br \/>\n<strong> Ruslana Opryshko, A.Sheptyckyj gymnasium of Stryi , UKRAINE<\/strong><br \/>\n<strong> Irene Vico Palafoix, CEIP MANUEL ORTIZ CASTELL\u00d3, ESPAGNE<\/strong><br \/>\n<strong> C\u00e9line MOUREAU, ECOLE STE ANNE, FRANCE<\/strong><br \/>\n<strong> Nuria Coca, Escola Can Parera, ESPAGNE<\/strong><br \/>\n<strong> Claire Tunstall, Forest of Teesdale Primary School, ROYAUME-UNI<\/strong><br \/>\n<strong> Chiara de Cunzolo, IC Zandonai , ITALIE<\/strong><br \/>\n<strong> Ermelinda Zanotti, ICS \u00ab\u00a0Padre Vittorio Falsina\u00a0\u00bb di Castegnato, ITALIE<\/strong><br \/>\n<strong> Anna Olszak, II Podstawowo-Gimnazjalny Zesp\u00f3\u0142 Szk\u00f3l Spo\u0142ecznych STO, POLOGNE <\/strong><\/p>\n<p style=\"text-align: center;\"><strong>Jolanta Orintait\u0117, Kauno lop\u0161elis-dar\u017eelis \u00ab\u00a0Spindulys\u00a0\u00bb, LITUANIE<\/strong><br \/>\n<strong> Ksenija Laisic Miletic, Osnovna skola `Despot Stefan Visoki`, SERBIE<\/strong><br \/>\n<strong> Andrijana \u0106avar, O\u0160 Stjepan Radi\u0107, CROATIE<\/strong><br \/>\n<strong> Kinga Koszewska, Przedszkole nr 148 \u00ab\u00a0Mali Europejczycy\u00a0\u00bb, POLOGNE<\/strong><br \/>\n<strong> Katri Saarinen, Pyynp\u00e4\u00e4n koulu, FINLANDE<\/strong><br \/>\n<strong> Loredana Popa, Scoala Nr.17 Botosani, ROUMANIE<\/strong><br \/>\n<strong> Camelia Talmaciu, SCOALA GIMNAZIALA \u00ab\u00a0DR. AUREL VLAD\u00a0\u00bb ORASTIE, ROUMANIE Andrei Mihaela, Scoala Gimnaziala \u00ab\u00a0Unirea\u00a0\u00bb Branistea, ROUMANIE<\/strong><br \/>\n<strong> Claudia Ciobanu, Scoala Gimnaziala Marin Ionescu Dobrogianu, ROUMANIE<\/strong><br \/>\n<strong> Lilla Tomaszewska, Szko\u0142a Podstawowa im. Bohater\u00f3w Powstania Styczniowego, POLOGNE<\/strong><\/p>\n<\/div>\n<\/div>\n<\/div>\n<div class=\"section\" style=\"text-align: center;\">\n<div class=\"layoutArea\">\n<div class=\"column\">\n<p><strong>Adam Jezierski, Szko\u0142a Podstawowa nr 1 w Sanoku, POLOGNE<\/strong><\/p>\n<\/div>\n<\/div>\n<\/div>\n<\/div>\n<\/div>\n<div class=\"page\" style=\"text-align: center;\" title=\"Page 2\">\n<div class=\"section\">\n<div class=\"layoutArea\">\n<div class=\"column\">\n<p><strong>Adam Jezierski, Szko\u0142a Podstawowa nr 1 w Sanoku, POLOGNE<\/strong><br \/>\n<strong> Sandra Czeczota, Szko\u0142a Podstawowa nr 17 im. prof. Jana Karskiego w Rudzie \u015al\u0105skiej, POLOGNE<\/strong><\/p>\n<p><strong>Joanna Chawi\u0144ska, Szko\u0142a Podstawowa nr 22 w Rudzie \u015al\u0105skiej, POLOGNE Kamila Konrad, Szko\u0142a Podstawowa w Rudo\u0142owicach, POLOGNE konstantina filippou, The Heritage Private School, CHYPRE<\/strong><\/p>\n<p><strong>Klaudia Majewska-Rybacka, Zesp\u00f3\u0142 Szk\u00f3\u0142 Katolickich im. ks. Jana D\u0142ugosza we W\u0142oc\u0142awku, POLOGNE<\/strong><\/p>\n<p><strong>Monika Topczewska, Zesp\u00f3\u0142 Szk\u00f3\u0142 nr 2 w Ciachcinie, POLOGNE Jarmila Repisk\u00e1, Z\u00e1kladn\u00e1 \u0161kola, Mari\u00e1nska ul, Prievidza, SLOVAQUIE<\/strong><\/p>\n<\/div>\n<\/div>\n<div class=\"layoutArea\">\n<div class=\"column\">\n<p>A partir du 1er d\u00e9cembre, chaque jour nous d\u00e9couvrirons une chanson \u00a0d&rsquo;un autre pays.<br \/>\nTous les mardis, nous pr\u00e9parons notre chanson \u00ab\u00a0O\u00f9 es tu berg\u00e8re ?\u00a0\u00bb pour le pr\u00e9senter \u00e0 nos copains.<\/p>\n<p><a href=\"http:\/\/ecole-ste-anne-asserac.fr\/wp-content\/uploads\/2017\/11\/IMG_0534.jpg\"><img loading=\"lazy\" decoding=\"async\" class=\"alignnone size-medium wp-image-2051\" src=\"http:\/\/ecole-ste-anne-asserac.fr\/wp-content\/uploads\/2017\/11\/IMG_0534-300x225.jpg\" alt=\"\" width=\"300\" height=\"225\" srcset=\"https:\/\/ecole-ste-anne-asserac.fr\/wp-content\/uploads\/2017\/11\/IMG_0534-300x225.jpg 300w, https:\/\/ecole-ste-anne-asserac.fr\/wp-content\/uploads\/2017\/11\/IMG_0534-768x576.jpg 768w, https:\/\/ecole-ste-anne-asserac.fr\/wp-content\/uploads\/2017\/11\/IMG_0534-1024x768.jpg 1024w, https:\/\/ecole-ste-anne-asserac.fr\/wp-content\/uploads\/2017\/11\/IMG_0534-600x450.jpg 600w, https:\/\/ecole-ste-anne-asserac.fr\/wp-content\/uploads\/2017\/11\/IMG_0534.jpg 2048w\" sizes=\"auto, (max-width: 300px) 100vw, 300px\" \/><\/a><\/p>\n<\/div>\n<\/div>\n<\/div>\n<\/div>\n<p style=\"text-align: left;\">Nous sommes tr\u00e8s impatients de d\u00e9couvrir les chants traditionnels de nos correspondants!<\/p>\n<p>&nbsp;<\/p>\n<p>&nbsp;<\/p>\n","protected":false},"excerpt":{"rendered":"<p>Depuis les vacances de la Toussaint, nous avons commenc\u00e9 notre 1er projet europ\u00e9en. Il s&rsquo;appelle \u00ab\u00a0Singing Christmas around Europe\u00a0\u00bb. Chaque \u00e9cole partenaire (environ une cinquantaine!) pr\u00e9pare un chant de No\u00ebl de son pays pour r\u00e9aliser un calendrier de l&rsquo;Avent musical. Voici les \u00e9coles participantes: Monica Frigerio, ic como rebbio, ITALIE Vi\u0161nja Kamenja\u0161evi\u0107, O\u0160 Stjepan Radi\u0107,<\/p>\n<p><a href=\"https:\/\/ecole-ste-anne-asserac.fr\/?p=2045\" class=\"more-link themebutton\">Lire la suite<\/a><\/p>\n","protected":false},"author":4,"featured_media":0,"comment_status":"closed","ping_status":"closed","sticky":false,"template":"","format":"standard","meta":{"ngg_post_thumbnail":0,"footnotes":""},"categories":[7],"tags":[],"class_list":["post-2045","post","type-post","status-publish","format-standard","hentry","category-classe-de-ce2-cm1"],"_links":{"self":[{"href":"https:\/\/ecole-ste-anne-asserac.fr\/index.php?rest_route=\/wp\/v2\/posts\/2045","targetHints":{"allow":["GET"]}}],"collection":[{"href":"https:\/\/ecole-ste-anne-asserac.fr\/index.php?rest_route=\/wp\/v2\/posts"}],"about":[{"href":"https:\/\/ecole-ste-anne-asserac.fr\/index.php?rest_route=\/wp\/v2\/types\/post"}],"author":[{"embeddable":true,"href":"https:\/\/ecole-ste-anne-asserac.fr\/index.php?rest_route=\/wp\/v2\/users\/4"}],"replies":[{"embeddable":true,"href":"https:\/\/ecole-ste-anne-asserac.fr\/index.php?rest_route=%2Fwp%2Fv2%2Fcomments&post=2045"}],"version-history":[{"count":0,"href":"https:\/\/ecole-ste-anne-asserac.fr\/index.php?rest_route=\/wp\/v2\/posts\/2045\/revisions"}],"wp:attachment":[{"href":"https:\/\/ecole-ste-anne-asserac.fr\/index.php?rest_route=%2Fwp%2Fv2%2Fmedia&parent=2045"}],"wp:term":[{"taxonomy":"category","embeddable":true,"href":"https:\/\/ecole-ste-anne-asserac.fr\/index.php?rest_route=%2Fwp%2Fv2%2Fcategories&post=2045"},{"taxonomy":"post_tag","embeddable":true,"href":"https:\/\/ecole-ste-anne-asserac.fr\/index.php?rest_route=%2Fwp%2Fv2%2Ftags&post=2045"}],"curies":[{"name":"wp","href":"https:\/\/api.w.org\/{rel}","templated":true}]}}