{"id":2663,"date":"2018-10-20T17:08:38","date_gmt":"2018-10-20T16:08:38","guid":{"rendered":"http:\/\/ecole-ste-anne-asserac.fr\/?p=2663"},"modified":"2018-10-20T17:08:38","modified_gmt":"2018-10-20T16:08:38","slug":"cross-inter-ecoles-du-cycle-3","status":"publish","type":"post","link":"https:\/\/ecole-ste-anne-asserac.fr\/?p=2663","title":{"rendered":"Cross inter-\u00e9coles du cycle 3"},"content":{"rendered":"<p>Nous avons enfin re\u00e7u les r\u00e9sultats des courses auxquelles nous avons particip\u00e9 !<\/p>\n<p>Mardi 2 octobre dernier, nous nous sommes rendus \u00e0 Herbignac, sur le site du Pr\u00e9 Grasseur avec les autres classes de CM2 et de 6\u00e8me de la CLE des Marais ( La CHapelle, Herbignac, St Lyphard &#8230; et nous !)<\/p>\n<p style=\"text-align: center;\">1\u00e8re course : celle des filles n\u00e9es en 2008-2009<a href=\"http:\/\/ecole-ste-anne-asserac.fr\/wp-content\/uploads\/2018\/10\/PA020227.jpg\"><img loading=\"lazy\" decoding=\"async\" class=\"aligncenter size-medium wp-image-2664\" src=\"http:\/\/ecole-ste-anne-asserac.fr\/wp-content\/uploads\/2018\/10\/PA020227-300x225.jpg\" alt=\"\" width=\"300\" height=\"225\" srcset=\"https:\/\/ecole-ste-anne-asserac.fr\/wp-content\/uploads\/2018\/10\/PA020227-300x225.jpg 300w, https:\/\/ecole-ste-anne-asserac.fr\/wp-content\/uploads\/2018\/10\/PA020227-768x576.jpg 768w, https:\/\/ecole-ste-anne-asserac.fr\/wp-content\/uploads\/2018\/10\/PA020227-1024x768.jpg 1024w, https:\/\/ecole-ste-anne-asserac.fr\/wp-content\/uploads\/2018\/10\/PA020227-600x450.jpg 600w, https:\/\/ecole-ste-anne-asserac.fr\/wp-content\/uploads\/2018\/10\/PA020227.jpg 2048w\" sizes=\"auto, (max-width: 300px) 100vw, 300px\" \/><\/a>Toutes tr\u00e8s concentr\u00e9es sur la ligne de d\u00e9part&#8230;<\/p>\n<p style=\"text-align: center;\">Et c&rsquo;est parti !<\/p>\n<p><a href=\"http:\/\/ecole-ste-anne-asserac.fr\/wp-content\/uploads\/2018\/10\/PA020229.jpg\"><img loading=\"lazy\" decoding=\"async\" class=\"aligncenter size-medium wp-image-2665\" src=\"http:\/\/ecole-ste-anne-asserac.fr\/wp-content\/uploads\/2018\/10\/PA020229-300x225.jpg\" alt=\"\" width=\"300\" height=\"225\" srcset=\"https:\/\/ecole-ste-anne-asserac.fr\/wp-content\/uploads\/2018\/10\/PA020229-300x225.jpg 300w, https:\/\/ecole-ste-anne-asserac.fr\/wp-content\/uploads\/2018\/10\/PA020229-768x576.jpg 768w, https:\/\/ecole-ste-anne-asserac.fr\/wp-content\/uploads\/2018\/10\/PA020229-1024x768.jpg 1024w, https:\/\/ecole-ste-anne-asserac.fr\/wp-content\/uploads\/2018\/10\/PA020229-600x450.jpg 600w, https:\/\/ecole-ste-anne-asserac.fr\/wp-content\/uploads\/2018\/10\/PA020229.jpg 2048w\" sizes=\"auto, (max-width: 300px) 100vw, 300px\" \/><\/a><\/p>\n<p>Apr\u00e8s un tour de l&rsquo;\u00e9tang ( 600 m\u00e8tres), quelques photos des arriv\u00e9es au sprint &#8230;<\/p>\n<p><a href=\"http:\/\/ecole-ste-anne-asserac.fr\/wp-content\/uploads\/2018\/10\/PA020230.jpg\"><img loading=\"lazy\" decoding=\"async\" class=\"aligncenter size-medium wp-image-2666\" src=\"http:\/\/ecole-ste-anne-asserac.fr\/wp-content\/uploads\/2018\/10\/PA020230-225x300.jpg\" alt=\"\" width=\"225\" height=\"300\" srcset=\"https:\/\/ecole-ste-anne-asserac.fr\/wp-content\/uploads\/2018\/10\/PA020230-225x300.jpg 225w, https:\/\/ecole-ste-anne-asserac.fr\/wp-content\/uploads\/2018\/10\/PA020230-768x1024.jpg 768w, https:\/\/ecole-ste-anne-asserac.fr\/wp-content\/uploads\/2018\/10\/PA020230-600x800.jpg 600w, https:\/\/ecole-ste-anne-asserac.fr\/wp-content\/uploads\/2018\/10\/PA020230.jpg 1536w\" sizes=\"auto, (max-width: 225px) 100vw, 225px\" \/><\/a><\/p>\n<p><a href=\"http:\/\/ecole-ste-anne-asserac.fr\/wp-content\/uploads\/2018\/10\/PA020231.jpg\"><img loading=\"lazy\" decoding=\"async\" class=\"size-medium wp-image-2667\" src=\"http:\/\/ecole-ste-anne-asserac.fr\/wp-content\/uploads\/2018\/10\/PA020231-300x225.jpg\" alt=\"\" width=\"300\" height=\"225\" srcset=\"https:\/\/ecole-ste-anne-asserac.fr\/wp-content\/uploads\/2018\/10\/PA020231-300x225.jpg 300w, https:\/\/ecole-ste-anne-asserac.fr\/wp-content\/uploads\/2018\/10\/PA020231-768x576.jpg 768w, https:\/\/ecole-ste-anne-asserac.fr\/wp-content\/uploads\/2018\/10\/PA020231-1024x768.jpg 1024w, https:\/\/ecole-ste-anne-asserac.fr\/wp-content\/uploads\/2018\/10\/PA020231-600x450.jpg 600w, https:\/\/ecole-ste-anne-asserac.fr\/wp-content\/uploads\/2018\/10\/PA020231.jpg 2048w\" sizes=\"auto, (max-width: 300px) 100vw, 300px\" \/><\/a><\/p>\n<p><a href=\"http:\/\/ecole-ste-anne-asserac.fr\/wp-content\/uploads\/2018\/10\/PA020232.jpg\"><img loading=\"lazy\" decoding=\"async\" class=\"aligncenter size-medium wp-image-2668\" src=\"http:\/\/ecole-ste-anne-asserac.fr\/wp-content\/uploads\/2018\/10\/PA020232-300x225.jpg\" alt=\"\" width=\"300\" height=\"225\" srcset=\"https:\/\/ecole-ste-anne-asserac.fr\/wp-content\/uploads\/2018\/10\/PA020232-300x225.jpg 300w, https:\/\/ecole-ste-anne-asserac.fr\/wp-content\/uploads\/2018\/10\/PA020232-768x576.jpg 768w, https:\/\/ecole-ste-anne-asserac.fr\/wp-content\/uploads\/2018\/10\/PA020232-1024x768.jpg 1024w, https:\/\/ecole-ste-anne-asserac.fr\/wp-content\/uploads\/2018\/10\/PA020232-600x450.jpg 600w, https:\/\/ecole-ste-anne-asserac.fr\/wp-content\/uploads\/2018\/10\/PA020232.jpg 2048w\" sizes=\"auto, (max-width: 300px) 100vw, 300px\" \/><\/a><a href=\"http:\/\/ecole-ste-anne-asserac.fr\/wp-content\/uploads\/2018\/10\/PA020233.jpg\"><img loading=\"lazy\" decoding=\"async\" class=\"aligncenter size-medium wp-image-2669\" src=\"http:\/\/ecole-ste-anne-asserac.fr\/wp-content\/uploads\/2018\/10\/PA020233-300x225.jpg\" alt=\"\" width=\"300\" height=\"225\" srcset=\"https:\/\/ecole-ste-anne-asserac.fr\/wp-content\/uploads\/2018\/10\/PA020233-300x225.jpg 300w, https:\/\/ecole-ste-anne-asserac.fr\/wp-content\/uploads\/2018\/10\/PA020233-768x576.jpg 768w, https:\/\/ecole-ste-anne-asserac.fr\/wp-content\/uploads\/2018\/10\/PA020233-1024x768.jpg 1024w, https:\/\/ecole-ste-anne-asserac.fr\/wp-content\/uploads\/2018\/10\/PA020233-600x450.jpg 600w, https:\/\/ecole-ste-anne-asserac.fr\/wp-content\/uploads\/2018\/10\/PA020233.jpg 2048w\" sizes=\"auto, (max-width: 300px) 100vw, 300px\" \/><\/a><a href=\"http:\/\/ecole-ste-anne-asserac.fr\/wp-content\/uploads\/2018\/10\/PA020234.jpg\"><img loading=\"lazy\" decoding=\"async\" class=\"aligncenter size-medium wp-image-2670\" src=\"http:\/\/ecole-ste-anne-asserac.fr\/wp-content\/uploads\/2018\/10\/PA020234-300x225.jpg\" alt=\"\" width=\"300\" height=\"225\" srcset=\"https:\/\/ecole-ste-anne-asserac.fr\/wp-content\/uploads\/2018\/10\/PA020234-300x225.jpg 300w, https:\/\/ecole-ste-anne-asserac.fr\/wp-content\/uploads\/2018\/10\/PA020234-768x576.jpg 768w, https:\/\/ecole-ste-anne-asserac.fr\/wp-content\/uploads\/2018\/10\/PA020234-1024x768.jpg 1024w, https:\/\/ecole-ste-anne-asserac.fr\/wp-content\/uploads\/2018\/10\/PA020234-600x450.jpg 600w, https:\/\/ecole-ste-anne-asserac.fr\/wp-content\/uploads\/2018\/10\/PA020234.jpg 2048w\" sizes=\"auto, (max-width: 300px) 100vw, 300px\" \/><\/a><a href=\"http:\/\/ecole-ste-anne-asserac.fr\/wp-content\/uploads\/2018\/10\/PA020235.jpg\"><img loading=\"lazy\" decoding=\"async\" class=\"aligncenter size-medium wp-image-2671\" src=\"http:\/\/ecole-ste-anne-asserac.fr\/wp-content\/uploads\/2018\/10\/PA020235-300x225.jpg\" alt=\"\" width=\"300\" height=\"225\" srcset=\"https:\/\/ecole-ste-anne-asserac.fr\/wp-content\/uploads\/2018\/10\/PA020235-300x225.jpg 300w, https:\/\/ecole-ste-anne-asserac.fr\/wp-content\/uploads\/2018\/10\/PA020235-768x576.jpg 768w, https:\/\/ecole-ste-anne-asserac.fr\/wp-content\/uploads\/2018\/10\/PA020235-1024x768.jpg 1024w, https:\/\/ecole-ste-anne-asserac.fr\/wp-content\/uploads\/2018\/10\/PA020235-600x450.jpg 600w, https:\/\/ecole-ste-anne-asserac.fr\/wp-content\/uploads\/2018\/10\/PA020235.jpg 2048w\" sizes=\"auto, (max-width: 300px) 100vw, 300px\" \/><\/a><a href=\"http:\/\/ecole-ste-anne-asserac.fr\/wp-content\/uploads\/2018\/10\/PA020236.jpg\"><img loading=\"lazy\" decoding=\"async\" class=\"aligncenter size-medium wp-image-2672\" src=\"http:\/\/ecole-ste-anne-asserac.fr\/wp-content\/uploads\/2018\/10\/PA020236-300x225.jpg\" alt=\"\" width=\"300\" height=\"225\" srcset=\"https:\/\/ecole-ste-anne-asserac.fr\/wp-content\/uploads\/2018\/10\/PA020236-300x225.jpg 300w, https:\/\/ecole-ste-anne-asserac.fr\/wp-content\/uploads\/2018\/10\/PA020236-768x576.jpg 768w, https:\/\/ecole-ste-anne-asserac.fr\/wp-content\/uploads\/2018\/10\/PA020236-1024x768.jpg 1024w, https:\/\/ecole-ste-anne-asserac.fr\/wp-content\/uploads\/2018\/10\/PA020236-600x450.jpg 600w, https:\/\/ecole-ste-anne-asserac.fr\/wp-content\/uploads\/2018\/10\/PA020236.jpg 2048w\" sizes=\"auto, (max-width: 300px) 100vw, 300px\" \/><\/a><\/p>\n<p>Les places ? Margot (3\u00e8me), Thalia (6\u00e8me), Carmen (14\u00e8me), Youna (24\u00e8me), Amandine (31\u00e8me), Noa (36\u00e8me), Florine ( 37\u00e8me), In\u00e8s (38\u00e8me), Enoha ( 39 \u00e8me ) et Maiann (40\u00e8me)&nbsp;<\/p>\n<p>Apr\u00e8s la course, petit moment de r\u00e9confort avec le go\u00fbter :<a href=\"http:\/\/ecole-ste-anne-asserac.fr\/wp-content\/uploads\/2018\/10\/PA020237.jpg\"><img loading=\"lazy\" decoding=\"async\" class=\"aligncenter size-medium wp-image-2673\" src=\"http:\/\/ecole-ste-anne-asserac.fr\/wp-content\/uploads\/2018\/10\/PA020237-300x225.jpg\" alt=\"\" width=\"300\" height=\"225\" srcset=\"https:\/\/ecole-ste-anne-asserac.fr\/wp-content\/uploads\/2018\/10\/PA020237-300x225.jpg 300w, https:\/\/ecole-ste-anne-asserac.fr\/wp-content\/uploads\/2018\/10\/PA020237-768x576.jpg 768w, https:\/\/ecole-ste-anne-asserac.fr\/wp-content\/uploads\/2018\/10\/PA020237-1024x768.jpg 1024w, https:\/\/ecole-ste-anne-asserac.fr\/wp-content\/uploads\/2018\/10\/PA020237-600x450.jpg 600w, https:\/\/ecole-ste-anne-asserac.fr\/wp-content\/uploads\/2018\/10\/PA020237.jpg 2048w\" sizes=\"auto, (max-width: 300px) 100vw, 300px\" \/><\/a><\/p>\n<p style=\"text-align: center;\">2\u00e8me course : celle des gar\u00e7ons n\u00e9s en 2008 et 2009<\/p>\n<p style=\"text-align: center;\">Apr\u00e8s avoir \u00e9cout\u00e9 les consignes, c&rsquo;est le d\u00e9part !<\/p>\n<p><a href=\"http:\/\/ecole-ste-anne-asserac.fr\/wp-content\/uploads\/2018\/10\/PA020240.jpg\"><img loading=\"lazy\" decoding=\"async\" class=\"aligncenter size-medium wp-image-2674\" src=\"http:\/\/ecole-ste-anne-asserac.fr\/wp-content\/uploads\/2018\/10\/PA020240-300x225.jpg\" alt=\"\" width=\"300\" height=\"225\" srcset=\"https:\/\/ecole-ste-anne-asserac.fr\/wp-content\/uploads\/2018\/10\/PA020240-300x225.jpg 300w, https:\/\/ecole-ste-anne-asserac.fr\/wp-content\/uploads\/2018\/10\/PA020240-768x576.jpg 768w, https:\/\/ecole-ste-anne-asserac.fr\/wp-content\/uploads\/2018\/10\/PA020240-1024x768.jpg 1024w, https:\/\/ecole-ste-anne-asserac.fr\/wp-content\/uploads\/2018\/10\/PA020240-600x450.jpg 600w, https:\/\/ecole-ste-anne-asserac.fr\/wp-content\/uploads\/2018\/10\/PA020240.jpg 2048w\" sizes=\"auto, (max-width: 300px) 100vw, 300px\" \/><\/a><\/p>\n<p><a href=\"http:\/\/ecole-ste-anne-asserac.fr\/wp-content\/uploads\/2018\/10\/PA020238.jpg\"><img loading=\"lazy\" decoding=\"async\" class=\"size-medium wp-image-2675\" src=\"http:\/\/ecole-ste-anne-asserac.fr\/wp-content\/uploads\/2018\/10\/PA020238-300x225.jpg\" alt=\"\" width=\"300\" height=\"225\" srcset=\"https:\/\/ecole-ste-anne-asserac.fr\/wp-content\/uploads\/2018\/10\/PA020238-300x225.jpg 300w, https:\/\/ecole-ste-anne-asserac.fr\/wp-content\/uploads\/2018\/10\/PA020238-768x576.jpg 768w, https:\/\/ecole-ste-anne-asserac.fr\/wp-content\/uploads\/2018\/10\/PA020238-1024x768.jpg 1024w, https:\/\/ecole-ste-anne-asserac.fr\/wp-content\/uploads\/2018\/10\/PA020238-600x450.jpg 600w, https:\/\/ecole-ste-anne-asserac.fr\/wp-content\/uploads\/2018\/10\/PA020238.jpg 2048w\" sizes=\"auto, (max-width: 300px) 100vw, 300px\" \/><\/a><\/p>\n<p>&nbsp;<\/p>\n<p>Apr\u00e8s avoir couru la m\u00eame distance que les filles, un aper\u00e7u des arriv\u00e9es &#8230;<\/p>\n<p><img loading=\"lazy\" decoding=\"async\" class=\"aligncenter size-medium wp-image-2676\" src=\"http:\/\/ecole-ste-anne-asserac.fr\/wp-content\/uploads\/2018\/10\/PA020241-300x225.jpg\" alt=\"\" width=\"300\" height=\"225\" srcset=\"https:\/\/ecole-ste-anne-asserac.fr\/wp-content\/uploads\/2018\/10\/PA020241-300x225.jpg 300w, https:\/\/ecole-ste-anne-asserac.fr\/wp-content\/uploads\/2018\/10\/PA020241-768x576.jpg 768w, https:\/\/ecole-ste-anne-asserac.fr\/wp-content\/uploads\/2018\/10\/PA020241-1024x768.jpg 1024w, https:\/\/ecole-ste-anne-asserac.fr\/wp-content\/uploads\/2018\/10\/PA020241-600x450.jpg 600w, https:\/\/ecole-ste-anne-asserac.fr\/wp-content\/uploads\/2018\/10\/PA020241.jpg 2048w\" sizes=\"auto, (max-width: 300px) 100vw, 300px\" \/><\/p>\n<p>&nbsp;<\/p>\n<p>&nbsp;<\/p>\n<p>&nbsp;<\/p>\n<p><a href=\"http:\/\/ecole-ste-anne-asserac.fr\/wp-content\/uploads\/2018\/10\/PA020242.jpg\"><img loading=\"lazy\" decoding=\"async\" class=\"size-medium wp-image-2677\" src=\"http:\/\/ecole-ste-anne-asserac.fr\/wp-content\/uploads\/2018\/10\/PA020242-300x225.jpg\" alt=\"\" width=\"300\" height=\"225\" srcset=\"https:\/\/ecole-ste-anne-asserac.fr\/wp-content\/uploads\/2018\/10\/PA020242-300x225.jpg 300w, https:\/\/ecole-ste-anne-asserac.fr\/wp-content\/uploads\/2018\/10\/PA020242-768x576.jpg 768w, https:\/\/ecole-ste-anne-asserac.fr\/wp-content\/uploads\/2018\/10\/PA020242-1024x768.jpg 1024w, https:\/\/ecole-ste-anne-asserac.fr\/wp-content\/uploads\/2018\/10\/PA020242-600x450.jpg 600w, https:\/\/ecole-ste-anne-asserac.fr\/wp-content\/uploads\/2018\/10\/PA020242.jpg 2048w\" sizes=\"auto, (max-width: 300px) 100vw, 300px\" \/><\/a><\/p>\n<p><a href=\"http:\/\/ecole-ste-anne-asserac.fr\/wp-content\/uploads\/2018\/10\/PA020243.jpg\"><img loading=\"lazy\" decoding=\"async\" class=\"size-medium wp-image-2678\" src=\"http:\/\/ecole-ste-anne-asserac.fr\/wp-content\/uploads\/2018\/10\/PA020243-300x225.jpg\" alt=\"\" width=\"300\" height=\"225\" srcset=\"https:\/\/ecole-ste-anne-asserac.fr\/wp-content\/uploads\/2018\/10\/PA020243-300x225.jpg 300w, https:\/\/ecole-ste-anne-asserac.fr\/wp-content\/uploads\/2018\/10\/PA020243-768x576.jpg 768w, https:\/\/ecole-ste-anne-asserac.fr\/wp-content\/uploads\/2018\/10\/PA020243-1024x768.jpg 1024w, https:\/\/ecole-ste-anne-asserac.fr\/wp-content\/uploads\/2018\/10\/PA020243-600x450.jpg 600w, https:\/\/ecole-ste-anne-asserac.fr\/wp-content\/uploads\/2018\/10\/PA020243.jpg 2048w\" sizes=\"auto, (max-width: 300px) 100vw, 300px\" \/><\/a><\/p>\n<p><a href=\"http:\/\/ecole-ste-anne-asserac.fr\/wp-content\/uploads\/2018\/10\/PA020244.jpg\"><img loading=\"lazy\" decoding=\"async\" class=\"size-medium wp-image-2679\" src=\"http:\/\/ecole-ste-anne-asserac.fr\/wp-content\/uploads\/2018\/10\/PA020244-300x225.jpg\" alt=\"\" width=\"300\" height=\"225\" srcset=\"https:\/\/ecole-ste-anne-asserac.fr\/wp-content\/uploads\/2018\/10\/PA020244-300x225.jpg 300w, https:\/\/ecole-ste-anne-asserac.fr\/wp-content\/uploads\/2018\/10\/PA020244-768x576.jpg 768w, https:\/\/ecole-ste-anne-asserac.fr\/wp-content\/uploads\/2018\/10\/PA020244-1024x768.jpg 1024w, https:\/\/ecole-ste-anne-asserac.fr\/wp-content\/uploads\/2018\/10\/PA020244-600x450.jpg 600w, https:\/\/ecole-ste-anne-asserac.fr\/wp-content\/uploads\/2018\/10\/PA020244.jpg 2048w\" sizes=\"auto, (max-width: 300px) 100vw, 300px\" \/><\/a><\/p>\n<div id=\"attachment_2680\" style=\"width: 310px\" class=\"wp-caption aligncenter\"><a href=\"http:\/\/ecole-ste-anne-asserac.fr\/wp-content\/uploads\/2018\/10\/PA020245.jpg\"><img loading=\"lazy\" decoding=\"async\" aria-describedby=\"caption-attachment-2680\" class=\"size-medium wp-image-2680\" src=\"http:\/\/ecole-ste-anne-asserac.fr\/wp-content\/uploads\/2018\/10\/PA020245-300x225.jpg\" alt=\"\" width=\"300\" height=\"225\" srcset=\"https:\/\/ecole-ste-anne-asserac.fr\/wp-content\/uploads\/2018\/10\/PA020245-300x225.jpg 300w, https:\/\/ecole-ste-anne-asserac.fr\/wp-content\/uploads\/2018\/10\/PA020245-768x576.jpg 768w, https:\/\/ecole-ste-anne-asserac.fr\/wp-content\/uploads\/2018\/10\/PA020245-1024x768.jpg 1024w, https:\/\/ecole-ste-anne-asserac.fr\/wp-content\/uploads\/2018\/10\/PA020245-600x450.jpg 600w, https:\/\/ecole-ste-anne-asserac.fr\/wp-content\/uploads\/2018\/10\/PA020245.jpg 2048w\" sizes=\"auto, (max-width: 300px) 100vw, 300px\" \/><\/a><p id=\"caption-attachment-2680\" class=\"wp-caption-text\">OLYMPUS DIGITAL CAMERA<\/p><\/div>\n<p><a href=\"http:\/\/ecole-ste-anne-asserac.fr\/wp-content\/uploads\/2018\/10\/PA020246.jpg\"><img loading=\"lazy\" decoding=\"async\" class=\"size-medium wp-image-2681\" src=\"http:\/\/ecole-ste-anne-asserac.fr\/wp-content\/uploads\/2018\/10\/PA020246-300x225.jpg\" alt=\"\" width=\"300\" height=\"225\" srcset=\"https:\/\/ecole-ste-anne-asserac.fr\/wp-content\/uploads\/2018\/10\/PA020246-300x225.jpg 300w, https:\/\/ecole-ste-anne-asserac.fr\/wp-content\/uploads\/2018\/10\/PA020246-768x576.jpg 768w, https:\/\/ecole-ste-anne-asserac.fr\/wp-content\/uploads\/2018\/10\/PA020246-1024x768.jpg 1024w, https:\/\/ecole-ste-anne-asserac.fr\/wp-content\/uploads\/2018\/10\/PA020246-600x450.jpg 600w, https:\/\/ecole-ste-anne-asserac.fr\/wp-content\/uploads\/2018\/10\/PA020246.jpg 2048w\" sizes=\"auto, (max-width: 300px) 100vw, 300px\" \/><\/a><\/p>\n<p><a href=\"http:\/\/ecole-ste-anne-asserac.fr\/wp-content\/uploads\/2018\/10\/PA020247.jpg\"><img loading=\"lazy\" decoding=\"async\" class=\"size-medium wp-image-2682\" src=\"http:\/\/ecole-ste-anne-asserac.fr\/wp-content\/uploads\/2018\/10\/PA020247-300x225.jpg\" alt=\"\" width=\"300\" height=\"225\" srcset=\"https:\/\/ecole-ste-anne-asserac.fr\/wp-content\/uploads\/2018\/10\/PA020247-300x225.jpg 300w, https:\/\/ecole-ste-anne-asserac.fr\/wp-content\/uploads\/2018\/10\/PA020247-768x576.jpg 768w, https:\/\/ecole-ste-anne-asserac.fr\/wp-content\/uploads\/2018\/10\/PA020247-1024x768.jpg 1024w, https:\/\/ecole-ste-anne-asserac.fr\/wp-content\/uploads\/2018\/10\/PA020247-600x450.jpg 600w, https:\/\/ecole-ste-anne-asserac.fr\/wp-content\/uploads\/2018\/10\/PA020247.jpg 2048w\" sizes=\"auto, (max-width: 300px) 100vw, 300px\" \/><\/a><\/p>\n<p><a href=\"http:\/\/ecole-ste-anne-asserac.fr\/wp-content\/uploads\/2018\/10\/PA020248.jpg\"><img loading=\"lazy\" decoding=\"async\" class=\"size-medium wp-image-2683\" src=\"http:\/\/ecole-ste-anne-asserac.fr\/wp-content\/uploads\/2018\/10\/PA020248-300x225.jpg\" alt=\"\" width=\"300\" height=\"225\" srcset=\"https:\/\/ecole-ste-anne-asserac.fr\/wp-content\/uploads\/2018\/10\/PA020248-300x225.jpg 300w, https:\/\/ecole-ste-anne-asserac.fr\/wp-content\/uploads\/2018\/10\/PA020248-768x576.jpg 768w, https:\/\/ecole-ste-anne-asserac.fr\/wp-content\/uploads\/2018\/10\/PA020248-1024x768.jpg 1024w, https:\/\/ecole-ste-anne-asserac.fr\/wp-content\/uploads\/2018\/10\/PA020248-600x450.jpg 600w, https:\/\/ecole-ste-anne-asserac.fr\/wp-content\/uploads\/2018\/10\/PA020248.jpg 2048w\" sizes=\"auto, (max-width: 300px) 100vw, 300px\" \/><\/a><\/p>\n<p>&nbsp;<\/p>\n<p>Le classement ? Jules(4\u00e8me), Enzo (5\u00e8me), S\u00e9bastien (19\u00e8me), Evann (20\u00e8me), Gawen ( 23\u00e8me), Julien ( 24\u00e8me), Arthur (29 \u00e8me), Alexis (34\u00e8me), Kevin (41\u00e8me)&nbsp;<\/p>\n<p>Tous sont fiers d&rsquo;avoir r\u00e9ussi les 600 m\u00e8tres, d&rsquo;avoir termin\u00e9 la course . <a href=\"http:\/\/ecole-ste-anne-asserac.fr\/wp-content\/uploads\/2018\/10\/PA020261.jpg\"><img loading=\"lazy\" decoding=\"async\" class=\"aligncenter size-medium wp-image-2684\" src=\"http:\/\/ecole-ste-anne-asserac.fr\/wp-content\/uploads\/2018\/10\/PA020261-300x225.jpg\" alt=\"\" width=\"300\" height=\"225\" srcset=\"https:\/\/ecole-ste-anne-asserac.fr\/wp-content\/uploads\/2018\/10\/PA020261-300x225.jpg 300w, https:\/\/ecole-ste-anne-asserac.fr\/wp-content\/uploads\/2018\/10\/PA020261-768x576.jpg 768w, https:\/\/ecole-ste-anne-asserac.fr\/wp-content\/uploads\/2018\/10\/PA020261-1024x768.jpg 1024w, https:\/\/ecole-ste-anne-asserac.fr\/wp-content\/uploads\/2018\/10\/PA020261-600x450.jpg 600w, https:\/\/ecole-ste-anne-asserac.fr\/wp-content\/uploads\/2018\/10\/PA020261.jpg 2048w\" sizes=\"auto, (max-width: 300px) 100vw, 300px\" \/><\/a><\/p>\n<p>Nous avons ensuite encourag\u00e9 tous les \u00ab\u00a0anciens\u00a0\u00bb de l&rsquo;\u00e9cole que nous avons eu plaisir \u00e0 retrouver &#8230; On aurait dit plut\u00f4t une classe de CM3&#8230;ou de cours double CM2\/6\u00e8me .&nbsp;<a href=\"http:\/\/ecole-ste-anne-asserac.fr\/wp-content\/uploads\/2018\/10\/PA020260.jpg\"><img loading=\"lazy\" decoding=\"async\" class=\"aligncenter size-medium wp-image-2685\" src=\"http:\/\/ecole-ste-anne-asserac.fr\/wp-content\/uploads\/2018\/10\/PA020260-300x225.jpg\" alt=\"\" width=\"300\" height=\"225\" srcset=\"https:\/\/ecole-ste-anne-asserac.fr\/wp-content\/uploads\/2018\/10\/PA020260-300x225.jpg 300w, https:\/\/ecole-ste-anne-asserac.fr\/wp-content\/uploads\/2018\/10\/PA020260-768x576.jpg 768w, https:\/\/ecole-ste-anne-asserac.fr\/wp-content\/uploads\/2018\/10\/PA020260-1024x768.jpg 1024w, https:\/\/ecole-ste-anne-asserac.fr\/wp-content\/uploads\/2018\/10\/PA020260-600x450.jpg 600w, https:\/\/ecole-ste-anne-asserac.fr\/wp-content\/uploads\/2018\/10\/PA020260.jpg 2048w\" sizes=\"auto, (max-width: 300px) 100vw, 300px\" \/><\/a><\/p>\n<p><a href=\"http:\/\/ecole-ste-anne-asserac.fr\/wp-content\/uploads\/2018\/10\/PA020262.jpg\"><img loading=\"lazy\" decoding=\"async\" class=\"aligncenter size-medium wp-image-2686\" src=\"http:\/\/ecole-ste-anne-asserac.fr\/wp-content\/uploads\/2018\/10\/PA020262-300x225.jpg\" alt=\"\" width=\"300\" height=\"225\" srcset=\"https:\/\/ecole-ste-anne-asserac.fr\/wp-content\/uploads\/2018\/10\/PA020262-300x225.jpg 300w, https:\/\/ecole-ste-anne-asserac.fr\/wp-content\/uploads\/2018\/10\/PA020262-768x576.jpg 768w, https:\/\/ecole-ste-anne-asserac.fr\/wp-content\/uploads\/2018\/10\/PA020262-1024x768.jpg 1024w, https:\/\/ecole-ste-anne-asserac.fr\/wp-content\/uploads\/2018\/10\/PA020262-600x450.jpg 600w, https:\/\/ecole-ste-anne-asserac.fr\/wp-content\/uploads\/2018\/10\/PA020262.jpg 2048w\" sizes=\"auto, (max-width: 300px) 100vw, 300px\" \/><\/a><\/p>\n<p><a href=\"http:\/\/ecole-ste-anne-asserac.fr\/wp-content\/uploads\/2018\/10\/PA020263.jpg\"><img loading=\"lazy\" decoding=\"async\" class=\"size-medium wp-image-2687\" src=\"http:\/\/ecole-ste-anne-asserac.fr\/wp-content\/uploads\/2018\/10\/PA020263-300x225.jpg\" alt=\"\" width=\"300\" height=\"225\" srcset=\"https:\/\/ecole-ste-anne-asserac.fr\/wp-content\/uploads\/2018\/10\/PA020263-300x225.jpg 300w, https:\/\/ecole-ste-anne-asserac.fr\/wp-content\/uploads\/2018\/10\/PA020263-768x576.jpg 768w, https:\/\/ecole-ste-anne-asserac.fr\/wp-content\/uploads\/2018\/10\/PA020263-1024x768.jpg 1024w, https:\/\/ecole-ste-anne-asserac.fr\/wp-content\/uploads\/2018\/10\/PA020263-600x450.jpg 600w, https:\/\/ecole-ste-anne-asserac.fr\/wp-content\/uploads\/2018\/10\/PA020263.jpg 2048w\" sizes=\"auto, (max-width: 300px) 100vw, 300px\" \/><\/a><\/p>\n<p><a href=\"http:\/\/ecole-ste-anne-asserac.fr\/wp-content\/uploads\/2018\/10\/PA020264.jpg\"><img loading=\"lazy\" decoding=\"async\" class=\"size-medium wp-image-2688\" src=\"http:\/\/ecole-ste-anne-asserac.fr\/wp-content\/uploads\/2018\/10\/PA020264-300x225.jpg\" alt=\"\" width=\"300\" height=\"225\" srcset=\"https:\/\/ecole-ste-anne-asserac.fr\/wp-content\/uploads\/2018\/10\/PA020264-300x225.jpg 300w, https:\/\/ecole-ste-anne-asserac.fr\/wp-content\/uploads\/2018\/10\/PA020264-768x576.jpg 768w, https:\/\/ecole-ste-anne-asserac.fr\/wp-content\/uploads\/2018\/10\/PA020264-1024x768.jpg 1024w, https:\/\/ecole-ste-anne-asserac.fr\/wp-content\/uploads\/2018\/10\/PA020264-600x450.jpg 600w, https:\/\/ecole-ste-anne-asserac.fr\/wp-content\/uploads\/2018\/10\/PA020264.jpg 2048w\" sizes=\"auto, (max-width: 300px) 100vw, 300px\" \/><\/a><\/p>\n<p>&nbsp;<\/p>\n<p>Les 3 premiers de chaque course ont ensuite \u00e9t\u00e9 r\u00e9compens\u00e9s par une m\u00e9daille. Les enfants d&rsquo;Ass\u00e9rac se sont surtout distingu\u00e9s chez les filles !<a href=\"http:\/\/ecole-ste-anne-asserac.fr\/wp-content\/uploads\/2018\/10\/PA020265.jpg\"><img loading=\"lazy\" decoding=\"async\" class=\"aligncenter size-medium wp-image-2689\" src=\"http:\/\/ecole-ste-anne-asserac.fr\/wp-content\/uploads\/2018\/10\/PA020265-300x225.jpg\" alt=\"\" width=\"300\" height=\"225\" srcset=\"https:\/\/ecole-ste-anne-asserac.fr\/wp-content\/uploads\/2018\/10\/PA020265-300x225.jpg 300w, https:\/\/ecole-ste-anne-asserac.fr\/wp-content\/uploads\/2018\/10\/PA020265-768x576.jpg 768w, https:\/\/ecole-ste-anne-asserac.fr\/wp-content\/uploads\/2018\/10\/PA020265-1024x768.jpg 1024w, https:\/\/ecole-ste-anne-asserac.fr\/wp-content\/uploads\/2018\/10\/PA020265-600x450.jpg 600w, https:\/\/ecole-ste-anne-asserac.fr\/wp-content\/uploads\/2018\/10\/PA020265.jpg 2048w\" sizes=\"auto, (max-width: 300px) 100vw, 300px\" \/><\/a><\/p>\n<p><a href=\"http:\/\/ecole-ste-anne-asserac.fr\/wp-content\/uploads\/2018\/10\/PA020268.jpg\"><img loading=\"lazy\" decoding=\"async\" class=\"size-medium wp-image-2690\" src=\"http:\/\/ecole-ste-anne-asserac.fr\/wp-content\/uploads\/2018\/10\/PA020268-300x225.jpg\" alt=\"\" width=\"300\" height=\"225\" srcset=\"https:\/\/ecole-ste-anne-asserac.fr\/wp-content\/uploads\/2018\/10\/PA020268-300x225.jpg 300w, https:\/\/ecole-ste-anne-asserac.fr\/wp-content\/uploads\/2018\/10\/PA020268-768x576.jpg 768w, https:\/\/ecole-ste-anne-asserac.fr\/wp-content\/uploads\/2018\/10\/PA020268-1024x768.jpg 1024w, https:\/\/ecole-ste-anne-asserac.fr\/wp-content\/uploads\/2018\/10\/PA020268-600x450.jpg 600w, https:\/\/ecole-ste-anne-asserac.fr\/wp-content\/uploads\/2018\/10\/PA020268.jpg 2048w\" sizes=\"auto, (max-width: 300px) 100vw, 300px\" \/><\/a><\/p>\n<p>&nbsp;<\/p>\n<p style=\"text-align: center;\">Bravo \u00e0 toutes et tous, on recommencera l&rsquo;an prochain !<\/p>\n","protected":false},"excerpt":{"rendered":"<p>Nous avons enfin re\u00e7u les r\u00e9sultats des courses auxquelles nous avons particip\u00e9 ! Mardi 2 octobre dernier, nous nous sommes rendus \u00e0 Herbignac, sur le site du Pr\u00e9 Grasseur avec les autres classes de CM2 et de 6\u00e8me de la CLE des Marais ( La CHapelle, Herbignac, St Lyphard &#8230; et nous !) 1\u00e8re course<\/p>\n<p><a href=\"https:\/\/ecole-ste-anne-asserac.fr\/?p=2663\" class=\"more-link themebutton\">Lire la suite<\/a><\/p>\n","protected":false},"author":3,"featured_media":0,"comment_status":"closed","ping_status":"closed","sticky":false,"template":"","format":"standard","meta":{"ngg_post_thumbnail":0,"footnotes":""},"categories":[8],"tags":[],"class_list":["post-2663","post","type-post","status-publish","format-standard","hentry","category-classe-de-cm1-cm2"],"_links":{"self":[{"href":"https:\/\/ecole-ste-anne-asserac.fr\/index.php?rest_route=\/wp\/v2\/posts\/2663","targetHints":{"allow":["GET"]}}],"collection":[{"href":"https:\/\/ecole-ste-anne-asserac.fr\/index.php?rest_route=\/wp\/v2\/posts"}],"about":[{"href":"https:\/\/ecole-ste-anne-asserac.fr\/index.php?rest_route=\/wp\/v2\/types\/post"}],"author":[{"embeddable":true,"href":"https:\/\/ecole-ste-anne-asserac.fr\/index.php?rest_route=\/wp\/v2\/users\/3"}],"replies":[{"embeddable":true,"href":"https:\/\/ecole-ste-anne-asserac.fr\/index.php?rest_route=%2Fwp%2Fv2%2Fcomments&post=2663"}],"version-history":[{"count":0,"href":"https:\/\/ecole-ste-anne-asserac.fr\/index.php?rest_route=\/wp\/v2\/posts\/2663\/revisions"}],"wp:attachment":[{"href":"https:\/\/ecole-ste-anne-asserac.fr\/index.php?rest_route=%2Fwp%2Fv2%2Fmedia&parent=2663"}],"wp:term":[{"taxonomy":"category","embeddable":true,"href":"https:\/\/ecole-ste-anne-asserac.fr\/index.php?rest_route=%2Fwp%2Fv2%2Fcategories&post=2663"},{"taxonomy":"post_tag","embeddable":true,"href":"https:\/\/ecole-ste-anne-asserac.fr\/index.php?rest_route=%2Fwp%2Fv2%2Ftags&post=2663"}],"curies":[{"name":"wp","href":"https:\/\/api.w.org\/{rel}","templated":true}]}}