{"id":2694,"date":"2018-10-28T18:59:13","date_gmt":"2018-10-28T17:59:13","guid":{"rendered":"http:\/\/ecole-ste-anne-asserac.fr\/?p=2694"},"modified":"2018-11-07T12:09:45","modified_gmt":"2018-11-07T11:09:45","slug":"voile-pour-les-cm1","status":"publish","type":"post","link":"https:\/\/ecole-ste-anne-asserac.fr\/?p=2694","title":{"rendered":"Voile pour les CM1"},"content":{"rendered":"<p>Pendant les mois de septembre et octobre, les \u00e9l\u00e8ves de CM1 ont d\u00e9couvert la voile au club nautique de P\u00e9nestin.<\/p>\n<p>Nous avons navigu\u00e9 sur des FunBoats: des petits bateaux \u00e0 la coque jaune et \u00e0 la voile fluo.<\/p>\n<p>Durant ces 5 s\u00e9ances de voile, nous avons pu profiter d&rsquo;excellentes conditions: du soleil et du vent! Gr\u00e2ce aux conseils d&rsquo;Ingrid et de Greg, nous nous sommes tous d\u00e9pass\u00e9s dans un sport que nous ne connaissions pas.<\/p>\n<p>Nous sommes d\u00e9j\u00e0 tr\u00e8s impatients de les retrouver l&rsquo;an prochain!<\/p>\n<p><a href=\"http:\/\/ecole-ste-anne-asserac.fr\/wp-content\/uploads\/2018\/10\/IMG_1695.jpg\"><img loading=\"lazy\" decoding=\"async\" class=\"alignnone size-medium wp-image-2695\" src=\"http:\/\/ecole-ste-anne-asserac.fr\/wp-content\/uploads\/2018\/10\/IMG_1695-300x225.jpg\" alt=\"\" width=\"300\" height=\"225\" srcset=\"https:\/\/ecole-ste-anne-asserac.fr\/wp-content\/uploads\/2018\/10\/IMG_1695-300x225.jpg 300w, https:\/\/ecole-ste-anne-asserac.fr\/wp-content\/uploads\/2018\/10\/IMG_1695-768x576.jpg 768w, https:\/\/ecole-ste-anne-asserac.fr\/wp-content\/uploads\/2018\/10\/IMG_1695-600x450.jpg 600w, https:\/\/ecole-ste-anne-asserac.fr\/wp-content\/uploads\/2018\/10\/IMG_1695.jpg 927w\" sizes=\"auto, (max-width: 300px) 100vw, 300px\" \/><\/a> <a href=\"http:\/\/ecole-ste-anne-asserac.fr\/wp-content\/uploads\/2018\/10\/IMG_1696.jpg\"><img loading=\"lazy\" decoding=\"async\" class=\"alignnone size-medium wp-image-2696\" src=\"http:\/\/ecole-ste-anne-asserac.fr\/wp-content\/uploads\/2018\/10\/IMG_1696-300x225.jpg\" alt=\"\" width=\"300\" height=\"225\" srcset=\"https:\/\/ecole-ste-anne-asserac.fr\/wp-content\/uploads\/2018\/10\/IMG_1696-300x225.jpg 300w, https:\/\/ecole-ste-anne-asserac.fr\/wp-content\/uploads\/2018\/10\/IMG_1696-768x576.jpg 768w, https:\/\/ecole-ste-anne-asserac.fr\/wp-content\/uploads\/2018\/10\/IMG_1696-600x450.jpg 600w, https:\/\/ecole-ste-anne-asserac.fr\/wp-content\/uploads\/2018\/10\/IMG_1696.jpg 927w\" sizes=\"auto, (max-width: 300px) 100vw, 300px\" \/><\/a> <a href=\"http:\/\/ecole-ste-anne-asserac.fr\/wp-content\/uploads\/2018\/10\/IMG_1697.jpg\"><img loading=\"lazy\" decoding=\"async\" class=\"alignnone size-medium wp-image-2697\" src=\"http:\/\/ecole-ste-anne-asserac.fr\/wp-content\/uploads\/2018\/10\/IMG_1697-300x225.jpg\" alt=\"\" width=\"300\" height=\"225\" srcset=\"https:\/\/ecole-ste-anne-asserac.fr\/wp-content\/uploads\/2018\/10\/IMG_1697-300x225.jpg 300w, https:\/\/ecole-ste-anne-asserac.fr\/wp-content\/uploads\/2018\/10\/IMG_1697-768x576.jpg 768w, https:\/\/ecole-ste-anne-asserac.fr\/wp-content\/uploads\/2018\/10\/IMG_1697-600x450.jpg 600w, https:\/\/ecole-ste-anne-asserac.fr\/wp-content\/uploads\/2018\/10\/IMG_1697.jpg 927w\" sizes=\"auto, (max-width: 300px) 100vw, 300px\" \/><\/a> <a href=\"http:\/\/ecole-ste-anne-asserac.fr\/wp-content\/uploads\/2018\/10\/IMG_1698.jpg\"><img loading=\"lazy\" decoding=\"async\" class=\"alignnone size-medium wp-image-2698\" src=\"http:\/\/ecole-ste-anne-asserac.fr\/wp-content\/uploads\/2018\/10\/IMG_1698-225x300.jpg\" alt=\"\" width=\"225\" height=\"300\" srcset=\"https:\/\/ecole-ste-anne-asserac.fr\/wp-content\/uploads\/2018\/10\/IMG_1698-225x300.jpg 225w, https:\/\/ecole-ste-anne-asserac.fr\/wp-content\/uploads\/2018\/10\/IMG_1698.jpg 521w\" sizes=\"auto, (max-width: 225px) 100vw, 225px\" \/><\/a> <a href=\"http:\/\/ecole-ste-anne-asserac.fr\/wp-content\/uploads\/2018\/10\/IMG_1699.jpg\"><img loading=\"lazy\" decoding=\"async\" class=\"alignnone size-medium wp-image-2699\" src=\"http:\/\/ecole-ste-anne-asserac.fr\/wp-content\/uploads\/2018\/10\/IMG_1699-300x225.jpg\" alt=\"\" width=\"300\" height=\"225\" srcset=\"https:\/\/ecole-ste-anne-asserac.fr\/wp-content\/uploads\/2018\/10\/IMG_1699-300x225.jpg 300w, https:\/\/ecole-ste-anne-asserac.fr\/wp-content\/uploads\/2018\/10\/IMG_1699-768x576.jpg 768w, https:\/\/ecole-ste-anne-asserac.fr\/wp-content\/uploads\/2018\/10\/IMG_1699-600x450.jpg 600w, https:\/\/ecole-ste-anne-asserac.fr\/wp-content\/uploads\/2018\/10\/IMG_1699.jpg 927w\" sizes=\"auto, (max-width: 300px) 100vw, 300px\" \/><\/a> <a href=\"http:\/\/ecole-ste-anne-asserac.fr\/wp-content\/uploads\/2018\/10\/IMG_1700.jpg\"><img loading=\"lazy\" decoding=\"async\" class=\"alignnone size-medium wp-image-2700\" src=\"http:\/\/ecole-ste-anne-asserac.fr\/wp-content\/uploads\/2018\/10\/IMG_1700-300x225.jpg\" alt=\"\" width=\"300\" height=\"225\" srcset=\"https:\/\/ecole-ste-anne-asserac.fr\/wp-content\/uploads\/2018\/10\/IMG_1700-300x225.jpg 300w, https:\/\/ecole-ste-anne-asserac.fr\/wp-content\/uploads\/2018\/10\/IMG_1700-768x576.jpg 768w, https:\/\/ecole-ste-anne-asserac.fr\/wp-content\/uploads\/2018\/10\/IMG_1700-600x450.jpg 600w, https:\/\/ecole-ste-anne-asserac.fr\/wp-content\/uploads\/2018\/10\/IMG_1700.jpg 927w\" sizes=\"auto, (max-width: 300px) 100vw, 300px\" \/><\/a> <a href=\"http:\/\/ecole-ste-anne-asserac.fr\/wp-content\/uploads\/2018\/10\/IMG_1701.jpg\"><img loading=\"lazy\" decoding=\"async\" class=\"alignnone size-medium wp-image-2701\" src=\"http:\/\/ecole-ste-anne-asserac.fr\/wp-content\/uploads\/2018\/10\/IMG_1701-300x225.jpg\" alt=\"\" width=\"300\" height=\"225\" srcset=\"https:\/\/ecole-ste-anne-asserac.fr\/wp-content\/uploads\/2018\/10\/IMG_1701-300x225.jpg 300w, https:\/\/ecole-ste-anne-asserac.fr\/wp-content\/uploads\/2018\/10\/IMG_1701-768x576.jpg 768w, https:\/\/ecole-ste-anne-asserac.fr\/wp-content\/uploads\/2018\/10\/IMG_1701-600x450.jpg 600w, https:\/\/ecole-ste-anne-asserac.fr\/wp-content\/uploads\/2018\/10\/IMG_1701.jpg 927w\" sizes=\"auto, (max-width: 300px) 100vw, 300px\" \/><\/a> <a href=\"http:\/\/ecole-ste-anne-asserac.fr\/wp-content\/uploads\/2018\/10\/IMG_1702.jpg\"><img loading=\"lazy\" decoding=\"async\" class=\"alignnone size-medium wp-image-2702\" src=\"http:\/\/ecole-ste-anne-asserac.fr\/wp-content\/uploads\/2018\/10\/IMG_1702-300x225.jpg\" alt=\"\" width=\"300\" height=\"225\" srcset=\"https:\/\/ecole-ste-anne-asserac.fr\/wp-content\/uploads\/2018\/10\/IMG_1702-300x225.jpg 300w, https:\/\/ecole-ste-anne-asserac.fr\/wp-content\/uploads\/2018\/10\/IMG_1702-768x576.jpg 768w, https:\/\/ecole-ste-anne-asserac.fr\/wp-content\/uploads\/2018\/10\/IMG_1702-600x450.jpg 600w, https:\/\/ecole-ste-anne-asserac.fr\/wp-content\/uploads\/2018\/10\/IMG_1702.jpg 927w\" sizes=\"auto, (max-width: 300px) 100vw, 300px\" \/><\/a> <a href=\"http:\/\/ecole-ste-anne-asserac.fr\/wp-content\/uploads\/2018\/10\/IMG_1703.jpg\"><img loading=\"lazy\" decoding=\"async\" class=\"alignnone size-medium wp-image-2703\" src=\"http:\/\/ecole-ste-anne-asserac.fr\/wp-content\/uploads\/2018\/10\/IMG_1703-300x225.jpg\" alt=\"\" width=\"300\" height=\"225\" srcset=\"https:\/\/ecole-ste-anne-asserac.fr\/wp-content\/uploads\/2018\/10\/IMG_1703-300x225.jpg 300w, https:\/\/ecole-ste-anne-asserac.fr\/wp-content\/uploads\/2018\/10\/IMG_1703-768x576.jpg 768w, https:\/\/ecole-ste-anne-asserac.fr\/wp-content\/uploads\/2018\/10\/IMG_1703-600x450.jpg 600w, https:\/\/ecole-ste-anne-asserac.fr\/wp-content\/uploads\/2018\/10\/IMG_1703.jpg 927w\" sizes=\"auto, (max-width: 300px) 100vw, 300px\" \/><\/a><\/p>\n","protected":false},"excerpt":{"rendered":"<p>Pendant les mois de septembre et octobre, les \u00e9l\u00e8ves de CM1 ont d\u00e9couvert la voile au club nautique de P\u00e9nestin. Nous avons navigu\u00e9 sur des FunBoats: des petits bateaux \u00e0 la coque jaune et \u00e0 la voile fluo. Durant ces 5 s\u00e9ances de voile, nous avons pu profiter d&rsquo;excellentes conditions: du soleil et du vent!<\/p>\n<p><a href=\"https:\/\/ecole-ste-anne-asserac.fr\/?p=2694\" class=\"more-link themebutton\">Lire la suite<\/a><\/p>\n","protected":false},"author":4,"featured_media":0,"comment_status":"closed","ping_status":"closed","sticky":false,"template":"","format":"standard","meta":{"ngg_post_thumbnail":0,"footnotes":""},"categories":[7],"tags":[],"class_list":["post-2694","post","type-post","status-publish","format-standard","hentry","category-classe-de-ce2-cm1"],"_links":{"self":[{"href":"https:\/\/ecole-ste-anne-asserac.fr\/index.php?rest_route=\/wp\/v2\/posts\/2694","targetHints":{"allow":["GET"]}}],"collection":[{"href":"https:\/\/ecole-ste-anne-asserac.fr\/index.php?rest_route=\/wp\/v2\/posts"}],"about":[{"href":"https:\/\/ecole-ste-anne-asserac.fr\/index.php?rest_route=\/wp\/v2\/types\/post"}],"author":[{"embeddable":true,"href":"https:\/\/ecole-ste-anne-asserac.fr\/index.php?rest_route=\/wp\/v2\/users\/4"}],"replies":[{"embeddable":true,"href":"https:\/\/ecole-ste-anne-asserac.fr\/index.php?rest_route=%2Fwp%2Fv2%2Fcomments&post=2694"}],"version-history":[{"count":0,"href":"https:\/\/ecole-ste-anne-asserac.fr\/index.php?rest_route=\/wp\/v2\/posts\/2694\/revisions"}],"wp:attachment":[{"href":"https:\/\/ecole-ste-anne-asserac.fr\/index.php?rest_route=%2Fwp%2Fv2%2Fmedia&parent=2694"}],"wp:term":[{"taxonomy":"category","embeddable":true,"href":"https:\/\/ecole-ste-anne-asserac.fr\/index.php?rest_route=%2Fwp%2Fv2%2Fcategories&post=2694"},{"taxonomy":"post_tag","embeddable":true,"href":"https:\/\/ecole-ste-anne-asserac.fr\/index.php?rest_route=%2Fwp%2Fv2%2Ftags&post=2694"}],"curies":[{"name":"wp","href":"https:\/\/api.w.org\/{rel}","templated":true}]}}