{"id":2750,"date":"2018-11-11T14:32:39","date_gmt":"2018-11-11T13:32:39","guid":{"rendered":"http:\/\/ecole-ste-anne-asserac.fr\/?p=2750"},"modified":"2018-11-11T14:32:39","modified_gmt":"2018-11-11T13:32:39","slug":"correspondance-europeenne","status":"publish","type":"post","link":"https:\/\/ecole-ste-anne-asserac.fr\/?p=2750","title":{"rendered":"Correspondance europ\u00e9enne"},"content":{"rendered":"<p>Depuis 3 ans l&rsquo;\u00e9cole correspond avec d&rsquo;autres \u00e9coles europ\u00e9ennes sur la plateforme d&rsquo;\u00e9changes Etwinning.<a href=\"http:\/\/ecole-ste-anne-asserac.fr\/wp-content\/uploads\/2018\/11\/logo-etwinning.png\"><img loading=\"lazy\" decoding=\"async\" class=\"aligncenter size-medium wp-image-2751\" src=\"http:\/\/ecole-ste-anne-asserac.fr\/wp-content\/uploads\/2018\/11\/logo-etwinning-300x90.png\" alt=\"\" width=\"300\" height=\"90\" srcset=\"https:\/\/ecole-ste-anne-asserac.fr\/wp-content\/uploads\/2018\/11\/logo-etwinning-300x90.png 300w, https:\/\/ecole-ste-anne-asserac.fr\/wp-content\/uploads\/2018\/11\/logo-etwinning.png 410w\" sizes=\"auto, (max-width: 300px) 100vw, 300px\" \/><\/a><\/p>\n<p>Les projets prennent peu \u00e0 peu forme . Ainsi les PS\/MS vont \u00e9changer avec une classe du Pays de Galles, les GS\/CP ont r\u00e9alis\u00e9 une vid\u00e9o de pr\u00e9sentation en anglais, les CE-CM1 vont avoir un projet pour No\u00ebl et P\u00e2ques&#8230;..<\/p>\n<p>Cette ann\u00e9e, dans la classe des CM2, deux projets vont avoir lieu : Le premier axe de travail va porter sur la pollution avec des \u00e9coles italiennes, anglaises, polonaises, espagnoles.&nbsp;<\/p>\n<p>Pour l&rsquo;instant nous nous sommes pr\u00e9sent\u00e9s par mail, nous sommes aussi tous all\u00e9s aux alentours de nos \u00e9coles ramasser des d\u00e9chets (<a href=\"https:\/\/youtu.be\/sXtjm4R9yxE\">sur la plage pour nous !<\/a> ) et nous avons envoy\u00e9\/re\u00e7u photos et vid\u00e9os.&nbsp;Nous avons aussi fait un expos\u00e9 sur les pays des correspondants, et r\u00e9alis\u00e9 des recettes de chaque pays lors de la semaine du go\u00fbt.<img loading=\"lazy\" decoding=\"async\" class=\"aligncenter size-medium wp-image-2752\" src=\"http:\/\/ecole-ste-anne-asserac.fr\/wp-content\/uploads\/2018\/11\/P9280218-ET-300x225.jpg\" alt=\"\" width=\"300\" height=\"225\" srcset=\"https:\/\/ecole-ste-anne-asserac.fr\/wp-content\/uploads\/2018\/11\/P9280218-ET-300x225.jpg 300w, https:\/\/ecole-ste-anne-asserac.fr\/wp-content\/uploads\/2018\/11\/P9280218-ET.jpg 450w\" sizes=\"auto, (max-width: 300px) 100vw, 300px\" \/><\/p>\n<p>Cette ann\u00e9e, la semaine du go\u00fbt se conjuguait avec les 30 ans d&rsquo;Erasmus ( Programme europ\u00e9en d&rsquo;\u00e9ducation et de formation) . Nous avions d\u00e9cid\u00e9 de f\u00eater cet \u00ab\u00a0Erasmus Day\u00a0\u00bb aussi \u00e0 l&rsquo;\u00e9cole Sainte Anne !<\/p>\n<p><img loading=\"lazy\" decoding=\"async\" class=\"aligncenter size-full wp-image-2758\" src=\"http:\/\/ecole-ste-anne-asserac.fr\/wp-content\/uploads\/2018\/11\/logo-Erasmus-day-2018.jpg\" alt=\"\" width=\"267\" height=\"188\">Toutes les classes ont cuisin\u00e9 et r\u00e9alis\u00e9 des recettes europ\u00e9ennes ! Pour les PS\/MS la pizza italienne, les GS\/CP et CE1\/2 les scones, les brownies, pour les CE2-CM1 le petit d\u00e9jeuner anglais et pour nous ?&nbsp;<\/p>\n<p style=\"text-align: center;\">Des petites galettes de pomme de terre (Pologne)<img loading=\"lazy\" decoding=\"async\" class=\"aligncenter size-medium wp-image-2753\" src=\"http:\/\/ecole-ste-anne-asserac.fr\/wp-content\/uploads\/2018\/11\/PA180237-300x225.jpg\" alt=\"\" width=\"300\" height=\"225\" srcset=\"https:\/\/ecole-ste-anne-asserac.fr\/wp-content\/uploads\/2018\/11\/PA180237-300x225.jpg 300w, https:\/\/ecole-ste-anne-asserac.fr\/wp-content\/uploads\/2018\/11\/PA180237-768x576.jpg 768w, https:\/\/ecole-ste-anne-asserac.fr\/wp-content\/uploads\/2018\/11\/PA180237-1024x768.jpg 1024w, https:\/\/ecole-ste-anne-asserac.fr\/wp-content\/uploads\/2018\/11\/PA180237-600x450.jpg 600w, https:\/\/ecole-ste-anne-asserac.fr\/wp-content\/uploads\/2018\/11\/PA180237.jpg 2048w\" sizes=\"auto, (max-width: 300px) 100vw, 300px\" \/><\/p>\n<p><a href=\"http:\/\/ecole-ste-anne-asserac.fr\/wp-content\/uploads\/2018\/11\/PA180238.jpg\"><img loading=\"lazy\" decoding=\"async\" class=\"aligncenter size-medium wp-image-2754\" src=\"http:\/\/ecole-ste-anne-asserac.fr\/wp-content\/uploads\/2018\/11\/PA180238-300x225.jpg\" alt=\"\" width=\"300\" height=\"225\" srcset=\"https:\/\/ecole-ste-anne-asserac.fr\/wp-content\/uploads\/2018\/11\/PA180238-300x225.jpg 300w, https:\/\/ecole-ste-anne-asserac.fr\/wp-content\/uploads\/2018\/11\/PA180238-768x576.jpg 768w, https:\/\/ecole-ste-anne-asserac.fr\/wp-content\/uploads\/2018\/11\/PA180238-1024x768.jpg 1024w, https:\/\/ecole-ste-anne-asserac.fr\/wp-content\/uploads\/2018\/11\/PA180238-600x450.jpg 600w, https:\/\/ecole-ste-anne-asserac.fr\/wp-content\/uploads\/2018\/11\/PA180238.jpg 2048w\" sizes=\"auto, (max-width: 300px) 100vw, 300px\" \/><\/a><\/p>\n<p><img loading=\"lazy\" decoding=\"async\" class=\"size-medium wp-image-2755 aligncenter\" src=\"http:\/\/ecole-ste-anne-asserac.fr\/wp-content\/uploads\/2018\/11\/PA180239-225x300.jpg\" alt=\"\" width=\"225\" height=\"300\" srcset=\"https:\/\/ecole-ste-anne-asserac.fr\/wp-content\/uploads\/2018\/11\/PA180239-225x300.jpg 225w, https:\/\/ecole-ste-anne-asserac.fr\/wp-content\/uploads\/2018\/11\/PA180239-768x1024.jpg 768w, https:\/\/ecole-ste-anne-asserac.fr\/wp-content\/uploads\/2018\/11\/PA180239-600x800.jpg 600w, https:\/\/ecole-ste-anne-asserac.fr\/wp-content\/uploads\/2018\/11\/PA180239.jpg 1536w\" sizes=\"auto, (max-width: 225px) 100vw, 225px\" \/><\/p>\n<p><img loading=\"lazy\" decoding=\"async\" class=\"aligncenter size-medium wp-image-2756\" src=\"http:\/\/ecole-ste-anne-asserac.fr\/wp-content\/uploads\/2018\/11\/PA180240-225x300.jpg\" alt=\"\" width=\"225\" height=\"300\" srcset=\"https:\/\/ecole-ste-anne-asserac.fr\/wp-content\/uploads\/2018\/11\/PA180240-225x300.jpg 225w, https:\/\/ecole-ste-anne-asserac.fr\/wp-content\/uploads\/2018\/11\/PA180240-768x1024.jpg 768w, https:\/\/ecole-ste-anne-asserac.fr\/wp-content\/uploads\/2018\/11\/PA180240-600x800.jpg 600w, https:\/\/ecole-ste-anne-asserac.fr\/wp-content\/uploads\/2018\/11\/PA180240.jpg 1536w\" sizes=\"auto, (max-width: 225px) 100vw, 225px\" \/><\/p>\n<p style=\"text-align: center;\">Une sangria espagnole ( sans alcool bien s\u00fbr ) :<\/p>\n<p><img loading=\"lazy\" decoding=\"async\" class=\"aligncenter size-medium wp-image-2757\" src=\"http:\/\/ecole-ste-anne-asserac.fr\/wp-content\/uploads\/2018\/11\/PA180235-300x225.jpg\" alt=\"\" width=\"300\" height=\"225\" srcset=\"https:\/\/ecole-ste-anne-asserac.fr\/wp-content\/uploads\/2018\/11\/PA180235-300x225.jpg 300w, https:\/\/ecole-ste-anne-asserac.fr\/wp-content\/uploads\/2018\/11\/PA180235-768x576.jpg 768w, https:\/\/ecole-ste-anne-asserac.fr\/wp-content\/uploads\/2018\/11\/PA180235-1024x768.jpg 1024w, https:\/\/ecole-ste-anne-asserac.fr\/wp-content\/uploads\/2018\/11\/PA180235-600x450.jpg 600w, https:\/\/ecole-ste-anne-asserac.fr\/wp-content\/uploads\/2018\/11\/PA180235.jpg 2048w\" sizes=\"auto, (max-width: 300px) 100vw, 300px\" \/>Le lendemain, nous nous sommes tous retrouv\u00e9s , petits et grands, pour la d\u00e9gustation de notre \u00ab\u00a0ap\u00e9ritif europ\u00e9en\u00a0\u00bb g\u00e9ant !<\/p>\n<p><a href=\"http:\/\/ecole-ste-anne-asserac.fr\/wp-content\/uploads\/2018\/11\/IMG_20181019_111804.jpg\"><img loading=\"lazy\" decoding=\"async\" class=\"aligncenter size-full wp-image-2760\" src=\"http:\/\/ecole-ste-anne-asserac.fr\/wp-content\/uploads\/2018\/11\/IMG_20181019_111804.jpg\" alt=\"\" width=\"290\" height=\"217\"><\/a> <a href=\"http:\/\/ecole-ste-anne-asserac.fr\/wp-content\/uploads\/2018\/11\/IMG_20181019_111825.jpg\"><img loading=\"lazy\" decoding=\"async\" class=\"aligncenter size-full wp-image-2761\" src=\"http:\/\/ecole-ste-anne-asserac.fr\/wp-content\/uploads\/2018\/11\/IMG_20181019_111825.jpg\" alt=\"\" width=\"290\" height=\"217\"><\/a> <a href=\"http:\/\/ecole-ste-anne-asserac.fr\/wp-content\/uploads\/2018\/11\/IMG_20181019_111841.jpg\"><img loading=\"lazy\" decoding=\"async\" class=\"aligncenter size-full wp-image-2762\" src=\"http:\/\/ecole-ste-anne-asserac.fr\/wp-content\/uploads\/2018\/11\/IMG_20181019_111841.jpg\" alt=\"\" width=\"290\" height=\"217\"><\/a> <a href=\"http:\/\/ecole-ste-anne-asserac.fr\/wp-content\/uploads\/2018\/11\/IMG_20181019_111858.jpg\"><img loading=\"lazy\" decoding=\"async\" class=\"aligncenter size-medium wp-image-2763\" src=\"http:\/\/ecole-ste-anne-asserac.fr\/wp-content\/uploads\/2018\/11\/IMG_20181019_111858-300x225.jpg\" alt=\"\" width=\"300\" height=\"225\" srcset=\"https:\/\/ecole-ste-anne-asserac.fr\/wp-content\/uploads\/2018\/11\/IMG_20181019_111858-300x225.jpg 300w, https:\/\/ecole-ste-anne-asserac.fr\/wp-content\/uploads\/2018\/11\/IMG_20181019_111858-768x575.jpg 768w, https:\/\/ecole-ste-anne-asserac.fr\/wp-content\/uploads\/2018\/11\/IMG_20181019_111858-600x449.jpg 600w, https:\/\/ecole-ste-anne-asserac.fr\/wp-content\/uploads\/2018\/11\/IMG_20181019_111858.jpg 873w\" sizes=\"auto, (max-width: 300px) 100vw, 300px\" \/><\/a><\/p>\n<p style=\"text-align: center;\">Un bon moyen de conna\u00eetre aussi les pays, n&rsquo;est-ce pas ?<\/p>\n<p style=\"text-align: center;\">Pour aller dans le sens de notre projet sur la pollution, nous avions des gobelets et assiettes r\u00e9utilisables ou en carton !<\/p>\n","protected":false},"excerpt":{"rendered":"<p>Depuis 3 ans l&rsquo;\u00e9cole correspond avec d&rsquo;autres \u00e9coles europ\u00e9ennes sur la plateforme d&rsquo;\u00e9changes Etwinning. Les projets prennent peu \u00e0 peu forme . Ainsi les PS\/MS vont \u00e9changer avec une classe du Pays de Galles, les GS\/CP ont r\u00e9alis\u00e9 une vid\u00e9o de pr\u00e9sentation en anglais, les CE-CM1 vont avoir un projet pour No\u00ebl et P\u00e2ques&#8230;.. Cette<\/p>\n<p><a href=\"https:\/\/ecole-ste-anne-asserac.fr\/?p=2750\" class=\"more-link themebutton\">Lire la suite<\/a><\/p>\n","protected":false},"author":3,"featured_media":0,"comment_status":"closed","ping_status":"closed","sticky":false,"template":"","format":"standard","meta":{"ngg_post_thumbnail":0,"footnotes":""},"categories":[8],"tags":[],"class_list":["post-2750","post","type-post","status-publish","format-standard","hentry","category-classe-de-cm1-cm2"],"_links":{"self":[{"href":"https:\/\/ecole-ste-anne-asserac.fr\/index.php?rest_route=\/wp\/v2\/posts\/2750","targetHints":{"allow":["GET"]}}],"collection":[{"href":"https:\/\/ecole-ste-anne-asserac.fr\/index.php?rest_route=\/wp\/v2\/posts"}],"about":[{"href":"https:\/\/ecole-ste-anne-asserac.fr\/index.php?rest_route=\/wp\/v2\/types\/post"}],"author":[{"embeddable":true,"href":"https:\/\/ecole-ste-anne-asserac.fr\/index.php?rest_route=\/wp\/v2\/users\/3"}],"replies":[{"embeddable":true,"href":"https:\/\/ecole-ste-anne-asserac.fr\/index.php?rest_route=%2Fwp%2Fv2%2Fcomments&post=2750"}],"version-history":[{"count":0,"href":"https:\/\/ecole-ste-anne-asserac.fr\/index.php?rest_route=\/wp\/v2\/posts\/2750\/revisions"}],"wp:attachment":[{"href":"https:\/\/ecole-ste-anne-asserac.fr\/index.php?rest_route=%2Fwp%2Fv2%2Fmedia&parent=2750"}],"wp:term":[{"taxonomy":"category","embeddable":true,"href":"https:\/\/ecole-ste-anne-asserac.fr\/index.php?rest_route=%2Fwp%2Fv2%2Fcategories&post=2750"},{"taxonomy":"post_tag","embeddable":true,"href":"https:\/\/ecole-ste-anne-asserac.fr\/index.php?rest_route=%2Fwp%2Fv2%2Ftags&post=2750"}],"curies":[{"name":"wp","href":"https:\/\/api.w.org\/{rel}","templated":true}]}}