{"id":286,"date":"2015-04-21T15:07:46","date_gmt":"2015-04-21T14:07:46","guid":{"rendered":"http:\/\/ecole-ste-anne-asserac.fr\/?p=286"},"modified":"2016-04-21T20:52:29","modified_gmt":"2016-04-21T19:52:29","slug":"inscriptions","status":"publish","type":"post","link":"https:\/\/ecole-ste-anne-asserac.fr\/?p=286","title":{"rendered":"INSCRIPTIONS"},"content":{"rendered":"<p><span id=\"CONT_OBJET\" class=\"ecranTitre\">Il est encore temps d&rsquo;inscrire vos enfants pour la rentr\u00e9e scolaire 2015 &#8230;<\/span><\/p>\n<p><span id=\"CONT_QUAND\"><\/span><span id=\"CONT_DESCRIPTIF\">Je\u00a0re\u00e7ois toujours les familles qui souhaitent inscrire leur(s) enfant(s) de la petite section au CM2 pour l\u2019ann\u00e9e scolaire 2015-2016. Pour prendre rendez-vous\u00a0et\u00a0visiter l&rsquo;\u00e9cole, vous pouvez appeler le 02 53 30 13 94<br \/>\n<\/span><\/p>\n<p>N&rsquo;h\u00e9sitez pas \u00e0 laisser un message sur le r\u00e9pondeur : je suis le plus souvent en classe! Je vous rappellerai de toute fa\u00e7on.<\/p>\n<p>La Directrice,<\/p>\n<p>V\u00e9ronique AMICE<\/p>\n","protected":false},"excerpt":{"rendered":"<p>Il est encore temps d&rsquo;inscrire vos enfants pour la rentr\u00e9e scolaire 2015 &#8230; Je\u00a0re\u00e7ois toujours les familles qui souhaitent inscrire leur(s) enfant(s) de la petite section au CM2 pour l\u2019ann\u00e9e scolaire 2015-2016. Pour prendre rendez-vous\u00a0et\u00a0visiter l&rsquo;\u00e9cole, vous pouvez appeler le 02 53 30 13 94 N&rsquo;h\u00e9sitez pas \u00e0 laisser un message sur le r\u00e9pondeur :<\/p>\n<p><a href=\"https:\/\/ecole-ste-anne-asserac.fr\/?p=286\" class=\"more-link themebutton\">Lire la suite<\/a><\/p>\n","protected":false},"author":3,"featured_media":0,"comment_status":"closed","ping_status":"closed","sticky":false,"template":"","format":"standard","meta":{"ngg_post_thumbnail":0,"footnotes":""},"categories":[11],"tags":[],"class_list":["post-286","post","type-post","status-publish","format-standard","hentry","category-actualite"],"_links":{"self":[{"href":"https:\/\/ecole-ste-anne-asserac.fr\/index.php?rest_route=\/wp\/v2\/posts\/286","targetHints":{"allow":["GET"]}}],"collection":[{"href":"https:\/\/ecole-ste-anne-asserac.fr\/index.php?rest_route=\/wp\/v2\/posts"}],"about":[{"href":"https:\/\/ecole-ste-anne-asserac.fr\/index.php?rest_route=\/wp\/v2\/types\/post"}],"author":[{"embeddable":true,"href":"https:\/\/ecole-ste-anne-asserac.fr\/index.php?rest_route=\/wp\/v2\/users\/3"}],"replies":[{"embeddable":true,"href":"https:\/\/ecole-ste-anne-asserac.fr\/index.php?rest_route=%2Fwp%2Fv2%2Fcomments&post=286"}],"version-history":[{"count":0,"href":"https:\/\/ecole-ste-anne-asserac.fr\/index.php?rest_route=\/wp\/v2\/posts\/286\/revisions"}],"wp:attachment":[{"href":"https:\/\/ecole-ste-anne-asserac.fr\/index.php?rest_route=%2Fwp%2Fv2%2Fmedia&parent=286"}],"wp:term":[{"taxonomy":"category","embeddable":true,"href":"https:\/\/ecole-ste-anne-asserac.fr\/index.php?rest_route=%2Fwp%2Fv2%2Fcategories&post=286"},{"taxonomy":"post_tag","embeddable":true,"href":"https:\/\/ecole-ste-anne-asserac.fr\/index.php?rest_route=%2Fwp%2Fv2%2Ftags&post=286"}],"curies":[{"name":"wp","href":"https:\/\/api.w.org\/{rel}","templated":true}]}}