{"id":291,"date":"2015-04-13T14:53:20","date_gmt":"2015-04-13T13:53:20","guid":{"rendered":"http:\/\/ecole-ste-anne-asserac.fr\/?p=291"},"modified":"2015-04-13T14:53:20","modified_gmt":"2015-04-13T13:53:20","slug":"visite-du-college-pour-les-cm2","status":"publish","type":"post","link":"https:\/\/ecole-ste-anne-asserac.fr\/?p=291","title":{"rendered":"Visite du coll\u00e8ge pour les CM2"},"content":{"rendered":"<p><a href=\"http:\/\/ecole-ste-anne-asserac.fr\/wp-content\/uploads\/2015\/04\/IMG_3325.jpg\"><img loading=\"lazy\" decoding=\"async\" class=\"aligncenter size-medium wp-image-292\" src=\"http:\/\/ecole-ste-anne-asserac.fr\/wp-content\/uploads\/2015\/04\/IMG_3325-300x225.jpg\" alt=\"IMG_3325\" width=\"300\" height=\"225\" srcset=\"https:\/\/ecole-ste-anne-asserac.fr\/wp-content\/uploads\/2015\/04\/IMG_3325-300x225.jpg 300w, https:\/\/ecole-ste-anne-asserac.fr\/wp-content\/uploads\/2015\/04\/IMG_3325-1024x768.jpg 1024w, https:\/\/ecole-ste-anne-asserac.fr\/wp-content\/uploads\/2015\/04\/IMG_3325-600x450.jpg 600w, https:\/\/ecole-ste-anne-asserac.fr\/wp-content\/uploads\/2015\/04\/IMG_3325.jpg 2048w\" sizes=\"auto, (max-width: 300px) 100vw, 300px\" \/><\/a><\/p>\n<p>Jeudi 9 Avril les 14 \u00e9l\u00e8ves de CM2 ont pass\u00e9 une journ\u00e9e d\u00e9couverte au coll\u00e8ge St Joseph d&rsquo;Herbignac \u00a0pour qu&rsquo;il y ait moins de stress \u00e0 la rentr\u00e9e prochaine !<\/p>\n<p><a href=\"http:\/\/ecole-ste-anne-asserac.fr\/wp-content\/uploads\/2015\/04\/IMG_3328.jpg\"><img loading=\"lazy\" decoding=\"async\" class=\"aligncenter size-medium wp-image-293\" src=\"http:\/\/ecole-ste-anne-asserac.fr\/wp-content\/uploads\/2015\/04\/IMG_3328-300x225.jpg\" alt=\"IMG_3328\" width=\"300\" height=\"225\" srcset=\"https:\/\/ecole-ste-anne-asserac.fr\/wp-content\/uploads\/2015\/04\/IMG_3328-300x225.jpg 300w, https:\/\/ecole-ste-anne-asserac.fr\/wp-content\/uploads\/2015\/04\/IMG_3328-1024x768.jpg 1024w, https:\/\/ecole-ste-anne-asserac.fr\/wp-content\/uploads\/2015\/04\/IMG_3328-600x450.jpg 600w, https:\/\/ecole-ste-anne-asserac.fr\/wp-content\/uploads\/2015\/04\/IMG_3328.jpg 2048w\" sizes=\"auto, (max-width: 300px) 100vw, 300px\" \/><\/a><\/p>\n<p>Ils ont d&rsquo;abord \u00e9t\u00e9 accueillis par madame Cabot , directrice du coll\u00e8ge ; elle leur a pr\u00e9sent\u00e9 la journ\u00e9e . Au programme :<\/p>\n<p>&#8211; Visite des salles , encadr\u00e9s par des \u00e9l\u00e8ves guides de 6\u00e8me et de 5\u00e8me<\/p>\n<p>&#8211; d\u00e9jeuner au self puis activit\u00e9s en ateliers sur la cour<\/p>\n<p>&#8211; participation \u00e0 de r\u00e9els cours de 6\u00e8me ou de 5\u00e8me avec les coll\u00e9giens, dans leurs classes.<\/p>\n<p>Ceux-ci \u00e9taient ravis de voir leurs anciens camarades de classe, et fiers de leur faire d\u00e9couvrir leur environnement de travail.<\/p>\n<p><a href=\"http:\/\/ecole-ste-anne-asserac.fr\/wp-content\/uploads\/2015\/04\/IMG_3332.jpg\"><img loading=\"lazy\" decoding=\"async\" class=\"aligncenter size-medium wp-image-294\" src=\"http:\/\/ecole-ste-anne-asserac.fr\/wp-content\/uploads\/2015\/04\/IMG_3332-300x225.jpg\" alt=\"IMG_3332\" width=\"300\" height=\"225\" srcset=\"https:\/\/ecole-ste-anne-asserac.fr\/wp-content\/uploads\/2015\/04\/IMG_3332-300x225.jpg 300w, https:\/\/ecole-ste-anne-asserac.fr\/wp-content\/uploads\/2015\/04\/IMG_3332-1024x768.jpg 1024w, https:\/\/ecole-ste-anne-asserac.fr\/wp-content\/uploads\/2015\/04\/IMG_3332-600x450.jpg 600w, https:\/\/ecole-ste-anne-asserac.fr\/wp-content\/uploads\/2015\/04\/IMG_3332.jpg 2048w\" sizes=\"auto, (max-width: 300px) 100vw, 300px\" \/><\/a> <a href=\"http:\/\/ecole-ste-anne-asserac.fr\/wp-content\/uploads\/2015\/04\/IMG_3331.jpg\"><img loading=\"lazy\" decoding=\"async\" class=\"aligncenter size-medium wp-image-295\" src=\"http:\/\/ecole-ste-anne-asserac.fr\/wp-content\/uploads\/2015\/04\/IMG_3331-300x225.jpg\" alt=\"IMG_3331\" width=\"300\" height=\"225\" srcset=\"https:\/\/ecole-ste-anne-asserac.fr\/wp-content\/uploads\/2015\/04\/IMG_3331-300x225.jpg 300w, https:\/\/ecole-ste-anne-asserac.fr\/wp-content\/uploads\/2015\/04\/IMG_3331-1024x768.jpg 1024w, https:\/\/ecole-ste-anne-asserac.fr\/wp-content\/uploads\/2015\/04\/IMG_3331-600x450.jpg 600w, https:\/\/ecole-ste-anne-asserac.fr\/wp-content\/uploads\/2015\/04\/IMG_3331.jpg 2048w\" sizes=\"auto, (max-width: 300px) 100vw, 300px\" \/><\/a><\/p>\n<p>&nbsp;<\/p>\n<p>Les enfants de CM2 ont particip\u00e9 \u00e0 des cours de maths, d&rsquo;histoire, d&rsquo;anglais, de fran\u00e7ais, de techno, ou d&rsquo;arts plastiques &#8230; ce qui a donn\u00e9 lieu \u00e0 des \u00e9changes en fin de journ\u00e9e \u00a0. Un petit go\u00fbter leur a m\u00eame \u00e9t\u00e9 servi &#8230;. De quoi donner envie de bien finir l&rsquo;ann\u00e9e de CM2 pour aller en 6\u00e8me en septembre prochain !<\/p>\n","protected":false},"excerpt":{"rendered":"<p>Jeudi 9 Avril les 14 \u00e9l\u00e8ves de CM2 ont pass\u00e9 une journ\u00e9e d\u00e9couverte au coll\u00e8ge St Joseph d&rsquo;Herbignac \u00a0pour qu&rsquo;il y ait moins de stress \u00e0 la rentr\u00e9e prochaine ! Ils ont d&rsquo;abord \u00e9t\u00e9 accueillis par madame Cabot , directrice du coll\u00e8ge ; elle leur a pr\u00e9sent\u00e9 la journ\u00e9e . Au programme : &#8211; Visite<\/p>\n<p><a href=\"https:\/\/ecole-ste-anne-asserac.fr\/?p=291\" class=\"more-link themebutton\">Lire la suite<\/a><\/p>\n","protected":false},"author":3,"featured_media":0,"comment_status":"closed","ping_status":"closed","sticky":false,"template":"","format":"standard","meta":{"ngg_post_thumbnail":0,"footnotes":""},"categories":[8],"tags":[],"class_list":["post-291","post","type-post","status-publish","format-standard","hentry","category-classe-de-cm1-cm2"],"_links":{"self":[{"href":"https:\/\/ecole-ste-anne-asserac.fr\/index.php?rest_route=\/wp\/v2\/posts\/291","targetHints":{"allow":["GET"]}}],"collection":[{"href":"https:\/\/ecole-ste-anne-asserac.fr\/index.php?rest_route=\/wp\/v2\/posts"}],"about":[{"href":"https:\/\/ecole-ste-anne-asserac.fr\/index.php?rest_route=\/wp\/v2\/types\/post"}],"author":[{"embeddable":true,"href":"https:\/\/ecole-ste-anne-asserac.fr\/index.php?rest_route=\/wp\/v2\/users\/3"}],"replies":[{"embeddable":true,"href":"https:\/\/ecole-ste-anne-asserac.fr\/index.php?rest_route=%2Fwp%2Fv2%2Fcomments&post=291"}],"version-history":[{"count":0,"href":"https:\/\/ecole-ste-anne-asserac.fr\/index.php?rest_route=\/wp\/v2\/posts\/291\/revisions"}],"wp:attachment":[{"href":"https:\/\/ecole-ste-anne-asserac.fr\/index.php?rest_route=%2Fwp%2Fv2%2Fmedia&parent=291"}],"wp:term":[{"taxonomy":"category","embeddable":true,"href":"https:\/\/ecole-ste-anne-asserac.fr\/index.php?rest_route=%2Fwp%2Fv2%2Fcategories&post=291"},{"taxonomy":"post_tag","embeddable":true,"href":"https:\/\/ecole-ste-anne-asserac.fr\/index.php?rest_route=%2Fwp%2Fv2%2Ftags&post=291"}],"curies":[{"name":"wp","href":"https:\/\/api.w.org\/{rel}","templated":true}]}}