{"id":3243,"date":"2025-09-14T17:03:28","date_gmt":"2025-09-14T15:03:28","guid":{"rendered":"http:\/\/ecole-ste-anne-asserac.fr\/?p=3243"},"modified":"2025-10-25T14:43:11","modified_gmt":"2025-10-25T12:43:11","slug":"cest-la-rentree-5","status":"publish","type":"post","link":"https:\/\/ecole-ste-anne-asserac.fr\/?p=3243","title":{"rendered":"C&rsquo;est la rentr\u00e9e !"},"content":{"rendered":"<p><strong>Lundi 1er septembre<\/strong>, nous nous sommes tous retrouv\u00e9s \u00e0 l&rsquo;\u00e9cole pour d\u00e9marrer une nouvelle ann\u00e9e scolaire. Certains \u00e9taient peut-\u00eatre \u00ab\u00a0stress\u00e9s\u00a0\u00bb de changer de ma\u00eetresse, ou de salle de classe : c&rsquo;est la preuve qu&rsquo;on grandit ! Mais tous \u00e9taient heureux de se retrouver, curieux de d\u00e9couvrir les \u00ab\u00a0nouvelles t\u00eates\u00a0\u00bb&#8230;<\/p>\n<p>Avant la r\u00e9cr\u00e9ation , nous avons fait \u00ab\u00a0la f\u00eate de la rentr\u00e9e\u00a0\u00bb. Nous avons d&rsquo;abord fait connaissance avec Am\u00e9lie, nouvelle enseignante en CM1\/2 , tous les lundis.<\/p>\n<p>Tous les nouveaux \u00e9l\u00e8ves ont ensuite \u00e9t\u00e9 accueillis par les anciens. Nous avons chant\u00e9 et dans\u00e9 tous ensemble sur \u00ab\u00a0<em><a href=\"https:\/\/www.tiktok.com\/@celinec.off\/video\/7269880012088560929\">Premier jour d&rsquo;\u00e9cole<\/a>\u00a0\u00bb . <\/em>C&rsquo;est devenu le \u00ab\u00a0tube de la semaine\u00a0\u00bb!<\/p>\n<p style=\"text-align: center;\"><a href=\"http:\/\/ecole-ste-anne-asserac.fr\/wp-content\/uploads\/2019\/09\/photo-sans-Maude-scaled.jpg\"><img loading=\"lazy\" decoding=\"async\" class=\"alignnone size-medium wp-image-7277\" src=\"http:\/\/ecole-ste-anne-asserac.fr\/wp-content\/uploads\/2019\/09\/photo-sans-Maude-300x225.jpg\" alt=\"\" width=\"300\" height=\"225\" srcset=\"https:\/\/ecole-ste-anne-asserac.fr\/wp-content\/uploads\/2019\/09\/photo-sans-Maude-300x225.jpg 300w, https:\/\/ecole-ste-anne-asserac.fr\/wp-content\/uploads\/2019\/09\/photo-sans-Maude-1024x768.jpg 1024w, https:\/\/ecole-ste-anne-asserac.fr\/wp-content\/uploads\/2019\/09\/photo-sans-Maude-768x576.jpg 768w, https:\/\/ecole-ste-anne-asserac.fr\/wp-content\/uploads\/2019\/09\/photo-sans-Maude-600x450.jpg 600w, https:\/\/ecole-ste-anne-asserac.fr\/wp-content\/uploads\/2019\/09\/photo-sans-Maude-1536x1152.jpg 1536w, https:\/\/ecole-ste-anne-asserac.fr\/wp-content\/uploads\/2019\/09\/photo-sans-Maude-2048x1536.jpg 2048w\" sizes=\"auto, (max-width: 300px) 100vw, 300px\" \/><\/a><\/p>\n<p><img loading=\"lazy\" decoding=\"async\" class=\"size-medium wp-image-7278 aligncenter\" src=\"http:\/\/ecole-ste-anne-asserac.fr\/wp-content\/uploads\/2019\/09\/IMG_20250905_160322-300x225.jpg\" alt=\"\" width=\"300\" height=\"225\" srcset=\"https:\/\/ecole-ste-anne-asserac.fr\/wp-content\/uploads\/2019\/09\/IMG_20250905_160322-300x225.jpg 300w, https:\/\/ecole-ste-anne-asserac.fr\/wp-content\/uploads\/2019\/09\/IMG_20250905_160322-1024x768.jpg 1024w, https:\/\/ecole-ste-anne-asserac.fr\/wp-content\/uploads\/2019\/09\/IMG_20250905_160322-768x576.jpg 768w, https:\/\/ecole-ste-anne-asserac.fr\/wp-content\/uploads\/2019\/09\/IMG_20250905_160322-600x450.jpg 600w, https:\/\/ecole-ste-anne-asserac.fr\/wp-content\/uploads\/2019\/09\/IMG_20250905_160322-1536x1152.jpg 1536w, https:\/\/ecole-ste-anne-asserac.fr\/wp-content\/uploads\/2019\/09\/IMG_20250905_160322-2048x1536.jpg 2048w\" sizes=\"auto, (max-width: 300px) 100vw, 300px\" \/><\/p>\n<p>Nous avons aussi d\u00e9couvert le th\u00e8me de notre nouveau Projet d&rsquo;\u00e9cole : La M\u00e9moire. Cette ann\u00e9e, on travaillera plus la \u00ab\u00a0<span style=\"font-family: Arial, sans-serif;\">Connaissance et le fonctionnement de notre cerveau\u00a0\u00bb&#8230;<\/span><\/p>\n<p>Nous avons aussi inaugur\u00e9 notre puzzle : tous diff\u00e9rents , tous ensemble \u00e0 l&rsquo;\u00e9cole !<\/p>\n<p><img loading=\"lazy\" decoding=\"async\" class=\"size-medium wp-image-7276 aligncenter\" src=\"http:\/\/ecole-ste-anne-asserac.fr\/wp-content\/uploads\/2019\/09\/inauguration-du-puzzle-240x300.jpg\" alt=\"\" width=\"240\" height=\"300\" srcset=\"https:\/\/ecole-ste-anne-asserac.fr\/wp-content\/uploads\/2019\/09\/inauguration-du-puzzle-240x300.jpg 240w, https:\/\/ecole-ste-anne-asserac.fr\/wp-content\/uploads\/2019\/09\/inauguration-du-puzzle-820x1024.jpg 820w, https:\/\/ecole-ste-anne-asserac.fr\/wp-content\/uploads\/2019\/09\/inauguration-du-puzzle-768x959.jpg 768w, https:\/\/ecole-ste-anne-asserac.fr\/wp-content\/uploads\/2019\/09\/inauguration-du-puzzle-600x749.jpg 600w, https:\/\/ecole-ste-anne-asserac.fr\/wp-content\/uploads\/2019\/09\/inauguration-du-puzzle-1230x1536.jpg 1230w, https:\/\/ecole-ste-anne-asserac.fr\/wp-content\/uploads\/2019\/09\/inauguration-du-puzzle-1640x2048.jpg 1640w\" sizes=\"auto, (max-width: 240px) 100vw, 240px\" \/><\/p>\n<p>Chacun de nous a re\u00e7u une pi\u00e8ce de puzzle , sur laquelle on a \u00e9crit notre pr\u00e9nom et mis notre empreinte digitale, pour montrer qu&rsquo;on est unique :), mais qu&rsquo;ensemble on peut faire plein de choses !<br \/>\nCe puzzle se compl\u00e8tera tout au long de l&rsquo;ann\u00e9e avec celles et ceux qui viendront partager des moments avec nous .<\/p>\n<p style=\"text-align: center;\">Tout s&rsquo;est bien s\u00fbr termin\u00e9 par notre premier go\u00fbter de l&rsquo;ann\u00e9e : Quelle belle premi\u00e8re journ\u00e9e !&nbsp;<\/p>\n","protected":false},"excerpt":{"rendered":"<p>Lundi 1er septembre, nous nous sommes tous retrouv\u00e9s \u00e0 l&rsquo;\u00e9cole pour d\u00e9marrer une nouvelle ann\u00e9e scolaire. Certains \u00e9taient peut-\u00eatre \u00ab\u00a0stress\u00e9s\u00a0\u00bb de changer de ma\u00eetresse, ou de salle de classe : c&rsquo;est la preuve qu&rsquo;on grandit ! Mais tous \u00e9taient heureux de se retrouver, curieux de d\u00e9couvrir les \u00ab\u00a0nouvelles t\u00eates\u00a0\u00bb&#8230; Avant la r\u00e9cr\u00e9ation , nous avons<\/p>\n<p><a href=\"https:\/\/ecole-ste-anne-asserac.fr\/?p=3243\" class=\"more-link themebutton\">Lire la suite<\/a><\/p>\n","protected":false},"author":3,"featured_media":7276,"comment_status":"closed","ping_status":"closed","sticky":false,"template":"","format":"standard","meta":{"ngg_post_thumbnail":0,"footnotes":""},"categories":[7,8,6],"tags":[],"class_list":["post-3243","post","type-post","status-publish","format-standard","has-post-thumbnail","hentry","category-classe-de-ce2-cm1","category-classe-de-cm1-cm2","category-classe-de-cp-ce1"],"_links":{"self":[{"href":"https:\/\/ecole-ste-anne-asserac.fr\/index.php?rest_route=\/wp\/v2\/posts\/3243","targetHints":{"allow":["GET"]}}],"collection":[{"href":"https:\/\/ecole-ste-anne-asserac.fr\/index.php?rest_route=\/wp\/v2\/posts"}],"about":[{"href":"https:\/\/ecole-ste-anne-asserac.fr\/index.php?rest_route=\/wp\/v2\/types\/post"}],"author":[{"embeddable":true,"href":"https:\/\/ecole-ste-anne-asserac.fr\/index.php?rest_route=\/wp\/v2\/users\/3"}],"replies":[{"embeddable":true,"href":"https:\/\/ecole-ste-anne-asserac.fr\/index.php?rest_route=%2Fwp%2Fv2%2Fcomments&post=3243"}],"version-history":[{"count":5,"href":"https:\/\/ecole-ste-anne-asserac.fr\/index.php?rest_route=\/wp\/v2\/posts\/3243\/revisions"}],"predecessor-version":[{"id":7279,"href":"https:\/\/ecole-ste-anne-asserac.fr\/index.php?rest_route=\/wp\/v2\/posts\/3243\/revisions\/7279"}],"wp:featuredmedia":[{"embeddable":true,"href":"https:\/\/ecole-ste-anne-asserac.fr\/index.php?rest_route=\/wp\/v2\/media\/7276"}],"wp:attachment":[{"href":"https:\/\/ecole-ste-anne-asserac.fr\/index.php?rest_route=%2Fwp%2Fv2%2Fmedia&parent=3243"}],"wp:term":[{"taxonomy":"category","embeddable":true,"href":"https:\/\/ecole-ste-anne-asserac.fr\/index.php?rest_route=%2Fwp%2Fv2%2Fcategories&post=3243"},{"taxonomy":"post_tag","embeddable":true,"href":"https:\/\/ecole-ste-anne-asserac.fr\/index.php?rest_route=%2Fwp%2Fv2%2Ftags&post=3243"}],"curies":[{"name":"wp","href":"https:\/\/api.w.org\/{rel}","templated":true}]}}