{"id":344,"date":"2015-06-10T19:20:53","date_gmt":"2015-06-10T18:20:53","guid":{"rendered":"http:\/\/ecole-ste-anne-asserac.fr\/?p=344"},"modified":"2015-06-10T19:20:53","modified_gmt":"2015-06-10T18:20:53","slug":"bientot-la-fete-de-lecole","status":"publish","type":"post","link":"https:\/\/ecole-ste-anne-asserac.fr\/?p=344","title":{"rendered":"Bient\u00f4t la f\u00eate de l&rsquo;\u00e9cole !"},"content":{"rendered":"<p><a href=\"http:\/\/ecole-ste-anne-asserac.fr\/wp-content\/uploads\/2015\/06\/F\u00cbTE-DE-LECOLE-2015.jpg\"><img loading=\"lazy\" decoding=\"async\" class=\"aligncenter size-medium wp-image-345\" src=\"http:\/\/ecole-ste-anne-asserac.fr\/wp-content\/uploads\/2015\/06\/F\u00cbTE-DE-LECOLE-2015-212x300.jpg\" alt=\"F\u00eate de l'\u00e9cole\" width=\"212\" height=\"300\" srcset=\"https:\/\/ecole-ste-anne-asserac.fr\/wp-content\/uploads\/2015\/06\/F\u00cbTE-DE-LECOLE-2015-212x300.jpg 212w, https:\/\/ecole-ste-anne-asserac.fr\/wp-content\/uploads\/2015\/06\/F\u00cbTE-DE-LECOLE-2015-724x1024.jpg 724w, https:\/\/ecole-ste-anne-asserac.fr\/wp-content\/uploads\/2015\/06\/F\u00cbTE-DE-LECOLE-2015-600x849.jpg 600w, https:\/\/ecole-ste-anne-asserac.fr\/wp-content\/uploads\/2015\/06\/F\u00cbTE-DE-LECOLE-2015.jpg 1448w\" sizes=\"auto, (max-width: 212px) 100vw, 212px\" \/><\/a><\/p>\n<p>&nbsp;<\/p>\n<p>Pour la fin d&rsquo;ann\u00e9e , le 27 Juin prochain , les enfants pr\u00e9senteront un spectacle sur le th\u00e8me des sciences &#8230;<\/p>\n<p>&nbsp;<\/p>\n","protected":false},"excerpt":{"rendered":"<p>&nbsp; Pour la fin d&rsquo;ann\u00e9e , le 27 Juin prochain , les enfants pr\u00e9senteront un spectacle sur le th\u00e8me des sciences &#8230; &nbsp;<\/p>\n","protected":false},"author":3,"featured_media":0,"comment_status":"closed","ping_status":"closed","sticky":false,"template":"","format":"standard","meta":{"ngg_post_thumbnail":0,"footnotes":""},"categories":[11],"tags":[],"class_list":["post-344","post","type-post","status-publish","format-standard","hentry","category-actualite"],"_links":{"self":[{"href":"https:\/\/ecole-ste-anne-asserac.fr\/index.php?rest_route=\/wp\/v2\/posts\/344","targetHints":{"allow":["GET"]}}],"collection":[{"href":"https:\/\/ecole-ste-anne-asserac.fr\/index.php?rest_route=\/wp\/v2\/posts"}],"about":[{"href":"https:\/\/ecole-ste-anne-asserac.fr\/index.php?rest_route=\/wp\/v2\/types\/post"}],"author":[{"embeddable":true,"href":"https:\/\/ecole-ste-anne-asserac.fr\/index.php?rest_route=\/wp\/v2\/users\/3"}],"replies":[{"embeddable":true,"href":"https:\/\/ecole-ste-anne-asserac.fr\/index.php?rest_route=%2Fwp%2Fv2%2Fcomments&post=344"}],"version-history":[{"count":0,"href":"https:\/\/ecole-ste-anne-asserac.fr\/index.php?rest_route=\/wp\/v2\/posts\/344\/revisions"}],"wp:attachment":[{"href":"https:\/\/ecole-ste-anne-asserac.fr\/index.php?rest_route=%2Fwp%2Fv2%2Fmedia&parent=344"}],"wp:term":[{"taxonomy":"category","embeddable":true,"href":"https:\/\/ecole-ste-anne-asserac.fr\/index.php?rest_route=%2Fwp%2Fv2%2Fcategories&post=344"},{"taxonomy":"post_tag","embeddable":true,"href":"https:\/\/ecole-ste-anne-asserac.fr\/index.php?rest_route=%2Fwp%2Fv2%2Ftags&post=344"}],"curies":[{"name":"wp","href":"https:\/\/api.w.org\/{rel}","templated":true}]}}