{"id":355,"date":"2015-06-30T17:06:04","date_gmt":"2015-06-30T16:06:04","guid":{"rendered":"http:\/\/ecole-ste-anne-asserac.fr\/?p=355"},"modified":"2015-06-30T17:06:04","modified_gmt":"2015-06-30T16:06:04","slug":"fete-de-lecole-faites-des-sciences","status":"publish","type":"post","link":"https:\/\/ecole-ste-anne-asserac.fr\/?p=355","title":{"rendered":"F\u00eate de l&rsquo;\u00e9cole : Faites des sciences !"},"content":{"rendered":"<p>Pour terminer cette ann\u00e9e scolaire , le th\u00e8me de la f\u00eate de l&rsquo;\u00e9cole\u00a0? Les sciences bien entendu , puisque cela aura \u00e9t\u00e9 le fil rouge depuis\u00a0septembre dernier !<\/p>\n<p>Etude de l&rsquo;eau, du corps humain, des plantes, des exp\u00e9riences &#8230;&#8230; tout en musique !<\/p>\n<p>Quelques instantan\u00e9s :<\/p>\n<p><a href=\"http:\/\/ecole-ste-anne-asserac.fr\/wp-content\/uploads\/2015\/06\/P6270365.jpg\"><img loading=\"lazy\" decoding=\"async\" class=\"aligncenter size-medium wp-image-356\" src=\"http:\/\/ecole-ste-anne-asserac.fr\/wp-content\/uploads\/2015\/06\/P6270365-300x225.jpg\" alt=\"P6270365\" width=\"300\" height=\"225\" srcset=\"https:\/\/ecole-ste-anne-asserac.fr\/wp-content\/uploads\/2015\/06\/P6270365-300x225.jpg 300w, https:\/\/ecole-ste-anne-asserac.fr\/wp-content\/uploads\/2015\/06\/P6270365-1024x768.jpg 1024w, https:\/\/ecole-ste-anne-asserac.fr\/wp-content\/uploads\/2015\/06\/P6270365-600x450.jpg 600w, https:\/\/ecole-ste-anne-asserac.fr\/wp-content\/uploads\/2015\/06\/P6270365.jpg 2048w\" sizes=\"auto, (max-width: 300px) 100vw, 300px\" \/><\/a><\/p>\n<p>Les savants fous du CM1-CM2 pr\u00eats pour le d\u00e9fil\u00e9 dans les rues !<\/p>\n<p><a href=\"http:\/\/ecole-ste-anne-asserac.fr\/wp-content\/uploads\/2015\/06\/P6270425.jpg\"><img loading=\"lazy\" decoding=\"async\" class=\"aligncenter size-medium wp-image-357\" src=\"http:\/\/ecole-ste-anne-asserac.fr\/wp-content\/uploads\/2015\/06\/P6270425-300x225.jpg\" alt=\"P6270425\" width=\"300\" height=\"225\" srcset=\"https:\/\/ecole-ste-anne-asserac.fr\/wp-content\/uploads\/2015\/06\/P6270425-300x225.jpg 300w, https:\/\/ecole-ste-anne-asserac.fr\/wp-content\/uploads\/2015\/06\/P6270425-1024x768.jpg 1024w, https:\/\/ecole-ste-anne-asserac.fr\/wp-content\/uploads\/2015\/06\/P6270425-600x450.jpg 600w, https:\/\/ecole-ste-anne-asserac.fr\/wp-content\/uploads\/2015\/06\/P6270425.jpg 2048w\" sizes=\"auto, (max-width: 300px) 100vw, 300px\" \/><\/a><\/p>\n<p>Manipulations de produits dangereux dans le laboratoire !<\/p>\n<p><a href=\"http:\/\/ecole-ste-anne-asserac.fr\/wp-content\/uploads\/2015\/06\/P6270431.jpg\"><img loading=\"lazy\" decoding=\"async\" class=\"aligncenter size-medium wp-image-358\" src=\"http:\/\/ecole-ste-anne-asserac.fr\/wp-content\/uploads\/2015\/06\/P6270431-300x225.jpg\" alt=\"P6270431\" width=\"300\" height=\"225\" srcset=\"https:\/\/ecole-ste-anne-asserac.fr\/wp-content\/uploads\/2015\/06\/P6270431-300x225.jpg 300w, https:\/\/ecole-ste-anne-asserac.fr\/wp-content\/uploads\/2015\/06\/P6270431-1024x768.jpg 1024w, https:\/\/ecole-ste-anne-asserac.fr\/wp-content\/uploads\/2015\/06\/P6270431-600x450.jpg 600w, https:\/\/ecole-ste-anne-asserac.fr\/wp-content\/uploads\/2015\/06\/P6270431.jpg 2048w\" sizes=\"auto, (max-width: 300px) 100vw, 300px\" \/><\/a><\/p>\n<p>On est fou !<\/p>\n<p><a href=\"http:\/\/ecole-ste-anne-asserac.fr\/wp-content\/uploads\/2015\/06\/P6270433.jpg\"><img loading=\"lazy\" decoding=\"async\" class=\"aligncenter size-medium wp-image-359\" src=\"http:\/\/ecole-ste-anne-asserac.fr\/wp-content\/uploads\/2015\/06\/P6270433-300x225.jpg\" alt=\"P6270433\" width=\"300\" height=\"225\" srcset=\"https:\/\/ecole-ste-anne-asserac.fr\/wp-content\/uploads\/2015\/06\/P6270433-300x225.jpg 300w, https:\/\/ecole-ste-anne-asserac.fr\/wp-content\/uploads\/2015\/06\/P6270433-1024x768.jpg 1024w, https:\/\/ecole-ste-anne-asserac.fr\/wp-content\/uploads\/2015\/06\/P6270433-600x450.jpg 600w, https:\/\/ecole-ste-anne-asserac.fr\/wp-content\/uploads\/2015\/06\/P6270433.jpg 2048w\" sizes=\"auto, (max-width: 300px) 100vw, 300px\" \/><\/a><\/p>\n<p>Etat des savants apr\u00e8s \u00a0l&rsquo;explosion dans le laboratoire &#8230;.<\/p>\n<p>&nbsp;<\/p>\n<p><a href=\"http:\/\/ecole-ste-anne-asserac.fr\/wp-content\/uploads\/2015\/06\/P6270452.jpg\"><img loading=\"lazy\" decoding=\"async\" class=\"aligncenter size-medium wp-image-360\" src=\"http:\/\/ecole-ste-anne-asserac.fr\/wp-content\/uploads\/2015\/06\/P6270452-300x225.jpg\" alt=\"P6270452\" width=\"300\" height=\"225\" srcset=\"https:\/\/ecole-ste-anne-asserac.fr\/wp-content\/uploads\/2015\/06\/P6270452-300x225.jpg 300w, https:\/\/ecole-ste-anne-asserac.fr\/wp-content\/uploads\/2015\/06\/P6270452-1024x768.jpg 1024w, https:\/\/ecole-ste-anne-asserac.fr\/wp-content\/uploads\/2015\/06\/P6270452-600x450.jpg 600w, https:\/\/ecole-ste-anne-asserac.fr\/wp-content\/uploads\/2015\/06\/P6270452.jpg 2048w\" sizes=\"auto, (max-width: 300px) 100vw, 300px\" \/><\/a><\/p>\n<p>\u00ab\u00a0Saint-Malo &#8230;\u00a0\u00bb Danse commune avec la classe de C\u00e9line, en souvenir de notre classe d\u00e9couverte du mois de Mars.<\/p>\n<p>Et enfin chant final \u00a0\u00bb C&rsquo;est de l&rsquo;eau\u00a0\u00bb ( Les enfantastiques ) \u00a0: tous les enfants de la PS au CM2 sur le podium &#8230;<\/p>\n<p><a href=\"http:\/\/ecole-ste-anne-asserac.fr\/wp-content\/uploads\/2015\/06\/P6270456.jpg\"><img loading=\"lazy\" decoding=\"async\" class=\"aligncenter size-medium wp-image-361\" src=\"http:\/\/ecole-ste-anne-asserac.fr\/wp-content\/uploads\/2015\/06\/P6270456-300x225.jpg\" alt=\"P6270456\" width=\"300\" height=\"225\" srcset=\"https:\/\/ecole-ste-anne-asserac.fr\/wp-content\/uploads\/2015\/06\/P6270456-300x225.jpg 300w, https:\/\/ecole-ste-anne-asserac.fr\/wp-content\/uploads\/2015\/06\/P6270456-1024x768.jpg 1024w, https:\/\/ecole-ste-anne-asserac.fr\/wp-content\/uploads\/2015\/06\/P6270456-600x450.jpg 600w, https:\/\/ecole-ste-anne-asserac.fr\/wp-content\/uploads\/2015\/06\/P6270456.jpg 2048w\" sizes=\"auto, (max-width: 300px) 100vw, 300px\" \/><\/a><\/p>\n","protected":false},"excerpt":{"rendered":"<p>Pour terminer cette ann\u00e9e scolaire , le th\u00e8me de la f\u00eate de l&rsquo;\u00e9cole\u00a0? Les sciences bien entendu , puisque cela aura \u00e9t\u00e9 le fil rouge depuis\u00a0septembre dernier ! Etude de l&rsquo;eau, du corps humain, des plantes, des exp\u00e9riences &#8230;&#8230; tout en musique ! Quelques instantan\u00e9s : Les savants fous du CM1-CM2 pr\u00eats pour le d\u00e9fil\u00e9<\/p>\n<p><a href=\"https:\/\/ecole-ste-anne-asserac.fr\/?p=355\" class=\"more-link themebutton\">Lire la suite<\/a><\/p>\n","protected":false},"author":3,"featured_media":0,"comment_status":"closed","ping_status":"closed","sticky":false,"template":"","format":"standard","meta":{"ngg_post_thumbnail":0,"footnotes":""},"categories":[8],"tags":[],"class_list":["post-355","post","type-post","status-publish","format-standard","hentry","category-classe-de-cm1-cm2"],"_links":{"self":[{"href":"https:\/\/ecole-ste-anne-asserac.fr\/index.php?rest_route=\/wp\/v2\/posts\/355","targetHints":{"allow":["GET"]}}],"collection":[{"href":"https:\/\/ecole-ste-anne-asserac.fr\/index.php?rest_route=\/wp\/v2\/posts"}],"about":[{"href":"https:\/\/ecole-ste-anne-asserac.fr\/index.php?rest_route=\/wp\/v2\/types\/post"}],"author":[{"embeddable":true,"href":"https:\/\/ecole-ste-anne-asserac.fr\/index.php?rest_route=\/wp\/v2\/users\/3"}],"replies":[{"embeddable":true,"href":"https:\/\/ecole-ste-anne-asserac.fr\/index.php?rest_route=%2Fwp%2Fv2%2Fcomments&post=355"}],"version-history":[{"count":0,"href":"https:\/\/ecole-ste-anne-asserac.fr\/index.php?rest_route=\/wp\/v2\/posts\/355\/revisions"}],"wp:attachment":[{"href":"https:\/\/ecole-ste-anne-asserac.fr\/index.php?rest_route=%2Fwp%2Fv2%2Fmedia&parent=355"}],"wp:term":[{"taxonomy":"category","embeddable":true,"href":"https:\/\/ecole-ste-anne-asserac.fr\/index.php?rest_route=%2Fwp%2Fv2%2Fcategories&post=355"},{"taxonomy":"post_tag","embeddable":true,"href":"https:\/\/ecole-ste-anne-asserac.fr\/index.php?rest_route=%2Fwp%2Fv2%2Ftags&post=355"}],"curies":[{"name":"wp","href":"https:\/\/api.w.org\/{rel}","templated":true}]}}