{"id":3619,"date":"2021-09-27T10:43:27","date_gmt":"2021-09-27T08:43:27","guid":{"rendered":"http:\/\/ecole-ste-anne-asserac.fr\/?p=3619"},"modified":"2021-09-27T11:52:05","modified_gmt":"2021-09-27T09:52:05","slug":"photos-scolaires-4","status":"publish","type":"post","link":"https:\/\/ecole-ste-anne-asserac.fr\/?p=3619","title":{"rendered":"Photos scolaires"},"content":{"rendered":"<p>Le protocole sanitaire de ce d\u00e9but d&rsquo;ann\u00e9e nous permettant de faire des photos ext\u00e9rieures sans masques, nous avons pu faire les traditionnelles photos de classe lundi 20 septembre.<\/p>\n<p>Sylvie, la photographe, a donc pris les enfants, les fratries et les groupes classes \u00e0 tour de r\u00f4le.<\/p>\n<p><img loading=\"lazy\" decoding=\"async\" class=\"size-medium wp-image-4483 aligncenter\" src=\"http:\/\/ecole-ste-anne-asserac.fr\/wp-content\/uploads\/2020\/09\/IMG_20210920_090717-300x225.jpg\" alt=\"\" width=\"300\" height=\"225\" srcset=\"https:\/\/ecole-ste-anne-asserac.fr\/wp-content\/uploads\/2020\/09\/IMG_20210920_090717-300x225.jpg 300w, https:\/\/ecole-ste-anne-asserac.fr\/wp-content\/uploads\/2020\/09\/IMG_20210920_090717-1024x768.jpg 1024w, https:\/\/ecole-ste-anne-asserac.fr\/wp-content\/uploads\/2020\/09\/IMG_20210920_090717-768x576.jpg 768w, https:\/\/ecole-ste-anne-asserac.fr\/wp-content\/uploads\/2020\/09\/IMG_20210920_090717-600x450.jpg 600w, https:\/\/ecole-ste-anne-asserac.fr\/wp-content\/uploads\/2020\/09\/IMG_20210920_090717-1536x1152.jpg 1536w, https:\/\/ecole-ste-anne-asserac.fr\/wp-content\/uploads\/2020\/09\/IMG_20210920_090717.jpg 1920w\" sizes=\"auto, (max-width: 300px) 100vw, 300px\" \/><\/p>\n<p>Premiers clich\u00e9s souvenirs pour les enfants de Petite section, o\u00f9 tous ont jou\u00e9 les stars dans le \u00ab\u00a0studio photo\u00a0\u00bb !<\/p>\n<p>Vous d\u00e9couvrirez tr\u00e8s prochainement ces photos. Une information pour parviendra par mail quand elles seront pr\u00eates !<\/p>\n<p>&nbsp;<\/p>\n<p>&nbsp;<\/p>\n","protected":false},"excerpt":{"rendered":"<p>Le protocole sanitaire de ce d\u00e9but d&rsquo;ann\u00e9e nous permettant de faire des photos ext\u00e9rieures sans masques, nous avons pu faire les traditionnelles photos de classe lundi 20 septembre. Sylvie, la photographe, a donc pris les enfants, les fratries et les groupes classes \u00e0 tour de r\u00f4le. Premiers clich\u00e9s souvenirs pour les enfants de Petite section,<\/p>\n<p><a href=\"https:\/\/ecole-ste-anne-asserac.fr\/?p=3619\" class=\"more-link themebutton\">Lire la suite<\/a><\/p>\n","protected":false},"author":3,"featured_media":4483,"comment_status":"closed","ping_status":"closed","sticky":false,"template":"","format":"standard","meta":{"ngg_post_thumbnail":0,"footnotes":""},"categories":[11,7,8,6,4,5],"tags":[],"class_list":["post-3619","post","type-post","status-publish","format-standard","has-post-thumbnail","hentry","category-actualite","category-classe-de-ce2-cm1","category-classe-de-cm1-cm2","category-classe-de-cp-ce1","category-classe-de-gs-cp","category-classe-de-cp"],"_links":{"self":[{"href":"https:\/\/ecole-ste-anne-asserac.fr\/index.php?rest_route=\/wp\/v2\/posts\/3619","targetHints":{"allow":["GET"]}}],"collection":[{"href":"https:\/\/ecole-ste-anne-asserac.fr\/index.php?rest_route=\/wp\/v2\/posts"}],"about":[{"href":"https:\/\/ecole-ste-anne-asserac.fr\/index.php?rest_route=\/wp\/v2\/types\/post"}],"author":[{"embeddable":true,"href":"https:\/\/ecole-ste-anne-asserac.fr\/index.php?rest_route=\/wp\/v2\/users\/3"}],"replies":[{"embeddable":true,"href":"https:\/\/ecole-ste-anne-asserac.fr\/index.php?rest_route=%2Fwp%2Fv2%2Fcomments&post=3619"}],"version-history":[{"count":3,"href":"https:\/\/ecole-ste-anne-asserac.fr\/index.php?rest_route=\/wp\/v2\/posts\/3619\/revisions"}],"predecessor-version":[{"id":4484,"href":"https:\/\/ecole-ste-anne-asserac.fr\/index.php?rest_route=\/wp\/v2\/posts\/3619\/revisions\/4484"}],"wp:featuredmedia":[{"embeddable":true,"href":"https:\/\/ecole-ste-anne-asserac.fr\/index.php?rest_route=\/wp\/v2\/media\/4483"}],"wp:attachment":[{"href":"https:\/\/ecole-ste-anne-asserac.fr\/index.php?rest_route=%2Fwp%2Fv2%2Fmedia&parent=3619"}],"wp:term":[{"taxonomy":"category","embeddable":true,"href":"https:\/\/ecole-ste-anne-asserac.fr\/index.php?rest_route=%2Fwp%2Fv2%2Fcategories&post=3619"},{"taxonomy":"post_tag","embeddable":true,"href":"https:\/\/ecole-ste-anne-asserac.fr\/index.php?rest_route=%2Fwp%2Fv2%2Ftags&post=3619"}],"curies":[{"name":"wp","href":"https:\/\/api.w.org\/{rel}","templated":true}]}}