{"id":363,"date":"2015-06-30T17:20:43","date_gmt":"2015-06-30T16:20:43","guid":{"rendered":"http:\/\/ecole-ste-anne-asserac.fr\/?p=363"},"modified":"2015-06-30T17:20:43","modified_gmt":"2015-06-30T16:20:43","slug":"a-bicyclette","status":"publish","type":"post","link":"https:\/\/ecole-ste-anne-asserac.fr\/?p=363","title":{"rendered":"A bicyclette &#8230;"},"content":{"rendered":"<p>Depuis plusieurs semaines , les \u00e9l\u00e8ves de Cycle 3 pr\u00e9parent leur APER ( Attestation Pr\u00e9vention routi\u00e8re 1er niveau ) : entra\u00eenement au v\u00e9lo en sport , apprentissage des panneaux et des r\u00e8gles de circulation en \u00e9ducation citoyenne &#8230;<\/p>\n<p>Aujourd&rsquo;hui 30 juin , tous\u00a0appliquaient \u00ab\u00a0en vrai \u00a0\u00bb : sortie v\u00e9lo de 10 km environ pour les plus jeunes , le double pour les plus confirm\u00e9s . Randonn\u00e9e en v\u00e9lo sur les petits chemins d&rsquo;Ass\u00e9rac, jeux sur la plage et pique nique \u00e0 l&rsquo;ombre avant de revenir \u00e0 l&rsquo;\u00e9cole ! Tous sont tr\u00e8s fiers de leur parcours .<\/p>\n<p><a href=\"http:\/\/ecole-ste-anne-asserac.fr\/wp-content\/uploads\/2015\/06\/P6300461.jpg\"><img loading=\"lazy\" decoding=\"async\" class=\"aligncenter size-medium wp-image-364\" src=\"http:\/\/ecole-ste-anne-asserac.fr\/wp-content\/uploads\/2015\/06\/P6300461-300x225.jpg\" alt=\"P6300461\" width=\"300\" height=\"225\" srcset=\"https:\/\/ecole-ste-anne-asserac.fr\/wp-content\/uploads\/2015\/06\/P6300461-300x225.jpg 300w, https:\/\/ecole-ste-anne-asserac.fr\/wp-content\/uploads\/2015\/06\/P6300461-1024x768.jpg 1024w, https:\/\/ecole-ste-anne-asserac.fr\/wp-content\/uploads\/2015\/06\/P6300461-600x450.jpg 600w, https:\/\/ecole-ste-anne-asserac.fr\/wp-content\/uploads\/2015\/06\/P6300461.jpg 2048w\" sizes=\"auto, (max-width: 300px) 100vw, 300px\" \/><\/a><\/p>\n<p>&nbsp;<\/p>\n<p>On s&rsquo;en est all\u00e9 sur les chemins &#8230;.<\/p>\n<p><a href=\"http:\/\/ecole-ste-anne-asserac.fr\/wp-content\/uploads\/2015\/06\/P6300465.jpg\"><img loading=\"lazy\" decoding=\"async\" class=\"aligncenter size-medium wp-image-365\" src=\"http:\/\/ecole-ste-anne-asserac.fr\/wp-content\/uploads\/2015\/06\/P6300465-300x225.jpg\" alt=\"P6300465\" width=\"300\" height=\"225\" srcset=\"https:\/\/ecole-ste-anne-asserac.fr\/wp-content\/uploads\/2015\/06\/P6300465-300x225.jpg 300w, https:\/\/ecole-ste-anne-asserac.fr\/wp-content\/uploads\/2015\/06\/P6300465-1024x768.jpg 1024w, https:\/\/ecole-ste-anne-asserac.fr\/wp-content\/uploads\/2015\/06\/P6300465-600x450.jpg 600w, https:\/\/ecole-ste-anne-asserac.fr\/wp-content\/uploads\/2015\/06\/P6300465.jpg 2048w\" sizes=\"auto, (max-width: 300px) 100vw, 300px\" \/><\/a> <a href=\"http:\/\/ecole-ste-anne-asserac.fr\/wp-content\/uploads\/2015\/06\/P6300466.jpg\"><img loading=\"lazy\" decoding=\"async\" class=\"aligncenter size-medium wp-image-366\" src=\"http:\/\/ecole-ste-anne-asserac.fr\/wp-content\/uploads\/2015\/06\/P6300466-300x225.jpg\" alt=\"P6300466\" width=\"300\" height=\"225\" srcset=\"https:\/\/ecole-ste-anne-asserac.fr\/wp-content\/uploads\/2015\/06\/P6300466-300x225.jpg 300w, https:\/\/ecole-ste-anne-asserac.fr\/wp-content\/uploads\/2015\/06\/P6300466-1024x768.jpg 1024w, https:\/\/ecole-ste-anne-asserac.fr\/wp-content\/uploads\/2015\/06\/P6300466-600x450.jpg 600w, https:\/\/ecole-ste-anne-asserac.fr\/wp-content\/uploads\/2015\/06\/P6300466.jpg 2048w\" sizes=\"auto, (max-width: 300px) 100vw, 300px\" \/><\/a><\/p>\n<p><a href=\"http:\/\/ecole-ste-anne-asserac.fr\/wp-content\/uploads\/2015\/06\/P6300467.jpg\"><img loading=\"lazy\" decoding=\"async\" class=\"aligncenter size-medium wp-image-367\" src=\"http:\/\/ecole-ste-anne-asserac.fr\/wp-content\/uploads\/2015\/06\/P6300467-300x225.jpg\" alt=\"P6300467\" width=\"300\" height=\"225\" srcset=\"https:\/\/ecole-ste-anne-asserac.fr\/wp-content\/uploads\/2015\/06\/P6300467-300x225.jpg 300w, https:\/\/ecole-ste-anne-asserac.fr\/wp-content\/uploads\/2015\/06\/P6300467-1024x768.jpg 1024w, https:\/\/ecole-ste-anne-asserac.fr\/wp-content\/uploads\/2015\/06\/P6300467-600x450.jpg 600w, https:\/\/ecole-ste-anne-asserac.fr\/wp-content\/uploads\/2015\/06\/P6300467.jpg 2048w\" sizes=\"auto, (max-width: 300px) 100vw, 300px\" \/><\/a><\/p>\n","protected":false},"excerpt":{"rendered":"<p>Depuis plusieurs semaines , les \u00e9l\u00e8ves de Cycle 3 pr\u00e9parent leur APER ( Attestation Pr\u00e9vention routi\u00e8re 1er niveau ) : entra\u00eenement au v\u00e9lo en sport , apprentissage des panneaux et des r\u00e8gles de circulation en \u00e9ducation citoyenne &#8230; Aujourd&rsquo;hui 30 juin , tous\u00a0appliquaient \u00ab\u00a0en vrai \u00a0\u00bb : sortie v\u00e9lo de 10 km environ pour les<\/p>\n<p><a href=\"https:\/\/ecole-ste-anne-asserac.fr\/?p=363\" class=\"more-link themebutton\">Lire la suite<\/a><\/p>\n","protected":false},"author":3,"featured_media":0,"comment_status":"closed","ping_status":"closed","sticky":false,"template":"","format":"standard","meta":{"ngg_post_thumbnail":0,"footnotes":""},"categories":[7,8],"tags":[],"class_list":["post-363","post","type-post","status-publish","format-standard","hentry","category-classe-de-ce2-cm1","category-classe-de-cm1-cm2"],"_links":{"self":[{"href":"https:\/\/ecole-ste-anne-asserac.fr\/index.php?rest_route=\/wp\/v2\/posts\/363","targetHints":{"allow":["GET"]}}],"collection":[{"href":"https:\/\/ecole-ste-anne-asserac.fr\/index.php?rest_route=\/wp\/v2\/posts"}],"about":[{"href":"https:\/\/ecole-ste-anne-asserac.fr\/index.php?rest_route=\/wp\/v2\/types\/post"}],"author":[{"embeddable":true,"href":"https:\/\/ecole-ste-anne-asserac.fr\/index.php?rest_route=\/wp\/v2\/users\/3"}],"replies":[{"embeddable":true,"href":"https:\/\/ecole-ste-anne-asserac.fr\/index.php?rest_route=%2Fwp%2Fv2%2Fcomments&post=363"}],"version-history":[{"count":0,"href":"https:\/\/ecole-ste-anne-asserac.fr\/index.php?rest_route=\/wp\/v2\/posts\/363\/revisions"}],"wp:attachment":[{"href":"https:\/\/ecole-ste-anne-asserac.fr\/index.php?rest_route=%2Fwp%2Fv2%2Fmedia&parent=363"}],"wp:term":[{"taxonomy":"category","embeddable":true,"href":"https:\/\/ecole-ste-anne-asserac.fr\/index.php?rest_route=%2Fwp%2Fv2%2Fcategories&post=363"},{"taxonomy":"post_tag","embeddable":true,"href":"https:\/\/ecole-ste-anne-asserac.fr\/index.php?rest_route=%2Fwp%2Fv2%2Ftags&post=363"}],"curies":[{"name":"wp","href":"https:\/\/api.w.org\/{rel}","templated":true}]}}