{"id":373,"date":"2015-09-09T17:15:47","date_gmt":"2015-09-09T16:15:47","guid":{"rendered":"http:\/\/ecole-ste-anne-asserac.fr\/?p=373"},"modified":"2015-09-09T17:15:47","modified_gmt":"2015-09-09T16:15:47","slug":"cest-la-rentree","status":"publish","type":"post","link":"https:\/\/ecole-ste-anne-asserac.fr\/?p=373","title":{"rendered":"C&rsquo;est la rentr\u00e9e !"},"content":{"rendered":"<p>&nbsp;<\/p>\n<p>&nbsp;<\/p>\n<p>Il est temps de poser les\u00a0valises et de reprendre les cartables et le chemin de l&rsquo;\u00e9cole non ?<\/p>\n<p><a href=\"http:\/\/ecole-ste-anne-asserac.fr\/wp-content\/uploads\/2015\/09\/IMG_3673.jpg\"><img loading=\"lazy\" decoding=\"async\" class=\"aligncenter size-medium wp-image-384\" src=\"http:\/\/ecole-ste-anne-asserac.fr\/wp-content\/uploads\/2015\/09\/IMG_3673-300x225.jpg\" alt=\"IMG_3673\" width=\"300\" height=\"225\" \/><\/a><\/p>\n<p>En ce mardi 1er septembre , nous avons d\u00e9couvert nos classes et enseignantes, nous avons fait connaissance avec de nouveaux copains et copines venus de loin parfois !<\/p>\n<p><a href=\"http:\/\/ecole-ste-anne-asserac.fr\/wp-content\/uploads\/2015\/09\/IMG_3685.jpg\"><img loading=\"lazy\" decoding=\"async\" class=\"aligncenter size-medium wp-image-385\" src=\"http:\/\/ecole-ste-anne-asserac.fr\/wp-content\/uploads\/2015\/09\/IMG_3685-300x225.jpg\" alt=\"IMG_3685\" width=\"300\" height=\"225\" srcset=\"https:\/\/ecole-ste-anne-asserac.fr\/wp-content\/uploads\/2015\/09\/IMG_3685-300x225.jpg 300w, https:\/\/ecole-ste-anne-asserac.fr\/wp-content\/uploads\/2015\/09\/IMG_3685-1024x768.jpg 1024w, https:\/\/ecole-ste-anne-asserac.fr\/wp-content\/uploads\/2015\/09\/IMG_3685-600x450.jpg 600w, https:\/\/ecole-ste-anne-asserac.fr\/wp-content\/uploads\/2015\/09\/IMG_3685.jpg 2048w\" sizes=\"auto, (max-width: 300px) 100vw, 300px\" \/><\/a><\/p>\n<p>&nbsp;<\/p>\n<p>En CM2, nous accueillons Kassandra et Pac\u00f4me<\/p>\n<p>Le projet de l&rsquo;ann\u00e9e \u00e9tant sur le th\u00e8me des langues , les ma\u00eetresses nous ont invit\u00e9s en fin d&rsquo;apr\u00e8s-midi pour un \u00ab\u00a0Tea Time\u00a0\u00bb dans le jardin :<\/p>\n<p><a href=\"http:\/\/ecole-ste-anne-asserac.fr\/wp-content\/uploads\/2015\/09\/IMG_3681.jpg\"><img loading=\"lazy\" decoding=\"async\" class=\"aligncenter size-medium wp-image-386\" src=\"http:\/\/ecole-ste-anne-asserac.fr\/wp-content\/uploads\/2015\/09\/IMG_3681-300x225.jpg\" alt=\"IMG_3681\" width=\"300\" height=\"225\" srcset=\"https:\/\/ecole-ste-anne-asserac.fr\/wp-content\/uploads\/2015\/09\/IMG_3681-300x225.jpg 300w, https:\/\/ecole-ste-anne-asserac.fr\/wp-content\/uploads\/2015\/09\/IMG_3681-1024x768.jpg 1024w, https:\/\/ecole-ste-anne-asserac.fr\/wp-content\/uploads\/2015\/09\/IMG_3681-600x450.jpg 600w, https:\/\/ecole-ste-anne-asserac.fr\/wp-content\/uploads\/2015\/09\/IMG_3681.jpg 2048w\" sizes=\"auto, (max-width: 300px) 100vw, 300px\" \/><\/a><a href=\"http:\/\/ecole-ste-anne-asserac.fr\/wp-content\/uploads\/2015\/09\/IMG_3683.jpg\"><img loading=\"lazy\" decoding=\"async\" class=\"aligncenter size-medium wp-image-387\" src=\"http:\/\/ecole-ste-anne-asserac.fr\/wp-content\/uploads\/2015\/09\/IMG_3683-300x225.jpg\" alt=\"IMG_3683\" width=\"300\" height=\"225\" srcset=\"https:\/\/ecole-ste-anne-asserac.fr\/wp-content\/uploads\/2015\/09\/IMG_3683-300x225.jpg 300w, https:\/\/ecole-ste-anne-asserac.fr\/wp-content\/uploads\/2015\/09\/IMG_3683-1024x768.jpg 1024w, https:\/\/ecole-ste-anne-asserac.fr\/wp-content\/uploads\/2015\/09\/IMG_3683-600x450.jpg 600w, https:\/\/ecole-ste-anne-asserac.fr\/wp-content\/uploads\/2015\/09\/IMG_3683.jpg 2048w\" sizes=\"auto, (max-width: 300px) 100vw, 300px\" \/><\/a>Pour terminer le go\u00fbter, nous avons tous appris un chant \u00a0de Henri D\u00e8s :\u00a0\u00bbPolyglotte\u00a0\u00bb &#8230;.. \u00a0 \u00a0Objectif de l&rsquo;ann\u00e9e\u00a0!<\/p>\n<p>&nbsp;<\/p>\n","protected":false},"excerpt":{"rendered":"<p>&nbsp; &nbsp; Il est temps de poser les\u00a0valises et de reprendre les cartables et le chemin de l&rsquo;\u00e9cole non ? En ce mardi 1er septembre , nous avons d\u00e9couvert nos classes et enseignantes, nous avons fait connaissance avec de nouveaux copains et copines venus de loin parfois ! &nbsp; En CM2, nous accueillons Kassandra et<\/p>\n<p><a href=\"https:\/\/ecole-ste-anne-asserac.fr\/?p=373\" class=\"more-link themebutton\">Lire la suite<\/a><\/p>\n","protected":false},"author":3,"featured_media":0,"comment_status":"closed","ping_status":"closed","sticky":false,"template":"","format":"standard","meta":{"ngg_post_thumbnail":0,"footnotes":""},"categories":[8],"tags":[],"class_list":["post-373","post","type-post","status-publish","format-standard","hentry","category-classe-de-cm1-cm2"],"_links":{"self":[{"href":"https:\/\/ecole-ste-anne-asserac.fr\/index.php?rest_route=\/wp\/v2\/posts\/373","targetHints":{"allow":["GET"]}}],"collection":[{"href":"https:\/\/ecole-ste-anne-asserac.fr\/index.php?rest_route=\/wp\/v2\/posts"}],"about":[{"href":"https:\/\/ecole-ste-anne-asserac.fr\/index.php?rest_route=\/wp\/v2\/types\/post"}],"author":[{"embeddable":true,"href":"https:\/\/ecole-ste-anne-asserac.fr\/index.php?rest_route=\/wp\/v2\/users\/3"}],"replies":[{"embeddable":true,"href":"https:\/\/ecole-ste-anne-asserac.fr\/index.php?rest_route=%2Fwp%2Fv2%2Fcomments&post=373"}],"version-history":[{"count":0,"href":"https:\/\/ecole-ste-anne-asserac.fr\/index.php?rest_route=\/wp\/v2\/posts\/373\/revisions"}],"wp:attachment":[{"href":"https:\/\/ecole-ste-anne-asserac.fr\/index.php?rest_route=%2Fwp%2Fv2%2Fmedia&parent=373"}],"wp:term":[{"taxonomy":"category","embeddable":true,"href":"https:\/\/ecole-ste-anne-asserac.fr\/index.php?rest_route=%2Fwp%2Fv2%2Fcategories&post=373"},{"taxonomy":"post_tag","embeddable":true,"href":"https:\/\/ecole-ste-anne-asserac.fr\/index.php?rest_route=%2Fwp%2Fv2%2Ftags&post=373"}],"curies":[{"name":"wp","href":"https:\/\/api.w.org\/{rel}","templated":true}]}}