{"id":3779,"date":"2020-12-06T17:36:16","date_gmt":"2020-12-06T16:36:16","guid":{"rendered":"http:\/\/ecole-ste-anne-asserac.fr\/?p=3779"},"modified":"2021-07-12T14:20:44","modified_gmt":"2021-07-12T12:20:44","slug":"action-de-solidarite-pour-noel","status":"publish","type":"post","link":"https:\/\/ecole-ste-anne-asserac.fr\/?p=3779","title":{"rendered":"Action de solidarit\u00e9 pour No\u00ebl"},"content":{"rendered":"<p><img loading=\"lazy\" decoding=\"async\" class=\"size-medium wp-image-3785 aligncenter\" src=\"http:\/\/ecole-ste-anne-asserac.fr\/wp-content\/uploads\/2020\/12\/solidarit\u00e92020-300x167.jpg\" alt=\"\" width=\"300\" height=\"167\" srcset=\"https:\/\/ecole-ste-anne-asserac.fr\/wp-content\/uploads\/2020\/12\/solidarit\u00e92020-300x167.jpg 300w, https:\/\/ecole-ste-anne-asserac.fr\/wp-content\/uploads\/2020\/12\/solidarit\u00e92020-1024x569.jpg 1024w, https:\/\/ecole-ste-anne-asserac.fr\/wp-content\/uploads\/2020\/12\/solidarit\u00e92020-768x427.jpg 768w, https:\/\/ecole-ste-anne-asserac.fr\/wp-content\/uploads\/2020\/12\/solidarit\u00e92020-600x333.jpg 600w, https:\/\/ecole-ste-anne-asserac.fr\/wp-content\/uploads\/2020\/12\/solidarit\u00e92020-1536x854.jpg 1536w, https:\/\/ecole-ste-anne-asserac.fr\/wp-content\/uploads\/2020\/12\/solidarit\u00e92020-672x372.jpg 672w, https:\/\/ecole-ste-anne-asserac.fr\/wp-content\/uploads\/2020\/12\/solidarit\u00e92020-1038x576.jpg 1038w, https:\/\/ecole-ste-anne-asserac.fr\/wp-content\/uploads\/2020\/12\/solidarit\u00e92020.jpg 1920w\" sizes=\"auto, (max-width: 300px) 100vw, 300px\" \/><\/p>\n<p>Comme chaque ann\u00e9e, l&rsquo;\u00e9cole Sainte Anne met en place une action&nbsp; de solidarit\u00e9 pendant la p\u00e9riode de No\u00ebl. C&rsquo;est l&rsquo;occasion pour les enfants de vivre un r\u00e9el moment de partage et de fraternit\u00e9.&nbsp;<\/p>\n<p>Cette ann\u00e9e ce sera la r\u00e9alisation de bo\u00eetes &#8211; cadeaux pour venir en aide aux plus d\u00e9munis, pour qu&rsquo;ils aient eux aussi un sourire ! Cette action est r\u00e9alis\u00e9e en lien avec la Paroisse, pour plusieurs associations dont le Secours catholique, les Restos du coeur&#8230;<\/p>\n<p>Vous avez re\u00e7u en fin de semaine derni\u00e8re&nbsp; par vos enfants un document explicatif.<\/p>\n<div>Jusqu&rsquo;aux vacances de No\u00ebl , un grand carton sera \u00e0 votre disposition \u00e0 chaque portail de l&rsquo;\u00e9cole, pour y <span class=\"markv5gof9tks\" data-markjs=\"true\" data-ogac=\"\" data-ogab=\"\" data-ogsc=\"\" data-ogsb=\"\">d\u00e9<\/span>poser les \u00ab\u00a0bo\u00eetes de No\u00ebl\u00a0\u00bb avec un \u00ab\u00a0truc chaud\u00a0\u00bb, \u00ab\u00a0un truc bon\u00a0\u00bb, un loisir, un produit d&rsquo;hygi\u00e8ne\/beaut\u00e9 et un mot doux &#8230;.<\/div>\n<div>&nbsp;<\/div>\n<div>Merci d&rsquo;avance pour eux !<\/div>\n<div>&nbsp;<\/div>\n<div style=\"text-align: center;\">Mi- d\u00e9cembre 2020 :&nbsp;Les bo\u00eetes arrivent !<\/div>\n<div style=\"text-align: center;\">&nbsp;<\/div>\n<div><img loading=\"lazy\" decoding=\"async\" class=\"size-medium wp-image-3832 aligncenter\" src=\"http:\/\/ecole-ste-anne-asserac.fr\/wp-content\/uploads\/2020\/12\/20201214_1853051-300x169.jpg\" alt=\"\" width=\"300\" height=\"169\" srcset=\"https:\/\/ecole-ste-anne-asserac.fr\/wp-content\/uploads\/2020\/12\/20201214_1853051-300x169.jpg 300w, https:\/\/ecole-ste-anne-asserac.fr\/wp-content\/uploads\/2020\/12\/20201214_1853051-1024x576.jpg 1024w, https:\/\/ecole-ste-anne-asserac.fr\/wp-content\/uploads\/2020\/12\/20201214_1853051-768x432.jpg 768w, https:\/\/ecole-ste-anne-asserac.fr\/wp-content\/uploads\/2020\/12\/20201214_1853051-600x338.jpg 600w, https:\/\/ecole-ste-anne-asserac.fr\/wp-content\/uploads\/2020\/12\/20201214_1853051-1536x864.jpg 1536w, https:\/\/ecole-ste-anne-asserac.fr\/wp-content\/uploads\/2020\/12\/20201214_1853051.jpg 1920w\" sizes=\"auto, (max-width: 300px) 100vw, 300px\" \/><\/div>\n<div style=\"text-align: center;\">Le plaisir d&rsquo;offrir \u00e0 No\u00ebl, pour ceux qui sont dans le besoin,&nbsp; se v\u00e9rifie cette ann\u00e9e encore \u00e0 l&rsquo;\u00e9cole.<\/div>\n<div>&nbsp;<\/div>\n<div style=\"text-align: center;\">Les associations \u00e0 qui nous les remettrons par le biais de la Paroisse vous remercient du fond du coeur.<\/div>\n","protected":false},"excerpt":{"rendered":"<p>Comme chaque ann\u00e9e, l&rsquo;\u00e9cole Sainte Anne met en place une action&nbsp; de solidarit\u00e9 pendant la p\u00e9riode de No\u00ebl. C&rsquo;est l&rsquo;occasion pour les enfants de vivre un r\u00e9el moment de partage et de fraternit\u00e9.&nbsp; Cette ann\u00e9e ce sera la r\u00e9alisation de bo\u00eetes &#8211; cadeaux pour venir en aide aux plus d\u00e9munis, pour qu&rsquo;ils aient eux aussi<\/p>\n<p><a href=\"https:\/\/ecole-ste-anne-asserac.fr\/?p=3779\" class=\"more-link themebutton\">Lire la suite<\/a><\/p>\n","protected":false},"author":3,"featured_media":3785,"comment_status":"closed","ping_status":"closed","sticky":false,"template":"","format":"standard","meta":{"ngg_post_thumbnail":0,"footnotes":""},"categories":[11],"tags":[],"class_list":["post-3779","post","type-post","status-publish","format-standard","has-post-thumbnail","hentry","category-actualite"],"_links":{"self":[{"href":"https:\/\/ecole-ste-anne-asserac.fr\/index.php?rest_route=\/wp\/v2\/posts\/3779","targetHints":{"allow":["GET"]}}],"collection":[{"href":"https:\/\/ecole-ste-anne-asserac.fr\/index.php?rest_route=\/wp\/v2\/posts"}],"about":[{"href":"https:\/\/ecole-ste-anne-asserac.fr\/index.php?rest_route=\/wp\/v2\/types\/post"}],"author":[{"embeddable":true,"href":"https:\/\/ecole-ste-anne-asserac.fr\/index.php?rest_route=\/wp\/v2\/users\/3"}],"replies":[{"embeddable":true,"href":"https:\/\/ecole-ste-anne-asserac.fr\/index.php?rest_route=%2Fwp%2Fv2%2Fcomments&post=3779"}],"version-history":[{"count":5,"href":"https:\/\/ecole-ste-anne-asserac.fr\/index.php?rest_route=\/wp\/v2\/posts\/3779\/revisions"}],"predecessor-version":[{"id":3834,"href":"https:\/\/ecole-ste-anne-asserac.fr\/index.php?rest_route=\/wp\/v2\/posts\/3779\/revisions\/3834"}],"wp:featuredmedia":[{"embeddable":true,"href":"https:\/\/ecole-ste-anne-asserac.fr\/index.php?rest_route=\/wp\/v2\/media\/3785"}],"wp:attachment":[{"href":"https:\/\/ecole-ste-anne-asserac.fr\/index.php?rest_route=%2Fwp%2Fv2%2Fmedia&parent=3779"}],"wp:term":[{"taxonomy":"category","embeddable":true,"href":"https:\/\/ecole-ste-anne-asserac.fr\/index.php?rest_route=%2Fwp%2Fv2%2Fcategories&post=3779"},{"taxonomy":"post_tag","embeddable":true,"href":"https:\/\/ecole-ste-anne-asserac.fr\/index.php?rest_route=%2Fwp%2Fv2%2Ftags&post=3779"}],"curies":[{"name":"wp","href":"https:\/\/api.w.org\/{rel}","templated":true}]}}