{"id":3814,"date":"2020-12-12T13:41:27","date_gmt":"2020-12-12T12:41:27","guid":{"rendered":"http:\/\/ecole-ste-anne-asserac.fr\/?p=3814"},"modified":"2021-07-12T14:19:14","modified_gmt":"2021-07-12T12:19:14","slug":"resultats-du-defi-tour-de-france","status":"publish","type":"post","link":"https:\/\/ecole-ste-anne-asserac.fr\/?p=3814","title":{"rendered":"R\u00e9sultats du d\u00e9fi Tour de France"},"content":{"rendered":"<p>Nous avons termin\u00e9 le d\u00e9fi Tour de France le 27 novembre dernier, comme les autres 114 classes engag\u00e9es dans ce concours num\u00e9rique depuis septembre. Vendredi 4 d\u00e9cembre, \u00e0 12H pr\u00e9cises, nous nous sommes connect\u00e9s pour avoir les r\u00e9sultats en direct !<\/p>\n<p>Nous \u00e9tions impatients de savoir ! Et voil\u00e0 : 11\u00e8me sur 115, ou plus exactement 7\u00e8me de tous les CM2 :<\/p>\n<p><img loading=\"lazy\" decoding=\"async\" class=\"size-medium wp-image-3815 aligncenter\" src=\"http:\/\/ecole-ste-anne-asserac.fr\/wp-content\/uploads\/2020\/12\/20201210_113619-300x169.jpg\" alt=\"\" width=\"300\" height=\"169\" srcset=\"https:\/\/ecole-ste-anne-asserac.fr\/wp-content\/uploads\/2020\/12\/20201210_113619-300x169.jpg 300w, https:\/\/ecole-ste-anne-asserac.fr\/wp-content\/uploads\/2020\/12\/20201210_113619-1024x576.jpg 1024w, https:\/\/ecole-ste-anne-asserac.fr\/wp-content\/uploads\/2020\/12\/20201210_113619-768x432.jpg 768w, https:\/\/ecole-ste-anne-asserac.fr\/wp-content\/uploads\/2020\/12\/20201210_113619-600x338.jpg 600w, https:\/\/ecole-ste-anne-asserac.fr\/wp-content\/uploads\/2020\/12\/20201210_113619-1536x864.jpg 1536w, https:\/\/ecole-ste-anne-asserac.fr\/wp-content\/uploads\/2020\/12\/20201210_113619.jpg 1920w\" sizes=\"auto, (max-width: 300px) 100vw, 300px\" \/><\/p>\n<p>Nous sommes tr\u00e8s contents de nous, car nous avons re\u00e7u plusieurs mails du jury nous f\u00e9licitant pour notre travail, pour ce que nous avons rendu en EMC, Histoire de l&rsquo;art , Anglais et Langue fran\u00e7aise notamment :<\/p>\n<p>\u00ab\u00a0<em>Merci pour votre envoi et BRAVO ! C&rsquo;est un tr\u00e8s beau travail que vous avez fait : complet (bien qu&rsquo;il manque une peinture) et joliment pr\u00e9sent\u00e9!(&#8230;)Toute l&rsquo;\u00e9quipe se joint \u00e0 moi pour vous f\u00e9liciter pour votre participation\u00a0\u00bb&nbsp; (Mme H\u00e9l\u00e8ne Sabl\u00e9-Fine &#8211; Histoire de l&rsquo;art)<\/em><\/p>\n<p>\u00ab\u00a0<em>Votre vid\u00e9o est tr\u00e8s int\u00e9ressante car tr\u00e8s \u00e9tay\u00e9e, un travail au pr\u00e9alable a \u00e9t\u00e9 fourni. Je vous f\u00e9licite pour votre investissement et je vous souhaite de continuer \u00e0 bien travailler avec votre enseignante !&nbsp;<\/em><em>(&#8230;) votre travail est remarquable et j&rsquo;esp\u00e8re un beau souvenir pour vous \u00e0 conserver\u00a0\u00bb (Mme Morin &#8211; EMC)<\/em><\/p>\n<p>\u00a0\u00bb <em>Merci d&rsquo;avoir r\u00e9pondu si promptement, congratulations for all your work! Vous avez fait vraiment du tr\u00e8s bon travail (&#8230;) .&nbsp;<\/em>C<em>ongratulations !<\/em> <em>Cependant, les r\u00e9ponses \u00e0 vos d\u00e9finitions m&rsquo;ont bien aid\u00e9e et il y avait du vocabulaire que je ne connaissais pas donc vous voyez, on apprend tout le temps et \u00e0 tout \u00e2ge ! ( Mme Morin &#8211; Anglais)<\/em><\/p>\n<p><em>\u00ab\u00a0Dans mon c\u0153ur, vous avez mis du bonheur\u2026Super votre po\u00e8me avec vos rimes riches. J&rsquo;aime beaucoup. Bravo.\u00a0\u00bb ( Mme Jamil &#8211; Langue fran\u00e7aise)<\/em><\/p>\n<p>Nous avons \u00e9galement applaudi la classe de Solen, qui elle, termine 3\u00e8me de sa cat\u00e9gorie sur les 16 classes engag\u00e9es !<\/p>\n<p style=\"text-align: center;\">Nous avons beaucoup aim\u00e9 faire ce d\u00e9fi, il nous a permis d&rsquo;apprendre plein de choses dans plusieurs mati\u00e8res .<\/p>\n","protected":false},"excerpt":{"rendered":"<p>Nous avons termin\u00e9 le d\u00e9fi Tour de France le 27 novembre dernier, comme les autres 114 classes engag\u00e9es dans ce concours num\u00e9rique depuis septembre. Vendredi 4 d\u00e9cembre, \u00e0 12H pr\u00e9cises, nous nous sommes connect\u00e9s pour avoir les r\u00e9sultats en direct ! Nous \u00e9tions impatients de savoir ! Et voil\u00e0 : 11\u00e8me sur 115, ou plus<\/p>\n<p><a href=\"https:\/\/ecole-ste-anne-asserac.fr\/?p=3814\" class=\"more-link themebutton\">Lire la suite<\/a><\/p>\n","protected":false},"author":3,"featured_media":3815,"comment_status":"closed","ping_status":"closed","sticky":false,"template":"","format":"standard","meta":{"ngg_post_thumbnail":0,"footnotes":""},"categories":[8],"tags":[],"class_list":["post-3814","post","type-post","status-publish","format-standard","has-post-thumbnail","hentry","category-classe-de-cm1-cm2"],"_links":{"self":[{"href":"https:\/\/ecole-ste-anne-asserac.fr\/index.php?rest_route=\/wp\/v2\/posts\/3814","targetHints":{"allow":["GET"]}}],"collection":[{"href":"https:\/\/ecole-ste-anne-asserac.fr\/index.php?rest_route=\/wp\/v2\/posts"}],"about":[{"href":"https:\/\/ecole-ste-anne-asserac.fr\/index.php?rest_route=\/wp\/v2\/types\/post"}],"author":[{"embeddable":true,"href":"https:\/\/ecole-ste-anne-asserac.fr\/index.php?rest_route=\/wp\/v2\/users\/3"}],"replies":[{"embeddable":true,"href":"https:\/\/ecole-ste-anne-asserac.fr\/index.php?rest_route=%2Fwp%2Fv2%2Fcomments&post=3814"}],"version-history":[{"count":1,"href":"https:\/\/ecole-ste-anne-asserac.fr\/index.php?rest_route=\/wp\/v2\/posts\/3814\/revisions"}],"predecessor-version":[{"id":3816,"href":"https:\/\/ecole-ste-anne-asserac.fr\/index.php?rest_route=\/wp\/v2\/posts\/3814\/revisions\/3816"}],"wp:featuredmedia":[{"embeddable":true,"href":"https:\/\/ecole-ste-anne-asserac.fr\/index.php?rest_route=\/wp\/v2\/media\/3815"}],"wp:attachment":[{"href":"https:\/\/ecole-ste-anne-asserac.fr\/index.php?rest_route=%2Fwp%2Fv2%2Fmedia&parent=3814"}],"wp:term":[{"taxonomy":"category","embeddable":true,"href":"https:\/\/ecole-ste-anne-asserac.fr\/index.php?rest_route=%2Fwp%2Fv2%2Fcategories&post=3814"},{"taxonomy":"post_tag","embeddable":true,"href":"https:\/\/ecole-ste-anne-asserac.fr\/index.php?rest_route=%2Fwp%2Fv2%2Ftags&post=3814"}],"curies":[{"name":"wp","href":"https:\/\/api.w.org\/{rel}","templated":true}]}}