{"id":3820,"date":"2020-12-17T18:53:30","date_gmt":"2020-12-17T17:53:30","guid":{"rendered":"http:\/\/ecole-ste-anne-asserac.fr\/?p=3820"},"modified":"2020-12-19T22:35:10","modified_gmt":"2020-12-19T21:35:10","slug":"cornebidouille-en-mosaique","status":"publish","type":"post","link":"https:\/\/ecole-ste-anne-asserac.fr\/?p=3820","title":{"rendered":"\u00ab\u00a0Cornebidouille \u00a0\u00bb en mosa\u00efque"},"content":{"rendered":"<p>Un de nos projets du mois de d\u00e9cembre, fut de cr\u00e9er Cornebidouille avec de petits papiers. Cornebidouille est notre sorci\u00e8re pr\u00e9f\u00e9r\u00e9e. Nous suivons ses aventures depuis le d\u00e9but de l&rsquo;ann\u00e9e ainsi que celle de Pierre. Maintenant, elle est accroch\u00e9e sous le pr\u00e9au et elle veille sur les enfants qui ne mangent pas leur soupe! Nous lui avons m\u00eame fait un d\u00e9cor de No\u00ebl! Nous avons pris beaucoup de plaisir et ce fut un travail de plusieurs semaines.<a href=\"http:\/\/ecole-ste-anne-asserac.fr\/wp-content\/uploads\/2020\/12\/39B0D511-CB3E-436D-8C1E-C9AA0BAF9D67_1_105_c.jpeg\"><img loading=\"lazy\" decoding=\"async\" class=\"size-medium wp-image-3821 aligncenter\" src=\"http:\/\/ecole-ste-anne-asserac.fr\/wp-content\/uploads\/2020\/12\/39B0D511-CB3E-436D-8C1E-C9AA0BAF9D67_1_105_c-300x225.jpeg\" alt=\"\" width=\"300\" height=\"225\" srcset=\"https:\/\/ecole-ste-anne-asserac.fr\/wp-content\/uploads\/2020\/12\/39B0D511-CB3E-436D-8C1E-C9AA0BAF9D67_1_105_c-300x225.jpeg 300w, https:\/\/ecole-ste-anne-asserac.fr\/wp-content\/uploads\/2020\/12\/39B0D511-CB3E-436D-8C1E-C9AA0BAF9D67_1_105_c-768x576.jpeg 768w, https:\/\/ecole-ste-anne-asserac.fr\/wp-content\/uploads\/2020\/12\/39B0D511-CB3E-436D-8C1E-C9AA0BAF9D67_1_105_c-600x450.jpeg 600w, https:\/\/ecole-ste-anne-asserac.fr\/wp-content\/uploads\/2020\/12\/39B0D511-CB3E-436D-8C1E-C9AA0BAF9D67_1_105_c.jpeg 1024w\" sizes=\"auto, (max-width: 300px) 100vw, 300px\" \/><\/a> <a href=\"http:\/\/ecole-ste-anne-asserac.fr\/wp-content\/uploads\/2020\/12\/28D7BA1E-0686-4B24-9357-9DF7EB23B487_1_105_c.jpeg\"><img loading=\"lazy\" decoding=\"async\" class=\"size-medium wp-image-3822 aligncenter\" src=\"http:\/\/ecole-ste-anne-asserac.fr\/wp-content\/uploads\/2020\/12\/28D7BA1E-0686-4B24-9357-9DF7EB23B487_1_105_c-300x225.jpeg\" alt=\"\" width=\"300\" height=\"225\" srcset=\"https:\/\/ecole-ste-anne-asserac.fr\/wp-content\/uploads\/2020\/12\/28D7BA1E-0686-4B24-9357-9DF7EB23B487_1_105_c-300x225.jpeg 300w, https:\/\/ecole-ste-anne-asserac.fr\/wp-content\/uploads\/2020\/12\/28D7BA1E-0686-4B24-9357-9DF7EB23B487_1_105_c-768x576.jpeg 768w, https:\/\/ecole-ste-anne-asserac.fr\/wp-content\/uploads\/2020\/12\/28D7BA1E-0686-4B24-9357-9DF7EB23B487_1_105_c-600x450.jpeg 600w, https:\/\/ecole-ste-anne-asserac.fr\/wp-content\/uploads\/2020\/12\/28D7BA1E-0686-4B24-9357-9DF7EB23B487_1_105_c.jpeg 1024w\" sizes=\"auto, (max-width: 300px) 100vw, 300px\" \/><\/a><\/p>\n<p>&nbsp;<\/p>\n","protected":false},"excerpt":{"rendered":"<p>Un de nos projets du mois de d\u00e9cembre, fut de cr\u00e9er Cornebidouille avec de petits papiers. Cornebidouille est notre sorci\u00e8re pr\u00e9f\u00e9r\u00e9e. Nous suivons ses aventures depuis le d\u00e9but de l&rsquo;ann\u00e9e ainsi que celle de Pierre. Maintenant, elle est accroch\u00e9e sous le pr\u00e9au et elle veille sur les enfants qui ne mangent pas leur soupe! Nous<\/p>\n<p><a href=\"https:\/\/ecole-ste-anne-asserac.fr\/?p=3820\" class=\"more-link themebutton\">Lire la suite<\/a><\/p>\n","protected":false},"author":4,"featured_media":0,"comment_status":"closed","ping_status":"closed","sticky":false,"template":"","format":"standard","meta":{"ngg_post_thumbnail":0,"footnotes":""},"categories":[6],"tags":[],"class_list":["post-3820","post","type-post","status-publish","format-standard","hentry","category-classe-de-cp-ce1"],"_links":{"self":[{"href":"https:\/\/ecole-ste-anne-asserac.fr\/index.php?rest_route=\/wp\/v2\/posts\/3820","targetHints":{"allow":["GET"]}}],"collection":[{"href":"https:\/\/ecole-ste-anne-asserac.fr\/index.php?rest_route=\/wp\/v2\/posts"}],"about":[{"href":"https:\/\/ecole-ste-anne-asserac.fr\/index.php?rest_route=\/wp\/v2\/types\/post"}],"author":[{"embeddable":true,"href":"https:\/\/ecole-ste-anne-asserac.fr\/index.php?rest_route=\/wp\/v2\/users\/4"}],"replies":[{"embeddable":true,"href":"https:\/\/ecole-ste-anne-asserac.fr\/index.php?rest_route=%2Fwp%2Fv2%2Fcomments&post=3820"}],"version-history":[{"count":3,"href":"https:\/\/ecole-ste-anne-asserac.fr\/index.php?rest_route=\/wp\/v2\/posts\/3820\/revisions"}],"predecessor-version":[{"id":3835,"href":"https:\/\/ecole-ste-anne-asserac.fr\/index.php?rest_route=\/wp\/v2\/posts\/3820\/revisions\/3835"}],"wp:attachment":[{"href":"https:\/\/ecole-ste-anne-asserac.fr\/index.php?rest_route=%2Fwp%2Fv2%2Fmedia&parent=3820"}],"wp:term":[{"taxonomy":"category","embeddable":true,"href":"https:\/\/ecole-ste-anne-asserac.fr\/index.php?rest_route=%2Fwp%2Fv2%2Fcategories&post=3820"},{"taxonomy":"post_tag","embeddable":true,"href":"https:\/\/ecole-ste-anne-asserac.fr\/index.php?rest_route=%2Fwp%2Fv2%2Ftags&post=3820"}],"curies":[{"name":"wp","href":"https:\/\/api.w.org\/{rel}","templated":true}]}}