{"id":394,"date":"2015-09-19T10:59:40","date_gmt":"2015-09-19T09:59:40","guid":{"rendered":"http:\/\/ecole-ste-anne-asserac.fr\/?p=394"},"modified":"2015-09-28T07:41:41","modified_gmt":"2015-09-28T06:41:41","slug":"a-londres-pour-la-coupe-du-monde-2","status":"publish","type":"post","link":"https:\/\/ecole-ste-anne-asserac.fr\/?p=394","title":{"rendered":"A Londres pour la coupe du monde !"},"content":{"rendered":"<p>Mardi 22 septembre , les enfants de CM1 et CM2 partiront \u00e0 leur tour en classe d\u00e9couverte . Direction l&rsquo;Angleterre ! Merci \u00e0 tous ceux qui ont contribu\u00e9 \u00e0 ce voyage &#8230;<\/p>\n<p>Programme charg\u00e9 en visites, en \u00ab\u00a0premi\u00e8res fois\u00a0\u00bb .\u00a0Pour les suivre cette semaine, cliquez <a href=\"http:\/\/www.classedecouverteangleterre.blogspot.com\">ici<\/a> .<\/p>\n","protected":false},"excerpt":{"rendered":"<p>Mardi 22 septembre , les enfants de CM1 et CM2 partiront \u00e0 leur tour en classe d\u00e9couverte . Direction l&rsquo;Angleterre ! Merci \u00e0 tous ceux qui ont contribu\u00e9 \u00e0 ce voyage &#8230; Programme charg\u00e9 en visites, en \u00ab\u00a0premi\u00e8res fois\u00a0\u00bb .\u00a0Pour les suivre cette semaine, cliquez ici .<\/p>\n","protected":false},"author":3,"featured_media":0,"comment_status":"closed","ping_status":"closed","sticky":false,"template":"","format":"standard","meta":{"ngg_post_thumbnail":0,"footnotes":""},"categories":[7,8],"tags":[],"class_list":["post-394","post","type-post","status-publish","format-standard","hentry","category-classe-de-ce2-cm1","category-classe-de-cm1-cm2"],"_links":{"self":[{"href":"https:\/\/ecole-ste-anne-asserac.fr\/index.php?rest_route=\/wp\/v2\/posts\/394","targetHints":{"allow":["GET"]}}],"collection":[{"href":"https:\/\/ecole-ste-anne-asserac.fr\/index.php?rest_route=\/wp\/v2\/posts"}],"about":[{"href":"https:\/\/ecole-ste-anne-asserac.fr\/index.php?rest_route=\/wp\/v2\/types\/post"}],"author":[{"embeddable":true,"href":"https:\/\/ecole-ste-anne-asserac.fr\/index.php?rest_route=\/wp\/v2\/users\/3"}],"replies":[{"embeddable":true,"href":"https:\/\/ecole-ste-anne-asserac.fr\/index.php?rest_route=%2Fwp%2Fv2%2Fcomments&post=394"}],"version-history":[{"count":0,"href":"https:\/\/ecole-ste-anne-asserac.fr\/index.php?rest_route=\/wp\/v2\/posts\/394\/revisions"}],"wp:attachment":[{"href":"https:\/\/ecole-ste-anne-asserac.fr\/index.php?rest_route=%2Fwp%2Fv2%2Fmedia&parent=394"}],"wp:term":[{"taxonomy":"category","embeddable":true,"href":"https:\/\/ecole-ste-anne-asserac.fr\/index.php?rest_route=%2Fwp%2Fv2%2Fcategories&post=394"},{"taxonomy":"post_tag","embeddable":true,"href":"https:\/\/ecole-ste-anne-asserac.fr\/index.php?rest_route=%2Fwp%2Fv2%2Ftags&post=394"}],"curies":[{"name":"wp","href":"https:\/\/api.w.org\/{rel}","templated":true}]}}