{"id":4128,"date":"2021-05-08T12:12:34","date_gmt":"2021-05-08T11:12:34","guid":{"rendered":"http:\/\/ecole-ste-anne-asserac.fr\/?p=4128"},"modified":"2021-05-08T12:12:34","modified_gmt":"2021-05-08T11:12:34","slug":"reportage-sur-la-police-municipale","status":"publish","type":"post","link":"https:\/\/ecole-ste-anne-asserac.fr\/?p=4128","title":{"rendered":"Reportage sur la Police Municipale"},"content":{"rendered":"<p>Le Journal TV des CM2 prend peu \u00e0 peu forme ; nous avons termin\u00e9 la r\u00e9daction de nos br\u00e8ves, de nos interviews . Nous sommes donc all\u00e9s jeudi apr\u00e8s-midi d\u00e9couvrir un lieu \u00e0 Ass\u00e9rac en lien avec notre projet&nbsp; : le bureau de la Police Municipale, ou plut\u00f4t Intercommunale, nous avons film\u00e9 afin de terminer notre reportage .<\/p>\n<p><img loading=\"lazy\" decoding=\"async\" class=\"size-medium wp-image-4131 aligncenter\" src=\"http:\/\/ecole-ste-anne-asserac.fr\/wp-content\/uploads\/2021\/05\/20180211_0645031-300x169.jpg\" alt=\"\" width=\"300\" height=\"169\" srcset=\"https:\/\/ecole-ste-anne-asserac.fr\/wp-content\/uploads\/2021\/05\/20180211_0645031-300x169.jpg 300w, https:\/\/ecole-ste-anne-asserac.fr\/wp-content\/uploads\/2021\/05\/20180211_0645031-1024x576.jpg 1024w, https:\/\/ecole-ste-anne-asserac.fr\/wp-content\/uploads\/2021\/05\/20180211_0645031-768x432.jpg 768w, https:\/\/ecole-ste-anne-asserac.fr\/wp-content\/uploads\/2021\/05\/20180211_0645031-600x338.jpg 600w, https:\/\/ecole-ste-anne-asserac.fr\/wp-content\/uploads\/2021\/05\/20180211_0645031-1536x864.jpg 1536w, https:\/\/ecole-ste-anne-asserac.fr\/wp-content\/uploads\/2021\/05\/20180211_0645031.jpg 1920w\" sizes=\"auto, (max-width: 300px) 100vw, 300px\" \/><\/p>\n<p>Nous avons \u00e9t\u00e9 accueillis par Viviane et Morgane, 2 polici\u00e8res qui nous expliqu\u00e9 leur travail au quotidien, leur r\u00f4le et leurs missions.<\/p>\n<p><img loading=\"lazy\" decoding=\"async\" class=\"size-medium wp-image-4130 aligncenter\" src=\"http:\/\/ecole-ste-anne-asserac.fr\/wp-content\/uploads\/2021\/05\/20180211_0635421-300x169.jpg\" alt=\"\" width=\"300\" height=\"169\" srcset=\"https:\/\/ecole-ste-anne-asserac.fr\/wp-content\/uploads\/2021\/05\/20180211_0635421-300x169.jpg 300w, https:\/\/ecole-ste-anne-asserac.fr\/wp-content\/uploads\/2021\/05\/20180211_0635421-1024x576.jpg 1024w, https:\/\/ecole-ste-anne-asserac.fr\/wp-content\/uploads\/2021\/05\/20180211_0635421-768x432.jpg 768w, https:\/\/ecole-ste-anne-asserac.fr\/wp-content\/uploads\/2021\/05\/20180211_0635421-600x338.jpg 600w, https:\/\/ecole-ste-anne-asserac.fr\/wp-content\/uploads\/2021\/05\/20180211_0635421-1536x864.jpg 1536w, https:\/\/ecole-ste-anne-asserac.fr\/wp-content\/uploads\/2021\/05\/20180211_0635421.jpg 1920w\" sizes=\"auto, (max-width: 300px) 100vw, 300px\" \/><\/p>\n<p>Elles nous ont fait d\u00e9couvrir leur \u00e9quipement, leur mat\u00e9riel (y compris celui qui est embarqu\u00e9 dans leur voiture).<\/p>\n<p><img loading=\"lazy\" decoding=\"async\" class=\"size-medium wp-image-4134 aligncenter\" src=\"http:\/\/ecole-ste-anne-asserac.fr\/wp-content\/uploads\/2021\/05\/IMG_20210506_152555-300x225.jpg\" alt=\"\" width=\"300\" height=\"225\" srcset=\"https:\/\/ecole-ste-anne-asserac.fr\/wp-content\/uploads\/2021\/05\/IMG_20210506_152555-300x225.jpg 300w, https:\/\/ecole-ste-anne-asserac.fr\/wp-content\/uploads\/2021\/05\/IMG_20210506_152555-1024x768.jpg 1024w, https:\/\/ecole-ste-anne-asserac.fr\/wp-content\/uploads\/2021\/05\/IMG_20210506_152555-768x576.jpg 768w, https:\/\/ecole-ste-anne-asserac.fr\/wp-content\/uploads\/2021\/05\/IMG_20210506_152555-600x450.jpg 600w, https:\/\/ecole-ste-anne-asserac.fr\/wp-content\/uploads\/2021\/05\/IMG_20210506_152555-1536x1152.jpg 1536w, https:\/\/ecole-ste-anne-asserac.fr\/wp-content\/uploads\/2021\/05\/IMG_20210506_152555.jpg 1920w\" sizes=\"auto, (max-width: 300px) 100vw, 300px\" \/><\/p>\n<p>Elles ont r\u00e9pondu \u00e0 toutes nos questions ; nous avons appris beaucoup de choses sur ce m\u00e9tier . Nous n&rsquo;allons pas tout vous d\u00e9voiler : il faudra attendre la mise en ligne de notre Journal TV.<\/p>\n<p><img loading=\"lazy\" decoding=\"async\" class=\"size-medium wp-image-4137 aligncenter\" src=\"http:\/\/ecole-ste-anne-asserac.fr\/wp-content\/uploads\/2021\/05\/IMG_20210506_161203-300x225.jpg\" alt=\"\" width=\"300\" height=\"225\" srcset=\"https:\/\/ecole-ste-anne-asserac.fr\/wp-content\/uploads\/2021\/05\/IMG_20210506_161203-300x225.jpg 300w, https:\/\/ecole-ste-anne-asserac.fr\/wp-content\/uploads\/2021\/05\/IMG_20210506_161203-1024x768.jpg 1024w, https:\/\/ecole-ste-anne-asserac.fr\/wp-content\/uploads\/2021\/05\/IMG_20210506_161203-768x576.jpg 768w, https:\/\/ecole-ste-anne-asserac.fr\/wp-content\/uploads\/2021\/05\/IMG_20210506_161203-600x450.jpg 600w, https:\/\/ecole-ste-anne-asserac.fr\/wp-content\/uploads\/2021\/05\/IMG_20210506_161203-1536x1152.jpg 1536w, https:\/\/ecole-ste-anne-asserac.fr\/wp-content\/uploads\/2021\/05\/IMG_20210506_161203.jpg 1920w\" sizes=\"auto, (max-width: 300px) 100vw, 300px\" \/><\/p>\n<p>Merci \u00e0 elles deux pour leur disponibilit\u00e9 et leur adaptation aux conditions de tournage impos\u00e9es par nos envoy\u00e9s sp\u00e9ciaux !!<\/p>\n","protected":false},"excerpt":{"rendered":"<p>Le Journal TV des CM2 prend peu \u00e0 peu forme ; nous avons termin\u00e9 la r\u00e9daction de nos br\u00e8ves, de nos interviews . Nous sommes donc all\u00e9s jeudi apr\u00e8s-midi d\u00e9couvrir un lieu \u00e0 Ass\u00e9rac en lien avec notre projet&nbsp; : le bureau de la Police Municipale, ou plut\u00f4t Intercommunale, nous avons film\u00e9 afin de terminer<\/p>\n<p><a href=\"https:\/\/ecole-ste-anne-asserac.fr\/?p=4128\" class=\"more-link themebutton\">Lire la suite<\/a><\/p>\n","protected":false},"author":3,"featured_media":0,"comment_status":"closed","ping_status":"closed","sticky":false,"template":"","format":"standard","meta":{"ngg_post_thumbnail":0,"footnotes":""},"categories":[8],"tags":[],"class_list":["post-4128","post","type-post","status-publish","format-standard","hentry","category-classe-de-cm1-cm2"],"_links":{"self":[{"href":"https:\/\/ecole-ste-anne-asserac.fr\/index.php?rest_route=\/wp\/v2\/posts\/4128","targetHints":{"allow":["GET"]}}],"collection":[{"href":"https:\/\/ecole-ste-anne-asserac.fr\/index.php?rest_route=\/wp\/v2\/posts"}],"about":[{"href":"https:\/\/ecole-ste-anne-asserac.fr\/index.php?rest_route=\/wp\/v2\/types\/post"}],"author":[{"embeddable":true,"href":"https:\/\/ecole-ste-anne-asserac.fr\/index.php?rest_route=\/wp\/v2\/users\/3"}],"replies":[{"embeddable":true,"href":"https:\/\/ecole-ste-anne-asserac.fr\/index.php?rest_route=%2Fwp%2Fv2%2Fcomments&post=4128"}],"version-history":[{"count":4,"href":"https:\/\/ecole-ste-anne-asserac.fr\/index.php?rest_route=\/wp\/v2\/posts\/4128\/revisions"}],"predecessor-version":[{"id":4138,"href":"https:\/\/ecole-ste-anne-asserac.fr\/index.php?rest_route=\/wp\/v2\/posts\/4128\/revisions\/4138"}],"wp:attachment":[{"href":"https:\/\/ecole-ste-anne-asserac.fr\/index.php?rest_route=%2Fwp%2Fv2%2Fmedia&parent=4128"}],"wp:term":[{"taxonomy":"category","embeddable":true,"href":"https:\/\/ecole-ste-anne-asserac.fr\/index.php?rest_route=%2Fwp%2Fv2%2Fcategories&post=4128"},{"taxonomy":"post_tag","embeddable":true,"href":"https:\/\/ecole-ste-anne-asserac.fr\/index.php?rest_route=%2Fwp%2Fv2%2Ftags&post=4128"}],"curies":[{"name":"wp","href":"https:\/\/api.w.org\/{rel}","templated":true}]}}