{"id":4149,"date":"2021-05-22T15:36:21","date_gmt":"2021-05-22T14:36:21","guid":{"rendered":"http:\/\/ecole-ste-anne-asserac.fr\/?p=4149"},"modified":"2021-06-28T11:21:08","modified_gmt":"2021-06-28T09:21:08","slug":"devoir-de-memoire","status":"publish","type":"post","link":"https:\/\/ecole-ste-anne-asserac.fr\/?p=4149","title":{"rendered":"Devoir de M\u00e9moire"},"content":{"rendered":"<p>Depuis plusieurs semaines, en cours d&rsquo;Histoire, nous \u00e9tudions la Premi\u00e8re Guerre Mondiale.&nbsp;<\/p>\n<p>Mardi 18 mai , nous nous sommes rendus au cimeti\u00e8re d&rsquo;Ass\u00e9rac pour d\u00e9couvrir le Monuments aux morts, \u00e9difi\u00e9 \u00e0 la M\u00e9moire des soldats morts pendant les guerres. <img loading=\"lazy\" decoding=\"async\" class=\"size-medium wp-image-4152 aligncenter\" src=\"http:\/\/ecole-ste-anne-asserac.fr\/wp-content\/uploads\/2021\/05\/IMG_20210518_141441-300x225.jpg\" alt=\"\" width=\"300\" height=\"225\" srcset=\"https:\/\/ecole-ste-anne-asserac.fr\/wp-content\/uploads\/2021\/05\/IMG_20210518_141441-300x225.jpg 300w, https:\/\/ecole-ste-anne-asserac.fr\/wp-content\/uploads\/2021\/05\/IMG_20210518_141441-1024x768.jpg 1024w, https:\/\/ecole-ste-anne-asserac.fr\/wp-content\/uploads\/2021\/05\/IMG_20210518_141441-768x576.jpg 768w, https:\/\/ecole-ste-anne-asserac.fr\/wp-content\/uploads\/2021\/05\/IMG_20210518_141441-600x450.jpg 600w, https:\/\/ecole-ste-anne-asserac.fr\/wp-content\/uploads\/2021\/05\/IMG_20210518_141441-1536x1152.jpg 1536w, https:\/\/ecole-ste-anne-asserac.fr\/wp-content\/uploads\/2021\/05\/IMG_20210518_141441.jpg 1920w\" sizes=\"auto, (max-width: 300px) 100vw, 300px\" \/><\/p>\n<p>Nous avons ainsi d\u00e9couvert que 86 hommes d&rsquo;Ass\u00e9rac \u00e9taient morts aux combats entre 1914 et 1918. Une inscription sur le monument \u00ab\u00a0Aux enfants d&rsquo;Ass\u00e9rac morts pour la France\u00a0\u00bb , des photos de quelques soldats&#8230;mais surtout une longue liste de noms ! Nous nous sommes vraiment rendus compte que beaucoup de familles avaient \u00e9t\u00e9 concern\u00e9es par un d\u00e9c\u00e8s sur le front, parfois plusieurs fois&#8230;<\/p>\n<p>Nous avons cherch\u00e9 des renseignements, essay\u00e9 de comprendre les symboles pr\u00e9sents&nbsp; sur&nbsp; ce&nbsp; monument.<a href=\"http:\/\/ecole-ste-anne-asserac.fr\/wp-content\/uploads\/2021\/05\/IMG_20210518_141517.jpg\"><img loading=\"lazy\" decoding=\"async\" class=\"size-medium wp-image-4153 aligncenter\" src=\"http:\/\/ecole-ste-anne-asserac.fr\/wp-content\/uploads\/2021\/05\/IMG_20210518_141517-300x225.jpg\" alt=\"\" width=\"300\" height=\"225\" srcset=\"https:\/\/ecole-ste-anne-asserac.fr\/wp-content\/uploads\/2021\/05\/IMG_20210518_141517-300x225.jpg 300w, https:\/\/ecole-ste-anne-asserac.fr\/wp-content\/uploads\/2021\/05\/IMG_20210518_141517-1024x768.jpg 1024w, https:\/\/ecole-ste-anne-asserac.fr\/wp-content\/uploads\/2021\/05\/IMG_20210518_141517-768x576.jpg 768w, https:\/\/ecole-ste-anne-asserac.fr\/wp-content\/uploads\/2021\/05\/IMG_20210518_141517-600x450.jpg 600w, https:\/\/ecole-ste-anne-asserac.fr\/wp-content\/uploads\/2021\/05\/IMG_20210518_141517-1536x1152.jpg 1536w, https:\/\/ecole-ste-anne-asserac.fr\/wp-content\/uploads\/2021\/05\/IMG_20210518_141517.jpg 1920w\" sizes=\"auto, (max-width: 300px) 100vw, 300px\" \/><\/a>A la fin de notre \u00e9tude, nous avons fait une minute de silence, pour nous souvenir d&rsquo;eux et marquer notre respect pour ce qu&rsquo;ils ont fait.<\/p>\n<p><img loading=\"lazy\" decoding=\"async\" class=\"size-medium wp-image-4156 aligncenter\" src=\"http:\/\/ecole-ste-anne-asserac.fr\/wp-content\/uploads\/2021\/05\/IMG_20210518_144422-300x225.jpg\" alt=\"\" width=\"300\" height=\"225\" srcset=\"https:\/\/ecole-ste-anne-asserac.fr\/wp-content\/uploads\/2021\/05\/IMG_20210518_144422-300x225.jpg 300w, https:\/\/ecole-ste-anne-asserac.fr\/wp-content\/uploads\/2021\/05\/IMG_20210518_144422-1024x768.jpg 1024w, https:\/\/ecole-ste-anne-asserac.fr\/wp-content\/uploads\/2021\/05\/IMG_20210518_144422-768x576.jpg 768w, https:\/\/ecole-ste-anne-asserac.fr\/wp-content\/uploads\/2021\/05\/IMG_20210518_144422-600x450.jpg 600w, https:\/\/ecole-ste-anne-asserac.fr\/wp-content\/uploads\/2021\/05\/IMG_20210518_144422-1536x1152.jpg 1536w, https:\/\/ecole-ste-anne-asserac.fr\/wp-content\/uploads\/2021\/05\/IMG_20210518_144422.jpg 1920w\" sizes=\"auto, (max-width: 300px) 100vw, 300px\" \/><\/p>\n<p style=\"text-align: center;\">Cela nous a fait r\u00e9fl\u00e9chir \u00e0 la libert\u00e9, \u00e0 la paix \u00e0 pr\u00e9server.<\/p>\n","protected":false},"excerpt":{"rendered":"<p>Depuis plusieurs semaines, en cours d&rsquo;Histoire, nous \u00e9tudions la Premi\u00e8re Guerre Mondiale.&nbsp; Mardi 18 mai , nous nous sommes rendus au cimeti\u00e8re d&rsquo;Ass\u00e9rac pour d\u00e9couvrir le Monuments aux morts, \u00e9difi\u00e9 \u00e0 la M\u00e9moire des soldats morts pendant les guerres. Nous avons ainsi d\u00e9couvert que 86 hommes d&rsquo;Ass\u00e9rac \u00e9taient morts aux combats entre 1914 et 1918.<\/p>\n<p><a href=\"https:\/\/ecole-ste-anne-asserac.fr\/?p=4149\" class=\"more-link themebutton\">Lire la suite<\/a><\/p>\n","protected":false},"author":3,"featured_media":4152,"comment_status":"closed","ping_status":"closed","sticky":false,"template":"","format":"standard","meta":{"ngg_post_thumbnail":0,"footnotes":""},"categories":[8],"tags":[],"class_list":["post-4149","post","type-post","status-publish","format-standard","has-post-thumbnail","hentry","category-classe-de-cm1-cm2"],"_links":{"self":[{"href":"https:\/\/ecole-ste-anne-asserac.fr\/index.php?rest_route=\/wp\/v2\/posts\/4149","targetHints":{"allow":["GET"]}}],"collection":[{"href":"https:\/\/ecole-ste-anne-asserac.fr\/index.php?rest_route=\/wp\/v2\/posts"}],"about":[{"href":"https:\/\/ecole-ste-anne-asserac.fr\/index.php?rest_route=\/wp\/v2\/types\/post"}],"author":[{"embeddable":true,"href":"https:\/\/ecole-ste-anne-asserac.fr\/index.php?rest_route=\/wp\/v2\/users\/3"}],"replies":[{"embeddable":true,"href":"https:\/\/ecole-ste-anne-asserac.fr\/index.php?rest_route=%2Fwp%2Fv2%2Fcomments&post=4149"}],"version-history":[{"count":4,"href":"https:\/\/ecole-ste-anne-asserac.fr\/index.php?rest_route=\/wp\/v2\/posts\/4149\/revisions"}],"predecessor-version":[{"id":4158,"href":"https:\/\/ecole-ste-anne-asserac.fr\/index.php?rest_route=\/wp\/v2\/posts\/4149\/revisions\/4158"}],"wp:featuredmedia":[{"embeddable":true,"href":"https:\/\/ecole-ste-anne-asserac.fr\/index.php?rest_route=\/wp\/v2\/media\/4152"}],"wp:attachment":[{"href":"https:\/\/ecole-ste-anne-asserac.fr\/index.php?rest_route=%2Fwp%2Fv2%2Fmedia&parent=4149"}],"wp:term":[{"taxonomy":"category","embeddable":true,"href":"https:\/\/ecole-ste-anne-asserac.fr\/index.php?rest_route=%2Fwp%2Fv2%2Fcategories&post=4149"},{"taxonomy":"post_tag","embeddable":true,"href":"https:\/\/ecole-ste-anne-asserac.fr\/index.php?rest_route=%2Fwp%2Fv2%2Ftags&post=4149"}],"curies":[{"name":"wp","href":"https:\/\/api.w.org\/{rel}","templated":true}]}}