{"id":416,"date":"2015-10-15T10:50:44","date_gmt":"2015-10-15T09:50:44","guid":{"rendered":"http:\/\/ecole-ste-anne-asserac.fr\/?p=416"},"modified":"2015-10-15T10:50:44","modified_gmt":"2015-10-15T09:50:44","slug":"flash-infos","status":"publish","type":"post","link":"https:\/\/ecole-ste-anne-asserac.fr\/?p=416","title":{"rendered":"Flash infos"},"content":{"rendered":"<p>Vendredi 2 Octobre , Anthony MARSAIS, journaliste \u00e0 Radio C\u00f4te d&rsquo;Amour est venu recueillir nos impressions pour les diffuser pendant un flash infos .<\/p>\n<p><a href=\"http:\/\/ecole-ste-anne-asserac.fr\/wp-content\/uploads\/2015\/10\/SDC11735.jpg\"><img loading=\"lazy\" decoding=\"async\" class=\"aligncenter size-medium wp-image-418\" src=\"http:\/\/ecole-ste-anne-asserac.fr\/wp-content\/uploads\/2015\/10\/SDC11735-300x225.jpg\" alt=\"SDC11735\" width=\"300\" height=\"225\" srcset=\"https:\/\/ecole-ste-anne-asserac.fr\/wp-content\/uploads\/2015\/10\/SDC11735-300x225.jpg 300w, https:\/\/ecole-ste-anne-asserac.fr\/wp-content\/uploads\/2015\/10\/SDC11735-1024x768.jpg 1024w, https:\/\/ecole-ste-anne-asserac.fr\/wp-content\/uploads\/2015\/10\/SDC11735-600x450.jpg 600w, https:\/\/ecole-ste-anne-asserac.fr\/wp-content\/uploads\/2015\/10\/SDC11735.jpg 2048w\" sizes=\"auto, (max-width: 300px) 100vw, 300px\" \/><\/a><\/p>\n<p><a href=\"http:\/\/ecole-ste-anne-asserac.fr\/wp-content\/uploads\/2015\/10\/SDC11737.jpg\"><img loading=\"lazy\" decoding=\"async\" class=\"aligncenter size-medium wp-image-419\" src=\"http:\/\/ecole-ste-anne-asserac.fr\/wp-content\/uploads\/2015\/10\/SDC11737-300x225.jpg\" alt=\"SDC11737\" width=\"300\" height=\"225\" srcset=\"https:\/\/ecole-ste-anne-asserac.fr\/wp-content\/uploads\/2015\/10\/SDC11737-300x225.jpg 300w, https:\/\/ecole-ste-anne-asserac.fr\/wp-content\/uploads\/2015\/10\/SDC11737-1024x768.jpg 1024w, https:\/\/ecole-ste-anne-asserac.fr\/wp-content\/uploads\/2015\/10\/SDC11737-600x450.jpg 600w, https:\/\/ecole-ste-anne-asserac.fr\/wp-content\/uploads\/2015\/10\/SDC11737.jpg 2048w\" sizes=\"auto, (max-width: 300px) 100vw, 300px\" \/><\/a><\/p>\n<p>Il nous a \u00e9galement expliqu\u00e9 son m\u00e9tier :<\/p>\n<p><a href=\"http:\/\/ecole-ste-anne-asserac.fr\/wp-content\/uploads\/2015\/10\/SDC11742.jpg\"><img loading=\"lazy\" decoding=\"async\" class=\"aligncenter size-medium wp-image-420\" src=\"http:\/\/ecole-ste-anne-asserac.fr\/wp-content\/uploads\/2015\/10\/SDC11742-300x225.jpg\" alt=\"SDC11742\" width=\"300\" height=\"225\" srcset=\"https:\/\/ecole-ste-anne-asserac.fr\/wp-content\/uploads\/2015\/10\/SDC11742-300x225.jpg 300w, https:\/\/ecole-ste-anne-asserac.fr\/wp-content\/uploads\/2015\/10\/SDC11742-1024x768.jpg 1024w, https:\/\/ecole-ste-anne-asserac.fr\/wp-content\/uploads\/2015\/10\/SDC11742-600x450.jpg 600w, https:\/\/ecole-ste-anne-asserac.fr\/wp-content\/uploads\/2015\/10\/SDC11742.jpg 2048w\" sizes=\"auto, (max-width: 300px) 100vw, 300px\" \/><\/a><\/p>\n<p><em>\u00a0\u00bb Journaliste ? Tout un m\u00e9tier &#8230;. Etre journaliste c&rsquo;est \u00e0 la fois facile et difficile: il faut avoir les bons sentiments, les bonnes expressions ( sourire, \u00eatre \u00e9mu &#8230;) et les bons mots . &#8230; On peut travailler chez soi, dans un studio ou en voyage , n&rsquo;importe o\u00f9 en fait ! Une \u00e9mission radio, qu&rsquo;est-ce que c&rsquo;est ? Il faut d&rsquo;abord trouver un ou plusieurs sujets, ensuite le\u00a0mettre en forme pour le pr\u00e9senter aux auditeurs.<\/em><\/p>\n<p><em>Quelques questions des \u00e9l\u00e8ves :<\/em><\/p>\n<ul>\n<li><em>Est-ce que vous vous entra\u00eenez avant de passer \u00e0 la radio ? \u00ab\u00a0Oui , on appelle \u00e7a mettre le texte en bouche \u00ab\u00a0<\/em><\/li>\n<li><em>Est-ce qu&rsquo;une \u00e9mission de radio demande de l&rsquo;organisation? \u00ab\u00a0Oui, cela demande un long moment de r\u00e9flexion et &#8230;beaucoup d&rsquo;organisation !\u00a0\u00bb<\/em><\/li>\n<\/ul>\n<p style=\"text-align: center;\"><em>(Texte de ce compte-rendu r\u00e9dig\u00e9 par Kassandra, Keridwen, Robin)<\/em><\/p>\n<p>Enfin, nous nous sommes entra\u00een\u00e9s \u00e0 lire sur un ton journalistique .<\/p>\n<p><a href=\"http:\/\/ecole-ste-anne-asserac.fr\/wp-content\/uploads\/2015\/10\/SDC11744.jpg\"><img loading=\"lazy\" decoding=\"async\" class=\"aligncenter size-medium wp-image-421\" src=\"http:\/\/ecole-ste-anne-asserac.fr\/wp-content\/uploads\/2015\/10\/SDC11744-300x225.jpg\" alt=\"SDC11744\" width=\"300\" height=\"225\" srcset=\"https:\/\/ecole-ste-anne-asserac.fr\/wp-content\/uploads\/2015\/10\/SDC11744-300x225.jpg 300w, https:\/\/ecole-ste-anne-asserac.fr\/wp-content\/uploads\/2015\/10\/SDC11744-1024x768.jpg 1024w, https:\/\/ecole-ste-anne-asserac.fr\/wp-content\/uploads\/2015\/10\/SDC11744-600x450.jpg 600w, https:\/\/ecole-ste-anne-asserac.fr\/wp-content\/uploads\/2015\/10\/SDC11744.jpg 2048w\" sizes=\"auto, (max-width: 300px) 100vw, 300px\" \/><\/a><\/p>\n<!--[if lt IE 9]><script>document.createElement('audio');<\/script><![endif]-->\n<audio class=\"wp-audio-shortcode\" id=\"audio-416-1\" preload=\"none\" style=\"width: 100%;\" controls=\"controls\"><source type=\"audio\/mpeg\" src=\"http:\/\/ecole-ste-anne-asserac.fr\/wp-content\/uploads\/2015\/10\/Flash1.mp3?_=1\" \/><a href=\"http:\/\/ecole-ste-anne-asserac.fr\/wp-content\/uploads\/2015\/10\/Flash1.mp3\">http:\/\/ecole-ste-anne-asserac.fr\/wp-content\/uploads\/2015\/10\/Flash1.mp3<\/a><\/audio>\n<audio class=\"wp-audio-shortcode\" id=\"audio-416-2\" autoplay preload=\"auto\" style=\"width: 100%;\" controls=\"controls\"><source type=\"audio\/mpeg\" src=\"http:\/\/ecole-ste-anne-asserac.fr\/wp-content\/uploads\/2015\/10\/Flash2.mp3?_=2\" \/><a href=\"http:\/\/ecole-ste-anne-asserac.fr\/wp-content\/uploads\/2015\/10\/Flash2.mp3\">http:\/\/ecole-ste-anne-asserac.fr\/wp-content\/uploads\/2015\/10\/Flash2.mp3<\/a><\/audio>\n<p>On a retenu qu&rsquo;il fallait :<\/p>\n<ul>\n<li>bien articuler<\/li>\n<li>sourire en lisant<\/li>\n<li>s&rsquo;entra\u00eener avant !<\/li>\n<\/ul>\n<p>Nous sommes pass\u00e9s \u00e0 la radio lundi 5 Octobre aux diff\u00e9rents flashs infos de la journ\u00e9e !<\/p>\n<audio class=\"wp-audio-shortcode\" id=\"audio-416-3\" preload=\"none\" style=\"width: 100%;\" controls=\"controls\"><source type=\"audio\/mpeg\" src=\"http:\/\/ecole-ste-anne-asserac.fr\/wp-content\/uploads\/2015\/10\/20151005-lundi.mp3?_=3\" \/><a href=\"http:\/\/ecole-ste-anne-asserac.fr\/wp-content\/uploads\/2015\/10\/20151005-lundi.mp3\">http:\/\/ecole-ste-anne-asserac.fr\/wp-content\/uploads\/2015\/10\/20151005-lundi.mp3<\/a><\/audio>\n<p>Puis mercredi 7 Octobre dans l&rsquo;\u00e9mission d&rsquo;Anthony \u00a0\u00bb Les petites Canailles \u00a0\u00bb :<\/p>\n<audio class=\"wp-audio-shortcode\" id=\"audio-416-4\" preload=\"none\" style=\"width: 100%;\" controls=\"controls\"><source type=\"audio\/mpeg\" src=\"http:\/\/ecole-ste-anne-asserac.fr\/wp-content\/uploads\/2015\/10\/20151010-samedi.mp3?_=4\" \/><a href=\"http:\/\/ecole-ste-anne-asserac.fr\/wp-content\/uploads\/2015\/10\/20151010-samedi.mp3\">http:\/\/ecole-ste-anne-asserac.fr\/wp-content\/uploads\/2015\/10\/20151010-samedi.mp3<\/a><\/audio>\n<p>&nbsp;<\/p>\n<p>Anthony a \u00e9galement r\u00e9dig\u00e9 un article pour raconter\u00a0notre aventure; si vous voulez le d\u00e9couvrir , \u00a0cliquez<a href=\"http:\/\/www.cotedamour.fr\/article-11157-des-eleves-asserac-au-coeur-de-la-coupe-du-monde-de-rugby-.html\"> ici<\/a>.<\/p>\n<p>&nbsp;<\/p>\n<p>.<\/p>\n<p>&nbsp;<\/p>\n","protected":false},"excerpt":{"rendered":"<p>Vendredi 2 Octobre , Anthony MARSAIS, journaliste \u00e0 Radio C\u00f4te d&rsquo;Amour est venu recueillir nos impressions pour les diffuser pendant un flash infos . Il nous a \u00e9galement expliqu\u00e9 son m\u00e9tier : \u00a0\u00bb Journaliste ? Tout un m\u00e9tier &#8230;. Etre journaliste c&rsquo;est \u00e0 la fois facile et difficile: il faut avoir les bons sentiments, les<\/p>\n<p><a href=\"https:\/\/ecole-ste-anne-asserac.fr\/?p=416\" class=\"more-link themebutton\">Lire la suite<\/a><\/p>\n","protected":false},"author":3,"featured_media":0,"comment_status":"closed","ping_status":"closed","sticky":false,"template":"","format":"audio","meta":{"ngg_post_thumbnail":0,"footnotes":""},"categories":[8],"tags":[],"class_list":["post-416","post","type-post","status-publish","format-audio","hentry","category-classe-de-cm1-cm2","post_format-post-format-audio"],"_links":{"self":[{"href":"https:\/\/ecole-ste-anne-asserac.fr\/index.php?rest_route=\/wp\/v2\/posts\/416","targetHints":{"allow":["GET"]}}],"collection":[{"href":"https:\/\/ecole-ste-anne-asserac.fr\/index.php?rest_route=\/wp\/v2\/posts"}],"about":[{"href":"https:\/\/ecole-ste-anne-asserac.fr\/index.php?rest_route=\/wp\/v2\/types\/post"}],"author":[{"embeddable":true,"href":"https:\/\/ecole-ste-anne-asserac.fr\/index.php?rest_route=\/wp\/v2\/users\/3"}],"replies":[{"embeddable":true,"href":"https:\/\/ecole-ste-anne-asserac.fr\/index.php?rest_route=%2Fwp%2Fv2%2Fcomments&post=416"}],"version-history":[{"count":0,"href":"https:\/\/ecole-ste-anne-asserac.fr\/index.php?rest_route=\/wp\/v2\/posts\/416\/revisions"}],"wp:attachment":[{"href":"https:\/\/ecole-ste-anne-asserac.fr\/index.php?rest_route=%2Fwp%2Fv2%2Fmedia&parent=416"}],"wp:term":[{"taxonomy":"category","embeddable":true,"href":"https:\/\/ecole-ste-anne-asserac.fr\/index.php?rest_route=%2Fwp%2Fv2%2Fcategories&post=416"},{"taxonomy":"post_tag","embeddable":true,"href":"https:\/\/ecole-ste-anne-asserac.fr\/index.php?rest_route=%2Fwp%2Fv2%2Ftags&post=416"}],"curies":[{"name":"wp","href":"https:\/\/api.w.org\/{rel}","templated":true}]}}