{"id":4160,"date":"2021-05-24T17:07:35","date_gmt":"2021-05-24T16:07:35","guid":{"rendered":"http:\/\/ecole-ste-anne-asserac.fr\/?p=4160"},"modified":"2021-06-28T17:55:51","modified_gmt":"2021-06-28T15:55:51","slug":"quand-le-cirque-est-revenu","status":"publish","type":"post","link":"https:\/\/ecole-ste-anne-asserac.fr\/?p=4160","title":{"rendered":"\u00ab\u00a0Quand le cirque est revenu\u00a0\u00bb"},"content":{"rendered":"<p>Lundi 20 mai , les enfants de CP-CE1 et ceux de maternelle ont particip\u00e9 \u00e0 un spectacle. Louise et Emilie, de la compagnie \u00ab\u00a0Les ar\u00eates du bifteck\u00a0\u00bb nous ont pr\u00e9sent\u00e9 \u00ab\u00a0Quand le cirque est revenu\u00a0\u00bb.<\/p>\n<p style=\"text-align: center;\"><a href=\"http:\/\/ecole-ste-anne-asserac.fr\/wp-content\/uploads\/2021\/05\/Capture-decran-2021-05-24-a-17.50.11.png\"><img loading=\"lazy\" decoding=\"async\" class=\"alignnone size-medium wp-image-4161\" src=\"http:\/\/ecole-ste-anne-asserac.fr\/wp-content\/uploads\/2021\/05\/Capture-decran-2021-05-24-a-17.50.11-228x300.png\" alt=\"\" width=\"228\" height=\"300\" srcset=\"https:\/\/ecole-ste-anne-asserac.fr\/wp-content\/uploads\/2021\/05\/Capture-decran-2021-05-24-a-17.50.11-228x300.png 228w, https:\/\/ecole-ste-anne-asserac.fr\/wp-content\/uploads\/2021\/05\/Capture-decran-2021-05-24-a-17.50.11.png 266w\" sizes=\"auto, (max-width: 228px) 100vw, 228px\" \/><\/a><\/p>\n<p>Les \u00e9l\u00e8ves ont beaucoup appr\u00e9ci\u00e9 ce spectacle et ont \u00e9t\u00e9 captiv\u00e9s par l&rsquo;histoire du g\u00e9n\u00e9ral Poutche.<\/p>\n<p><i>Le g\u00e9n\u00e9ral Georges Poutche n\u2019aime pas trop \u00e7a, le cirque. De mani\u00e8re g\u00e9n\u00e9rale, le g\u00e9n\u00e9ral n\u2019aime pas bien tous ces s<\/i><i>altimbanques qui habitent dans des maisons qui roulent, qui s\u2019habillent rigolo, qui bougent tout le temps dans tous les sens, et qu\u2019on ne peut pas contr\u00f4ler.<\/i><\/p>\n<div><i>Ce qu\u2019il aime le g\u00e9n\u00e9ral c\u2019est l\u2019ordre !<\/i><\/div>\n<div>\u00a0 <a href=\"http:\/\/ecole-ste-anne-asserac.fr\/wp-content\/uploads\/2021\/05\/FB9A71A8-C770-43F0-AFF2-28035159AB0D.jpeg\"><img loading=\"lazy\" decoding=\"async\" class=\"size-medium wp-image-4163 aligncenter\" src=\"http:\/\/ecole-ste-anne-asserac.fr\/wp-content\/uploads\/2021\/05\/FB9A71A8-C770-43F0-AFF2-28035159AB0D-225x300.jpeg\" alt=\"\" width=\"225\" height=\"300\" srcset=\"https:\/\/ecole-ste-anne-asserac.fr\/wp-content\/uploads\/2021\/05\/FB9A71A8-C770-43F0-AFF2-28035159AB0D-225x300.jpeg 225w, https:\/\/ecole-ste-anne-asserac.fr\/wp-content\/uploads\/2021\/05\/FB9A71A8-C770-43F0-AFF2-28035159AB0D-768x1024.jpeg 768w, https:\/\/ecole-ste-anne-asserac.fr\/wp-content\/uploads\/2021\/05\/FB9A71A8-C770-43F0-AFF2-28035159AB0D-600x800.jpeg 600w, https:\/\/ecole-ste-anne-asserac.fr\/wp-content\/uploads\/2021\/05\/FB9A71A8-C770-43F0-AFF2-28035159AB0D-1152x1536.jpeg 1152w, https:\/\/ecole-ste-anne-asserac.fr\/wp-content\/uploads\/2021\/05\/FB9A71A8-C770-43F0-AFF2-28035159AB0D.jpeg 1440w\" sizes=\"auto, (max-width: 225px) 100vw, 225px\" \/><\/a>\u00a0\u00a0<a href=\"http:\/\/ecole-ste-anne-asserac.fr\/wp-content\/uploads\/2021\/05\/D650F477-BC55-4BFE-930A-AF71E87596E4.jpeg\"><img loading=\"lazy\" decoding=\"async\" class=\"size-medium wp-image-4167 aligncenter\" src=\"http:\/\/ecole-ste-anne-asserac.fr\/wp-content\/uploads\/2021\/05\/D650F477-BC55-4BFE-930A-AF71E87596E4-300x225.jpeg\" alt=\"\" width=\"300\" height=\"225\" srcset=\"https:\/\/ecole-ste-anne-asserac.fr\/wp-content\/uploads\/2021\/05\/D650F477-BC55-4BFE-930A-AF71E87596E4-300x225.jpeg 300w, https:\/\/ecole-ste-anne-asserac.fr\/wp-content\/uploads\/2021\/05\/D650F477-BC55-4BFE-930A-AF71E87596E4-1024x768.jpeg 1024w, https:\/\/ecole-ste-anne-asserac.fr\/wp-content\/uploads\/2021\/05\/D650F477-BC55-4BFE-930A-AF71E87596E4-768x576.jpeg 768w, https:\/\/ecole-ste-anne-asserac.fr\/wp-content\/uploads\/2021\/05\/D650F477-BC55-4BFE-930A-AF71E87596E4-600x450.jpeg 600w, https:\/\/ecole-ste-anne-asserac.fr\/wp-content\/uploads\/2021\/05\/D650F477-BC55-4BFE-930A-AF71E87596E4-1536x1152.jpeg 1536w, https:\/\/ecole-ste-anne-asserac.fr\/wp-content\/uploads\/2021\/05\/D650F477-BC55-4BFE-930A-AF71E87596E4.jpeg 1920w\" sizes=\"auto, (max-width: 300px) 100vw, 300px\" \/><\/a> <a href=\"http:\/\/ecole-ste-anne-asserac.fr\/wp-content\/uploads\/2021\/05\/9434F989-1E2E-4182-9F71-BB25FF6B97AB.jpeg\"><img loading=\"lazy\" decoding=\"async\" class=\"size-medium wp-image-4168 aligncenter\" src=\"http:\/\/ecole-ste-anne-asserac.fr\/wp-content\/uploads\/2021\/05\/9434F989-1E2E-4182-9F71-BB25FF6B97AB-300x225.jpeg\" alt=\"\" width=\"300\" height=\"225\" srcset=\"https:\/\/ecole-ste-anne-asserac.fr\/wp-content\/uploads\/2021\/05\/9434F989-1E2E-4182-9F71-BB25FF6B97AB-300x225.jpeg 300w, https:\/\/ecole-ste-anne-asserac.fr\/wp-content\/uploads\/2021\/05\/9434F989-1E2E-4182-9F71-BB25FF6B97AB-1024x768.jpeg 1024w, https:\/\/ecole-ste-anne-asserac.fr\/wp-content\/uploads\/2021\/05\/9434F989-1E2E-4182-9F71-BB25FF6B97AB-768x576.jpeg 768w, https:\/\/ecole-ste-anne-asserac.fr\/wp-content\/uploads\/2021\/05\/9434F989-1E2E-4182-9F71-BB25FF6B97AB-600x450.jpeg 600w, https:\/\/ecole-ste-anne-asserac.fr\/wp-content\/uploads\/2021\/05\/9434F989-1E2E-4182-9F71-BB25FF6B97AB-1536x1152.jpeg 1536w, https:\/\/ecole-ste-anne-asserac.fr\/wp-content\/uploads\/2021\/05\/9434F989-1E2E-4182-9F71-BB25FF6B97AB.jpeg 1920w\" sizes=\"auto, (max-width: 300px) 100vw, 300px\" \/><\/a>\u00a0\u00a0 <a href=\"http:\/\/ecole-ste-anne-asserac.fr\/wp-content\/uploads\/2021\/05\/7A4CD284-B0EB-46C1-B3B2-3CCF61FCB173.jpeg\"><img loading=\"lazy\" decoding=\"async\" class=\"size-medium wp-image-4171 aligncenter\" src=\"http:\/\/ecole-ste-anne-asserac.fr\/wp-content\/uploads\/2021\/05\/7A4CD284-B0EB-46C1-B3B2-3CCF61FCB173-300x225.jpeg\" alt=\"\" width=\"300\" height=\"225\" srcset=\"https:\/\/ecole-ste-anne-asserac.fr\/wp-content\/uploads\/2021\/05\/7A4CD284-B0EB-46C1-B3B2-3CCF61FCB173-300x225.jpeg 300w, https:\/\/ecole-ste-anne-asserac.fr\/wp-content\/uploads\/2021\/05\/7A4CD284-B0EB-46C1-B3B2-3CCF61FCB173-1024x768.jpeg 1024w, https:\/\/ecole-ste-anne-asserac.fr\/wp-content\/uploads\/2021\/05\/7A4CD284-B0EB-46C1-B3B2-3CCF61FCB173-768x576.jpeg 768w, https:\/\/ecole-ste-anne-asserac.fr\/wp-content\/uploads\/2021\/05\/7A4CD284-B0EB-46C1-B3B2-3CCF61FCB173-600x450.jpeg 600w, https:\/\/ecole-ste-anne-asserac.fr\/wp-content\/uploads\/2021\/05\/7A4CD284-B0EB-46C1-B3B2-3CCF61FCB173-1536x1152.jpeg 1536w, https:\/\/ecole-ste-anne-asserac.fr\/wp-content\/uploads\/2021\/05\/7A4CD284-B0EB-46C1-B3B2-3CCF61FCB173.jpeg 1920w\" sizes=\"auto, (max-width: 300px) 100vw, 300px\" \/><\/a>\u00a0\u00a0<a href=\"http:\/\/ecole-ste-anne-asserac.fr\/wp-content\/uploads\/2021\/05\/47E835E6-AE0C-457C-9512-EE07E874FFB6.jpeg\"><img loading=\"lazy\" decoding=\"async\" class=\"size-medium wp-image-4173 aligncenter\" src=\"http:\/\/ecole-ste-anne-asserac.fr\/wp-content\/uploads\/2021\/05\/47E835E6-AE0C-457C-9512-EE07E874FFB6-300x225.jpeg\" alt=\"\" width=\"300\" height=\"225\" srcset=\"https:\/\/ecole-ste-anne-asserac.fr\/wp-content\/uploads\/2021\/05\/47E835E6-AE0C-457C-9512-EE07E874FFB6-300x225.jpeg 300w, https:\/\/ecole-ste-anne-asserac.fr\/wp-content\/uploads\/2021\/05\/47E835E6-AE0C-457C-9512-EE07E874FFB6-1024x768.jpeg 1024w, https:\/\/ecole-ste-anne-asserac.fr\/wp-content\/uploads\/2021\/05\/47E835E6-AE0C-457C-9512-EE07E874FFB6-768x576.jpeg 768w, https:\/\/ecole-ste-anne-asserac.fr\/wp-content\/uploads\/2021\/05\/47E835E6-AE0C-457C-9512-EE07E874FFB6-600x450.jpeg 600w, https:\/\/ecole-ste-anne-asserac.fr\/wp-content\/uploads\/2021\/05\/47E835E6-AE0C-457C-9512-EE07E874FFB6-1536x1152.jpeg 1536w, https:\/\/ecole-ste-anne-asserac.fr\/wp-content\/uploads\/2021\/05\/47E835E6-AE0C-457C-9512-EE07E874FFB6.jpeg 1920w\" sizes=\"auto, (max-width: 300px) 100vw, 300px\" \/><\/a><\/div>\n<div><\/div>\n<div>Nous allons continuer de travailler avec Louise, en mai et juin et d\u00e9couvrir avec elle le th\u00e9\u00e2tre. Mais cette fois-ci en \u00e9tant acteur et non spectateur!<\/div>\n<div><\/div>\n","protected":false},"excerpt":{"rendered":"<p>Lundi 20 mai , les enfants de CP-CE1 et ceux de maternelle ont particip\u00e9 \u00e0 un spectacle. Louise et Emilie, de la compagnie \u00ab\u00a0Les ar\u00eates du bifteck\u00a0\u00bb nous ont pr\u00e9sent\u00e9 \u00ab\u00a0Quand le cirque est revenu\u00a0\u00bb. Les \u00e9l\u00e8ves ont beaucoup appr\u00e9ci\u00e9 ce spectacle et ont \u00e9t\u00e9 captiv\u00e9s par l&rsquo;histoire du g\u00e9n\u00e9ral Poutche. Le g\u00e9n\u00e9ral Georges Poutche<\/p>\n<p><a href=\"https:\/\/ecole-ste-anne-asserac.fr\/?p=4160\" class=\"more-link themebutton\">Lire la suite<\/a><\/p>\n","protected":false},"author":4,"featured_media":4161,"comment_status":"closed","ping_status":"closed","sticky":false,"template":"","format":"standard","meta":{"ngg_post_thumbnail":0,"footnotes":""},"categories":[6],"tags":[],"class_list":["post-4160","post","type-post","status-publish","format-standard","has-post-thumbnail","hentry","category-classe-de-cp-ce1"],"_links":{"self":[{"href":"https:\/\/ecole-ste-anne-asserac.fr\/index.php?rest_route=\/wp\/v2\/posts\/4160","targetHints":{"allow":["GET"]}}],"collection":[{"href":"https:\/\/ecole-ste-anne-asserac.fr\/index.php?rest_route=\/wp\/v2\/posts"}],"about":[{"href":"https:\/\/ecole-ste-anne-asserac.fr\/index.php?rest_route=\/wp\/v2\/types\/post"}],"author":[{"embeddable":true,"href":"https:\/\/ecole-ste-anne-asserac.fr\/index.php?rest_route=\/wp\/v2\/users\/4"}],"replies":[{"embeddable":true,"href":"https:\/\/ecole-ste-anne-asserac.fr\/index.php?rest_route=%2Fwp%2Fv2%2Fcomments&post=4160"}],"version-history":[{"count":5,"href":"https:\/\/ecole-ste-anne-asserac.fr\/index.php?rest_route=\/wp\/v2\/posts\/4160\/revisions"}],"predecessor-version":[{"id":4333,"href":"https:\/\/ecole-ste-anne-asserac.fr\/index.php?rest_route=\/wp\/v2\/posts\/4160\/revisions\/4333"}],"wp:featuredmedia":[{"embeddable":true,"href":"https:\/\/ecole-ste-anne-asserac.fr\/index.php?rest_route=\/wp\/v2\/media\/4161"}],"wp:attachment":[{"href":"https:\/\/ecole-ste-anne-asserac.fr\/index.php?rest_route=%2Fwp%2Fv2%2Fmedia&parent=4160"}],"wp:term":[{"taxonomy":"category","embeddable":true,"href":"https:\/\/ecole-ste-anne-asserac.fr\/index.php?rest_route=%2Fwp%2Fv2%2Fcategories&post=4160"},{"taxonomy":"post_tag","embeddable":true,"href":"https:\/\/ecole-ste-anne-asserac.fr\/index.php?rest_route=%2Fwp%2Fv2%2Ftags&post=4160"}],"curies":[{"name":"wp","href":"https:\/\/api.w.org\/{rel}","templated":true}]}}