{"id":4178,"date":"2021-06-04T22:07:17","date_gmt":"2021-06-04T21:07:17","guid":{"rendered":"http:\/\/ecole-ste-anne-asserac.fr\/?p=4178"},"modified":"2021-06-28T11:19:42","modified_gmt":"2021-06-28T09:19:42","slug":"notre-jt-est-en-ligne","status":"publish","type":"post","link":"https:\/\/ecole-ste-anne-asserac.fr\/?p=4178","title":{"rendered":"Notre JT est en ligne !"},"content":{"rendered":"<p>D\u00e9couvrez en exclusivit\u00e9 le <strong>JT des CM2 sur \u00ab\u00a0My Sainte Anne\u00a0\u00bb<\/strong>.<\/p>\n<p>Jeudi 3 Juin, Anthony Marsais, est venu une derni\u00e8re fois dans notre classe pour nous pr\u00e9senter le r\u00e9sultat de notre travail de r\u00e9dacteurs, de cadreurs, d&rsquo;ing\u00e9nieurs du son, d&rsquo;envoy\u00e9s sp\u00e9ciaux, de pr\u00e9sentateurs &#8230; bref , gr\u00e2ce au montage d&rsquo;Anthony, nous avons d\u00e9couvert <a href=\"https:\/\/youtu.be\/oQfq2C3g-Ug\">notre JT<\/a>&nbsp; !!&nbsp;<\/p>\n<p style=\"text-align: center;\"><a href=\"https:\/\/youtu.be\/oQfq2C3g-Ug\">Vous pouvez \u00e0 votre tour le voir en cliquant ici.<\/a><\/p>\n<p><iframe loading=\"lazy\" title=\"JT sur My Sainte Anne - Ass\u00e9rac\" width=\"1170\" height=\"658\" src=\"https:\/\/www.youtube.com\/embed\/oQfq2C3g-Ug?feature=oembed\" frameborder=\"0\" allow=\"accelerometer; autoplay; clipboard-write; encrypted-media; gyroscope; picture-in-picture\" allowfullscreen><\/iframe><\/p>\n<p>Un grand merci \u00e0 Anthony, de <a href=\"https:\/\/www.camanifilms.com\/\">Camani Films<\/a>, avec qui nous avons beaucoup appris. Nous aurions bien aim\u00e9 avoir plus de temps pour encore nous am\u00e9liorer ! Nous avons vu toutes nos imperfections lors du d\u00e9briefing &#8230; mais nous sommes fiers aussi de tous nos progr\u00e8s et d\u00e9fis r\u00e9lev\u00e9s.<\/p>\n<p>Pour le remercier, ainsi que notre invit\u00e9e, Viviane (polici\u00e8re municipale),&nbsp; nous avons pr\u00e9sent\u00e9 \u00e0 notre tour le <a href=\"https:\/\/youtu.be\/tpj4mHrnr_A\">making off<\/a> de ce tournage. Vous d\u00e9couvrirez donc les coulisses de ce journal en cliquant<a href=\"https:\/\/youtu.be\/tpj4mHrnr_A\"> ici<\/a>.<\/p>\n<p><iframe loading=\"lazy\" title=\"Making Off JT CM2\" width=\"1170\" height=\"658\" src=\"https:\/\/www.youtube.com\/embed\/tpj4mHrnr_A?feature=oembed\" frameborder=\"0\" allow=\"accelerometer; autoplay; clipboard-write; encrypted-media; gyroscope; picture-in-picture\" allowfullscreen><\/iframe><\/p>\n<p style=\"text-align: center;\">Peut-\u00eatre \u00ab\u00a0A bient\u00f4t\u00a0\u00bb sur \u00ab\u00a0My Sainte Anne\u00a0\u00bb ?&nbsp;<\/p>\n","protected":false},"excerpt":{"rendered":"<p>D\u00e9couvrez en exclusivit\u00e9 le JT des CM2 sur \u00ab\u00a0My Sainte Anne\u00a0\u00bb. Jeudi 3 Juin, Anthony Marsais, est venu une derni\u00e8re fois dans notre classe pour nous pr\u00e9senter le r\u00e9sultat de notre travail de r\u00e9dacteurs, de cadreurs, d&rsquo;ing\u00e9nieurs du son, d&rsquo;envoy\u00e9s sp\u00e9ciaux, de pr\u00e9sentateurs &#8230; bref , gr\u00e2ce au montage d&rsquo;Anthony, nous avons d\u00e9couvert notre JT&nbsp;<\/p>\n<p><a href=\"https:\/\/ecole-ste-anne-asserac.fr\/?p=4178\" class=\"more-link themebutton\">Lire la suite<\/a><\/p>\n","protected":false},"author":3,"featured_media":4326,"comment_status":"closed","ping_status":"closed","sticky":false,"template":"","format":"standard","meta":{"ngg_post_thumbnail":0,"footnotes":""},"categories":[8],"tags":[],"class_list":["post-4178","post","type-post","status-publish","format-standard","has-post-thumbnail","hentry","category-classe-de-cm1-cm2"],"_links":{"self":[{"href":"https:\/\/ecole-ste-anne-asserac.fr\/index.php?rest_route=\/wp\/v2\/posts\/4178","targetHints":{"allow":["GET"]}}],"collection":[{"href":"https:\/\/ecole-ste-anne-asserac.fr\/index.php?rest_route=\/wp\/v2\/posts"}],"about":[{"href":"https:\/\/ecole-ste-anne-asserac.fr\/index.php?rest_route=\/wp\/v2\/types\/post"}],"author":[{"embeddable":true,"href":"https:\/\/ecole-ste-anne-asserac.fr\/index.php?rest_route=\/wp\/v2\/users\/3"}],"replies":[{"embeddable":true,"href":"https:\/\/ecole-ste-anne-asserac.fr\/index.php?rest_route=%2Fwp%2Fv2%2Fcomments&post=4178"}],"version-history":[{"count":5,"href":"https:\/\/ecole-ste-anne-asserac.fr\/index.php?rest_route=\/wp\/v2\/posts\/4178\/revisions"}],"predecessor-version":[{"id":4202,"href":"https:\/\/ecole-ste-anne-asserac.fr\/index.php?rest_route=\/wp\/v2\/posts\/4178\/revisions\/4202"}],"wp:featuredmedia":[{"embeddable":true,"href":"https:\/\/ecole-ste-anne-asserac.fr\/index.php?rest_route=\/wp\/v2\/media\/4326"}],"wp:attachment":[{"href":"https:\/\/ecole-ste-anne-asserac.fr\/index.php?rest_route=%2Fwp%2Fv2%2Fmedia&parent=4178"}],"wp:term":[{"taxonomy":"category","embeddable":true,"href":"https:\/\/ecole-ste-anne-asserac.fr\/index.php?rest_route=%2Fwp%2Fv2%2Fcategories&post=4178"},{"taxonomy":"post_tag","embeddable":true,"href":"https:\/\/ecole-ste-anne-asserac.fr\/index.php?rest_route=%2Fwp%2Fv2%2Ftags&post=4178"}],"curies":[{"name":"wp","href":"https:\/\/api.w.org\/{rel}","templated":true}]}}