{"id":4259,"date":"2021-06-26T08:09:55","date_gmt":"2021-06-26T07:09:55","guid":{"rendered":"https:\/\/ecole-ste-anne-asserac.fr\/?p=4259"},"modified":"2021-06-28T10:11:15","modified_gmt":"2021-06-28T08:11:15","slug":"correspondants-quebecois","status":"publish","type":"post","link":"https:\/\/ecole-ste-anne-asserac.fr\/?p=4259","title":{"rendered":"Correspondants qu\u00e9b\u00e9cois"},"content":{"rendered":"<p>Le facteur nous a apport\u00e9 une belle surprise hier \u2026<\/p>\n<p>En effet, nous avons eu le plaisir de recevoir les cartes postales envoy\u00e9es par nos correspondants de Gasp\u00e9.<\/p>\n<p>Le courrier a mis un mois et une semaine pour nous parvenir!!!!<\/p>\n<p>Nous avons tous \u00e9t\u00e9 ravis de pouvoir lire nos messages individuels et nous avons \u00e9galement tous re\u00e7u un pin&rsquo;s de la ville en cadeau \u2026<a href=\"http:\/\/ecole-ste-anne-asserac.fr\/wp-content\/uploads\/2021\/06\/IMG_20210625_141644_1.jpg\"><img loading=\"lazy\" decoding=\"async\" class=\"aligncenter size-medium wp-image-4260\" src=\"http:\/\/ecole-ste-anne-asserac.fr\/wp-content\/uploads\/2021\/06\/IMG_20210625_141644_1-300x225.jpg\" alt=\"\" width=\"300\" height=\"225\" srcset=\"https:\/\/ecole-ste-anne-asserac.fr\/wp-content\/uploads\/2021\/06\/IMG_20210625_141644_1-300x225.jpg 300w, https:\/\/ecole-ste-anne-asserac.fr\/wp-content\/uploads\/2021\/06\/IMG_20210625_141644_1-1024x768.jpg 1024w, https:\/\/ecole-ste-anne-asserac.fr\/wp-content\/uploads\/2021\/06\/IMG_20210625_141644_1-768x576.jpg 768w, https:\/\/ecole-ste-anne-asserac.fr\/wp-content\/uploads\/2021\/06\/IMG_20210625_141644_1-600x450.jpg 600w, https:\/\/ecole-ste-anne-asserac.fr\/wp-content\/uploads\/2021\/06\/IMG_20210625_141644_1-1536x1152.jpg 1536w, https:\/\/ecole-ste-anne-asserac.fr\/wp-content\/uploads\/2021\/06\/IMG_20210625_141644_1.jpg 1920w\" sizes=\"auto, (max-width: 300px) 100vw, 300px\" \/><\/a><a href=\"http:\/\/ecole-ste-anne-asserac.fr\/wp-content\/uploads\/2021\/06\/photo-CM1-sans-Kais.jpg\"><img loading=\"lazy\" decoding=\"async\" class=\"aligncenter size-medium wp-image-4262\" src=\"http:\/\/ecole-ste-anne-asserac.fr\/wp-content\/uploads\/2021\/06\/photo-CM1-sans-Kais-300x225.jpg\" alt=\"\" width=\"300\" height=\"225\" srcset=\"https:\/\/ecole-ste-anne-asserac.fr\/wp-content\/uploads\/2021\/06\/photo-CM1-sans-Kais-300x225.jpg 300w, https:\/\/ecole-ste-anne-asserac.fr\/wp-content\/uploads\/2021\/06\/photo-CM1-sans-Kais-1024x768.jpg 1024w, https:\/\/ecole-ste-anne-asserac.fr\/wp-content\/uploads\/2021\/06\/photo-CM1-sans-Kais-768x576.jpg 768w, https:\/\/ecole-ste-anne-asserac.fr\/wp-content\/uploads\/2021\/06\/photo-CM1-sans-Kais-600x450.jpg 600w, https:\/\/ecole-ste-anne-asserac.fr\/wp-content\/uploads\/2021\/06\/photo-CM1-sans-Kais-1536x1152.jpg 1536w, https:\/\/ecole-ste-anne-asserac.fr\/wp-content\/uploads\/2021\/06\/photo-CM1-sans-Kais.jpg 1920w\" sizes=\"auto, (max-width: 300px) 100vw, 300px\" \/><\/a><\/p>\n","protected":false},"excerpt":{"rendered":"<p>Le facteur nous a apport\u00e9 une belle surprise hier \u2026 En effet, nous avons eu le plaisir de recevoir les cartes postales envoy\u00e9es par nos correspondants de Gasp\u00e9. Le courrier a mis un mois et une semaine pour nous parvenir!!!! Nous avons tous \u00e9t\u00e9 ravis de pouvoir lire nos messages individuels et nous avons \u00e9galement<\/p>\n<p><a href=\"https:\/\/ecole-ste-anne-asserac.fr\/?p=4259\" class=\"more-link themebutton\">Lire la suite<\/a><\/p>\n","protected":false},"author":10,"featured_media":4260,"comment_status":"closed","ping_status":"closed","sticky":false,"template":"","format":"standard","meta":{"ngg_post_thumbnail":0,"footnotes":""},"categories":[7],"tags":[],"class_list":["post-4259","post","type-post","status-publish","format-standard","has-post-thumbnail","hentry","category-classe-de-ce2-cm1"],"_links":{"self":[{"href":"https:\/\/ecole-ste-anne-asserac.fr\/index.php?rest_route=\/wp\/v2\/posts\/4259","targetHints":{"allow":["GET"]}}],"collection":[{"href":"https:\/\/ecole-ste-anne-asserac.fr\/index.php?rest_route=\/wp\/v2\/posts"}],"about":[{"href":"https:\/\/ecole-ste-anne-asserac.fr\/index.php?rest_route=\/wp\/v2\/types\/post"}],"author":[{"embeddable":true,"href":"https:\/\/ecole-ste-anne-asserac.fr\/index.php?rest_route=\/wp\/v2\/users\/10"}],"replies":[{"embeddable":true,"href":"https:\/\/ecole-ste-anne-asserac.fr\/index.php?rest_route=%2Fwp%2Fv2%2Fcomments&post=4259"}],"version-history":[{"count":1,"href":"https:\/\/ecole-ste-anne-asserac.fr\/index.php?rest_route=\/wp\/v2\/posts\/4259\/revisions"}],"predecessor-version":[{"id":4263,"href":"https:\/\/ecole-ste-anne-asserac.fr\/index.php?rest_route=\/wp\/v2\/posts\/4259\/revisions\/4263"}],"wp:featuredmedia":[{"embeddable":true,"href":"https:\/\/ecole-ste-anne-asserac.fr\/index.php?rest_route=\/wp\/v2\/media\/4260"}],"wp:attachment":[{"href":"https:\/\/ecole-ste-anne-asserac.fr\/index.php?rest_route=%2Fwp%2Fv2%2Fmedia&parent=4259"}],"wp:term":[{"taxonomy":"category","embeddable":true,"href":"https:\/\/ecole-ste-anne-asserac.fr\/index.php?rest_route=%2Fwp%2Fv2%2Fcategories&post=4259"},{"taxonomy":"post_tag","embeddable":true,"href":"https:\/\/ecole-ste-anne-asserac.fr\/index.php?rest_route=%2Fwp%2Fv2%2Ftags&post=4259"}],"curies":[{"name":"wp","href":"https:\/\/api.w.org\/{rel}","templated":true}]}}