{"id":4276,"date":"2021-07-12T13:58:45","date_gmt":"2021-07-12T11:58:45","guid":{"rendered":"https:\/\/ecole-ste-anne-asserac.fr\/?p=4276"},"modified":"2021-07-12T13:59:01","modified_gmt":"2021-07-12T11:59:01","slug":"carnet-rose","status":"publish","type":"post","link":"https:\/\/ecole-ste-anne-asserac.fr\/?p=4276","title":{"rendered":"Carnet rose"},"content":{"rendered":"<p style=\"text-align: center;\">En cette fin d&rsquo;ann\u00e9e scolaire, Anne et Justine,<\/p>\n<p style=\"text-align: center;\">nos 2 jeunes coll\u00e8gues de l&rsquo;an dernier, sont venues nous voir avec leurs b\u00e9b\u00e9s !<\/p>\n<p style=\"text-align: center;\"><img loading=\"lazy\" decoding=\"async\" class=\"alignnone size-medium wp-image-4400\" src=\"http:\/\/ecole-ste-anne-asserac.fr\/wp-content\/uploads\/2021\/07\/feet-718146_1920-300x201.jpg\" alt=\"\" width=\"300\" height=\"201\"><\/p>\n<p style=\"text-align: center;\">Anne est heureuse de pr\u00e9senter sa petite Ellie \u00e0 ses anciens \u00e9l\u00e8ves :<\/p>\n<p><img loading=\"lazy\" decoding=\"async\" class=\"size-medium wp-image-4278 aligncenter\" src=\"http:\/\/ecole-ste-anne-asserac.fr\/wp-content\/uploads\/2021\/06\/IMG_3605-300x225.jpg\" alt=\"\" width=\"300\" height=\"225\" srcset=\"https:\/\/ecole-ste-anne-asserac.fr\/wp-content\/uploads\/2021\/06\/IMG_3605-300x225.jpg 300w, https:\/\/ecole-ste-anne-asserac.fr\/wp-content\/uploads\/2021\/06\/IMG_3605-600x450.jpg 600w, https:\/\/ecole-ste-anne-asserac.fr\/wp-content\/uploads\/2021\/06\/IMG_3605.jpg 640w\" sizes=\"auto, (max-width: 300px) 100vw, 300px\" \/><\/p>\n<p style=\"text-align: center;\">Et, m\u00eame s&rsquo;ils sont en 6\u00e8me, Justine nous pr\u00e9sente son petit L\u00e9o :<\/p>\n<p style=\"text-align: center;\"><a href=\"http:\/\/ecole-ste-anne-asserac.fr\/wp-content\/uploads\/2021\/06\/IMG_20210630_124659.jpg\"><img loading=\"lazy\" decoding=\"async\" class=\"alignnone size-medium wp-image-4399 aligncenter\" src=\"http:\/\/ecole-ste-anne-asserac.fr\/wp-content\/uploads\/2021\/06\/IMG_20210630_124659-225x300.jpg\" alt=\"\" width=\"225\" height=\"300\"><\/a><\/p>\n<p style=\"text-align: center;\">Nous leur souhaitons plein de bonheur !<\/p>\n<p>&nbsp;<\/p>\n","protected":false},"excerpt":{"rendered":"<p>En cette fin d&rsquo;ann\u00e9e scolaire, Anne et Justine, nos 2 jeunes coll\u00e8gues de l&rsquo;an dernier, sont venues nous voir avec leurs b\u00e9b\u00e9s ! Anne est heureuse de pr\u00e9senter sa petite Ellie \u00e0 ses anciens \u00e9l\u00e8ves : Et, m\u00eame s&rsquo;ils sont en 6\u00e8me, Justine nous pr\u00e9sente son petit L\u00e9o : Nous leur souhaitons plein de bonheur<\/p>\n<p><a href=\"https:\/\/ecole-ste-anne-asserac.fr\/?p=4276\" class=\"more-link themebutton\">Lire la suite<\/a><\/p>\n","protected":false},"author":3,"featured_media":0,"comment_status":"closed","ping_status":"closed","sticky":false,"template":"","format":"standard","meta":{"ngg_post_thumbnail":0,"footnotes":""},"categories":[11],"tags":[],"class_list":["post-4276","post","type-post","status-publish","format-standard","hentry","category-actualite"],"_links":{"self":[{"href":"https:\/\/ecole-ste-anne-asserac.fr\/index.php?rest_route=\/wp\/v2\/posts\/4276","targetHints":{"allow":["GET"]}}],"collection":[{"href":"https:\/\/ecole-ste-anne-asserac.fr\/index.php?rest_route=\/wp\/v2\/posts"}],"about":[{"href":"https:\/\/ecole-ste-anne-asserac.fr\/index.php?rest_route=\/wp\/v2\/types\/post"}],"author":[{"embeddable":true,"href":"https:\/\/ecole-ste-anne-asserac.fr\/index.php?rest_route=\/wp\/v2\/users\/3"}],"replies":[{"embeddable":true,"href":"https:\/\/ecole-ste-anne-asserac.fr\/index.php?rest_route=%2Fwp%2Fv2%2Fcomments&post=4276"}],"version-history":[{"count":2,"href":"https:\/\/ecole-ste-anne-asserac.fr\/index.php?rest_route=\/wp\/v2\/posts\/4276\/revisions"}],"predecessor-version":[{"id":4401,"href":"https:\/\/ecole-ste-anne-asserac.fr\/index.php?rest_route=\/wp\/v2\/posts\/4276\/revisions\/4401"}],"wp:attachment":[{"href":"https:\/\/ecole-ste-anne-asserac.fr\/index.php?rest_route=%2Fwp%2Fv2%2Fmedia&parent=4276"}],"wp:term":[{"taxonomy":"category","embeddable":true,"href":"https:\/\/ecole-ste-anne-asserac.fr\/index.php?rest_route=%2Fwp%2Fv2%2Fcategories&post=4276"},{"taxonomy":"post_tag","embeddable":true,"href":"https:\/\/ecole-ste-anne-asserac.fr\/index.php?rest_route=%2Fwp%2Fv2%2Ftags&post=4276"}],"curies":[{"name":"wp","href":"https:\/\/api.w.org\/{rel}","templated":true}]}}