{"id":4349,"date":"2021-06-30T20:49:25","date_gmt":"2021-06-30T18:49:25","guid":{"rendered":"https:\/\/ecole-ste-anne-asserac.fr\/?p=4349"},"modified":"2021-06-30T20:49:25","modified_gmt":"2021-06-30T18:49:25","slug":"theatre-cp-tetes-de-bulles","status":"publish","type":"post","link":"https:\/\/ecole-ste-anne-asserac.fr\/?p=4349","title":{"rendered":"Th\u00e9\u00e2tre CP \u00ab\u00a0T\u00eates de bulles\u00a0\u00bb"},"content":{"rendered":"<p>Mardi 29 juin, les \u00e9l\u00e8ves de CP nous ont pr\u00e9sent\u00e9 leur spectacle intitul\u00e9 \u00ab\u00a0T\u00eates de bulle\u00a0\u00bb. Durant 6 semaines, avec Louise de la compagnie \u00ab\u00a0Les ar\u00eates du bifteck\u00a0\u00bb nous avons d\u00e9couvert le th\u00e9\u00e2tre et particip\u00e9 \u00e0 6 ateliers. Ce projet a beaucoup plu aux enfants qui se fortement sont investis pour pr\u00e9senter un spectacle de qualit\u00e9. Bravo \u00e0 eux!<\/p>\n<p>Voici le lien pour acc\u00e9der au spectacle \u00ab\u00a0T\u00eate de bulles\u00a0\u00bb:<\/p>\n<p><a href=\"https:\/\/youtu.be\/eO4EgpD7pHE\">https:\/\/youtu.be\/eO4EgpD7pHE<\/a><\/p>\n","protected":false},"excerpt":{"rendered":"<p>Mardi 29 juin, les \u00e9l\u00e8ves de CP nous ont pr\u00e9sent\u00e9 leur spectacle intitul\u00e9 \u00ab\u00a0T\u00eates de bulle\u00a0\u00bb. Durant 6 semaines, avec Louise de la compagnie \u00ab\u00a0Les ar\u00eates du bifteck\u00a0\u00bb nous avons d\u00e9couvert le th\u00e9\u00e2tre et particip\u00e9 \u00e0 6 ateliers. Ce projet a beaucoup plu aux enfants qui se fortement sont investis pour pr\u00e9senter un spectacle de<\/p>\n<p><a href=\"https:\/\/ecole-ste-anne-asserac.fr\/?p=4349\" class=\"more-link themebutton\">Lire la suite<\/a><\/p>\n","protected":false},"author":4,"featured_media":4354,"comment_status":"closed","ping_status":"closed","sticky":false,"template":"","format":"standard","meta":{"ngg_post_thumbnail":0,"footnotes":""},"categories":[6],"tags":[],"class_list":["post-4349","post","type-post","status-publish","format-standard","has-post-thumbnail","hentry","category-classe-de-cp-ce1"],"_links":{"self":[{"href":"https:\/\/ecole-ste-anne-asserac.fr\/index.php?rest_route=\/wp\/v2\/posts\/4349","targetHints":{"allow":["GET"]}}],"collection":[{"href":"https:\/\/ecole-ste-anne-asserac.fr\/index.php?rest_route=\/wp\/v2\/posts"}],"about":[{"href":"https:\/\/ecole-ste-anne-asserac.fr\/index.php?rest_route=\/wp\/v2\/types\/post"}],"author":[{"embeddable":true,"href":"https:\/\/ecole-ste-anne-asserac.fr\/index.php?rest_route=\/wp\/v2\/users\/4"}],"replies":[{"embeddable":true,"href":"https:\/\/ecole-ste-anne-asserac.fr\/index.php?rest_route=%2Fwp%2Fv2%2Fcomments&post=4349"}],"version-history":[{"count":4,"href":"https:\/\/ecole-ste-anne-asserac.fr\/index.php?rest_route=\/wp\/v2\/posts\/4349\/revisions"}],"predecessor-version":[{"id":4356,"href":"https:\/\/ecole-ste-anne-asserac.fr\/index.php?rest_route=\/wp\/v2\/posts\/4349\/revisions\/4356"}],"wp:featuredmedia":[{"embeddable":true,"href":"https:\/\/ecole-ste-anne-asserac.fr\/index.php?rest_route=\/wp\/v2\/media\/4354"}],"wp:attachment":[{"href":"https:\/\/ecole-ste-anne-asserac.fr\/index.php?rest_route=%2Fwp%2Fv2%2Fmedia&parent=4349"}],"wp:term":[{"taxonomy":"category","embeddable":true,"href":"https:\/\/ecole-ste-anne-asserac.fr\/index.php?rest_route=%2Fwp%2Fv2%2Fcategories&post=4349"},{"taxonomy":"post_tag","embeddable":true,"href":"https:\/\/ecole-ste-anne-asserac.fr\/index.php?rest_route=%2Fwp%2Fv2%2Ftags&post=4349"}],"curies":[{"name":"wp","href":"https:\/\/api.w.org\/{rel}","templated":true}]}}