{"id":4357,"date":"2021-06-30T20:56:21","date_gmt":"2021-06-30T18:56:21","guid":{"rendered":"https:\/\/ecole-ste-anne-asserac.fr\/?p=4357"},"modified":"2021-06-30T20:59:37","modified_gmt":"2021-06-30T18:59:37","slug":"theatre-ce1-la-conference-des-couleurs","status":"publish","type":"post","link":"https:\/\/ecole-ste-anne-asserac.fr\/?p=4357","title":{"rendered":"Th\u00e9\u00e2tre CE1 \u00ab\u00a0La conf\u00e9rence des couleurs\u00a0\u00bb"},"content":{"rendered":"<p>\u00ab\u00a0Quelles est la couleur du bonheur? \u00a0\u00bb \u00e9tait la question pos\u00e9e par les conf\u00e9renciers coloristes, dans la sc\u00e8nette jou\u00e9e par les enfants de CE1. Le projet th\u00e9\u00e2tre men\u00e9 lors des mois de mai- juin a \u00e9t\u00e9 tr\u00e8s appr\u00e9ci\u00e9e par les \u00e9l\u00e8ves. Louise, l&rsquo;intervenante a men\u00e9 ces 6 ateliers. Les enfants se sont beaucoup investis pour pr\u00e9senter devant l&rsquo;\u00e9cole un spectacle de qualit\u00e9. Bravo pour ce travail de m\u00e9morisation mais aussi d&rsquo;interpr\u00e9tation.<\/p>\n<p>D\u00e9couvrez leur repr\u00e9sentation en suivant ce lien:<\/p>\n<p><a href=\"https:\/\/youtu.be\/SDteheGUvN8\">https:\/\/youtu.be\/SDteheGUvN8<\/a><\/p>\n<p>Bravo \u00e0 tous pour ce beau spectacle!<\/p>\n","protected":false},"excerpt":{"rendered":"<p>\u00ab\u00a0Quelles est la couleur du bonheur? \u00a0\u00bb \u00e9tait la question pos\u00e9e par les conf\u00e9renciers coloristes, dans la sc\u00e8nette jou\u00e9e par les enfants de CE1. Le projet th\u00e9\u00e2tre men\u00e9 lors des mois de mai- juin a \u00e9t\u00e9 tr\u00e8s appr\u00e9ci\u00e9e par les \u00e9l\u00e8ves. Louise, l&rsquo;intervenante a men\u00e9 ces 6 ateliers. Les enfants se sont beaucoup investis pour<\/p>\n<p><a href=\"https:\/\/ecole-ste-anne-asserac.fr\/?p=4357\" class=\"more-link themebutton\">Lire la suite<\/a><\/p>\n","protected":false},"author":4,"featured_media":4360,"comment_status":"closed","ping_status":"closed","sticky":false,"template":"","format":"standard","meta":{"ngg_post_thumbnail":0,"footnotes":""},"categories":[6],"tags":[],"class_list":["post-4357","post","type-post","status-publish","format-standard","has-post-thumbnail","hentry","category-classe-de-cp-ce1"],"_links":{"self":[{"href":"https:\/\/ecole-ste-anne-asserac.fr\/index.php?rest_route=\/wp\/v2\/posts\/4357","targetHints":{"allow":["GET"]}}],"collection":[{"href":"https:\/\/ecole-ste-anne-asserac.fr\/index.php?rest_route=\/wp\/v2\/posts"}],"about":[{"href":"https:\/\/ecole-ste-anne-asserac.fr\/index.php?rest_route=\/wp\/v2\/types\/post"}],"author":[{"embeddable":true,"href":"https:\/\/ecole-ste-anne-asserac.fr\/index.php?rest_route=\/wp\/v2\/users\/4"}],"replies":[{"embeddable":true,"href":"https:\/\/ecole-ste-anne-asserac.fr\/index.php?rest_route=%2Fwp%2Fv2%2Fcomments&post=4357"}],"version-history":[{"count":2,"href":"https:\/\/ecole-ste-anne-asserac.fr\/index.php?rest_route=\/wp\/v2\/posts\/4357\/revisions"}],"predecessor-version":[{"id":4359,"href":"https:\/\/ecole-ste-anne-asserac.fr\/index.php?rest_route=\/wp\/v2\/posts\/4357\/revisions\/4359"}],"wp:featuredmedia":[{"embeddable":true,"href":"https:\/\/ecole-ste-anne-asserac.fr\/index.php?rest_route=\/wp\/v2\/media\/4360"}],"wp:attachment":[{"href":"https:\/\/ecole-ste-anne-asserac.fr\/index.php?rest_route=%2Fwp%2Fv2%2Fmedia&parent=4357"}],"wp:term":[{"taxonomy":"category","embeddable":true,"href":"https:\/\/ecole-ste-anne-asserac.fr\/index.php?rest_route=%2Fwp%2Fv2%2Fcategories&post=4357"},{"taxonomy":"post_tag","embeddable":true,"href":"https:\/\/ecole-ste-anne-asserac.fr\/index.php?rest_route=%2Fwp%2Fv2%2Ftags&post=4357"}],"curies":[{"name":"wp","href":"https:\/\/api.w.org\/{rel}","templated":true}]}}