{"id":4405,"date":"2021-07-12T17:28:09","date_gmt":"2021-07-12T15:28:09","guid":{"rendered":"https:\/\/ecole-ste-anne-asserac.fr\/?p=4405"},"modified":"2021-07-12T17:30:25","modified_gmt":"2021-07-12T15:30:25","slug":"boum-de-fin-dannee","status":"publish","type":"post","link":"https:\/\/ecole-ste-anne-asserac.fr\/?p=4405","title":{"rendered":"Boum de Fin d&rsquo;ann\u00e9e"},"content":{"rendered":"<p>Chaque ann\u00e9e les ma\u00eetresses organisent une \u00ab\u00a0boum\u00a0\u00bb de fin d&rsquo;ann\u00e9e o\u00f9 tous les \u00e9l\u00e8ves de l&rsquo;\u00e9cole dansent ensemble, refont les chor\u00e9graphies de toutes les classes.<\/p>\n<p>M\u00eame s&rsquo;il n&rsquo;y a pas eu de kermesse, en respectant le protocole sanitaire qui interdisait encore le brassage des \u00e9l\u00e8ves, cette ann\u00e9e encore, nous avons pu nous dire \u00ab\u00a0aurevoir \u00a0\u00bb et \u00ab\u00a0bonnes vacances \u00a0\u00bb en dansant sur la cour tous ensemble.<\/p>\n<p style=\"text-align: center;\">Un moment attendu de tous, un dernier moment de plaisir pour cette ann\u00e9e scolaire 2020-2021&#8230;<\/p>\n<p style=\"text-align: center;\">Bonnes vacances \u00e0 tous !<\/p>\n<p><iframe loading=\"lazy\" title=\"BOUM de fin d&#039;ann\u00e9e Juillet 2021\" width=\"1170\" height=\"658\" src=\"https:\/\/www.youtube.com\/embed\/mTqpa49kf1c?feature=oembed\" frameborder=\"0\" allow=\"accelerometer; autoplay; clipboard-write; encrypted-media; gyroscope; picture-in-picture\" allowfullscreen><\/iframe><\/p>\n<p>&nbsp;<\/p>\n","protected":false},"excerpt":{"rendered":"<p>Chaque ann\u00e9e les ma\u00eetresses organisent une \u00ab\u00a0boum\u00a0\u00bb de fin d&rsquo;ann\u00e9e o\u00f9 tous les \u00e9l\u00e8ves de l&rsquo;\u00e9cole dansent ensemble, refont les chor\u00e9graphies de toutes les classes. M\u00eame s&rsquo;il n&rsquo;y a pas eu de kermesse, en respectant le protocole sanitaire qui interdisait encore le brassage des \u00e9l\u00e8ves, cette ann\u00e9e encore, nous avons pu nous dire \u00ab\u00a0aurevoir \u00a0\u00bb<\/p>\n<p><a href=\"https:\/\/ecole-ste-anne-asserac.fr\/?p=4405\" class=\"more-link themebutton\">Lire la suite<\/a><\/p>\n","protected":false},"author":3,"featured_media":4410,"comment_status":"closed","ping_status":"closed","sticky":false,"template":"","format":"standard","meta":{"ngg_post_thumbnail":0,"footnotes":""},"categories":[11],"tags":[],"class_list":["post-4405","post","type-post","status-publish","format-standard","has-post-thumbnail","hentry","category-actualite"],"_links":{"self":[{"href":"https:\/\/ecole-ste-anne-asserac.fr\/index.php?rest_route=\/wp\/v2\/posts\/4405","targetHints":{"allow":["GET"]}}],"collection":[{"href":"https:\/\/ecole-ste-anne-asserac.fr\/index.php?rest_route=\/wp\/v2\/posts"}],"about":[{"href":"https:\/\/ecole-ste-anne-asserac.fr\/index.php?rest_route=\/wp\/v2\/types\/post"}],"author":[{"embeddable":true,"href":"https:\/\/ecole-ste-anne-asserac.fr\/index.php?rest_route=\/wp\/v2\/users\/3"}],"replies":[{"embeddable":true,"href":"https:\/\/ecole-ste-anne-asserac.fr\/index.php?rest_route=%2Fwp%2Fv2%2Fcomments&post=4405"}],"version-history":[{"count":4,"href":"https:\/\/ecole-ste-anne-asserac.fr\/index.php?rest_route=\/wp\/v2\/posts\/4405\/revisions"}],"predecessor-version":[{"id":4409,"href":"https:\/\/ecole-ste-anne-asserac.fr\/index.php?rest_route=\/wp\/v2\/posts\/4405\/revisions\/4409"}],"wp:featuredmedia":[{"embeddable":true,"href":"https:\/\/ecole-ste-anne-asserac.fr\/index.php?rest_route=\/wp\/v2\/media\/4410"}],"wp:attachment":[{"href":"https:\/\/ecole-ste-anne-asserac.fr\/index.php?rest_route=%2Fwp%2Fv2%2Fmedia&parent=4405"}],"wp:term":[{"taxonomy":"category","embeddable":true,"href":"https:\/\/ecole-ste-anne-asserac.fr\/index.php?rest_route=%2Fwp%2Fv2%2Fcategories&post=4405"},{"taxonomy":"post_tag","embeddable":true,"href":"https:\/\/ecole-ste-anne-asserac.fr\/index.php?rest_route=%2Fwp%2Fv2%2Ftags&post=4405"}],"curies":[{"name":"wp","href":"https:\/\/api.w.org\/{rel}","templated":true}]}}