{"id":4447,"date":"2021-09-13T21:41:48","date_gmt":"2021-09-13T19:41:48","guid":{"rendered":"https:\/\/ecole-ste-anne-asserac.fr\/?p=4447"},"modified":"2021-09-13T21:42:58","modified_gmt":"2021-09-13T19:42:58","slug":"fete-de-la-rentree","status":"publish","type":"post","link":"https:\/\/ecole-ste-anne-asserac.fr\/?p=4447","title":{"rendered":"F\u00eate de la Rentr\u00e9e !"},"content":{"rendered":"<p>C&rsquo;est sous le soleil que tous les enfants ont repris le chemin de l&rsquo;\u00e9cole jeudi 2 Septembre.<\/p>\n<p>Nous nous sommes tous retrouv\u00e9s sur la cour en milieu de matin\u00e9e.&nbsp;<\/p>\n<p><img loading=\"lazy\" decoding=\"async\" class=\"size-medium wp-image-4448 aligncenter\" src=\"http:\/\/ecole-ste-anne-asserac.fr\/wp-content\/uploads\/2021\/09\/IMG_20210902_104119-300x225.jpg\" alt=\"\" width=\"300\" height=\"225\" srcset=\"https:\/\/ecole-ste-anne-asserac.fr\/wp-content\/uploads\/2021\/09\/IMG_20210902_104119-300x225.jpg 300w, https:\/\/ecole-ste-anne-asserac.fr\/wp-content\/uploads\/2021\/09\/IMG_20210902_104119-1024x768.jpg 1024w, https:\/\/ecole-ste-anne-asserac.fr\/wp-content\/uploads\/2021\/09\/IMG_20210902_104119-768x576.jpg 768w, https:\/\/ecole-ste-anne-asserac.fr\/wp-content\/uploads\/2021\/09\/IMG_20210902_104119-600x450.jpg 600w, https:\/\/ecole-ste-anne-asserac.fr\/wp-content\/uploads\/2021\/09\/IMG_20210902_104119-1536x1152.jpg 1536w, https:\/\/ecole-ste-anne-asserac.fr\/wp-content\/uploads\/2021\/09\/IMG_20210902_104119.jpg 1920w\" sizes=\"auto, (max-width: 300px) 100vw, 300px\" \/><\/p>\n<p style=\"text-align: center;\"><img loading=\"lazy\" decoding=\"async\" class=\"alignnone size-medium wp-image-4449\" src=\"http:\/\/ecole-ste-anne-asserac.fr\/wp-content\/uploads\/2021\/09\/IMG_20210902_104116-300x225.jpg\" alt=\"\" width=\"300\" height=\"225\" srcset=\"https:\/\/ecole-ste-anne-asserac.fr\/wp-content\/uploads\/2021\/09\/IMG_20210902_104116-300x225.jpg 300w, https:\/\/ecole-ste-anne-asserac.fr\/wp-content\/uploads\/2021\/09\/IMG_20210902_104116-1024x768.jpg 1024w, https:\/\/ecole-ste-anne-asserac.fr\/wp-content\/uploads\/2021\/09\/IMG_20210902_104116-768x576.jpg 768w, https:\/\/ecole-ste-anne-asserac.fr\/wp-content\/uploads\/2021\/09\/IMG_20210902_104116-600x450.jpg 600w, https:\/\/ecole-ste-anne-asserac.fr\/wp-content\/uploads\/2021\/09\/IMG_20210902_104116-1536x1152.jpg 1536w, https:\/\/ecole-ste-anne-asserac.fr\/wp-content\/uploads\/2021\/09\/IMG_20210902_104116.jpg 1920w\" sizes=\"auto, (max-width: 300px) 100vw, 300px\" \/> &nbsp;&nbsp; <a href=\"http:\/\/ecole-ste-anne-asserac.fr\/wp-content\/uploads\/2021\/09\/IMG_20210902_104127.jpg\"><img loading=\"lazy\" decoding=\"async\" class=\"alignnone size-medium wp-image-4450\" src=\"http:\/\/ecole-ste-anne-asserac.fr\/wp-content\/uploads\/2021\/09\/IMG_20210902_104127-300x225.jpg\" alt=\"\" width=\"300\" height=\"225\" srcset=\"https:\/\/ecole-ste-anne-asserac.fr\/wp-content\/uploads\/2021\/09\/IMG_20210902_104127-300x225.jpg 300w, https:\/\/ecole-ste-anne-asserac.fr\/wp-content\/uploads\/2021\/09\/IMG_20210902_104127-1024x768.jpg 1024w, https:\/\/ecole-ste-anne-asserac.fr\/wp-content\/uploads\/2021\/09\/IMG_20210902_104127-768x576.jpg 768w, https:\/\/ecole-ste-anne-asserac.fr\/wp-content\/uploads\/2021\/09\/IMG_20210902_104127-600x450.jpg 600w, https:\/\/ecole-ste-anne-asserac.fr\/wp-content\/uploads\/2021\/09\/IMG_20210902_104127-1536x1152.jpg 1536w, https:\/\/ecole-ste-anne-asserac.fr\/wp-content\/uploads\/2021\/09\/IMG_20210902_104127.jpg 1920w\" sizes=\"auto, (max-width: 300px) 100vw, 300px\" \/><\/a><\/p>\n<p>Cette ann\u00e9e encore, nous avons accueilli de nouveaux \u00e9l\u00e8ves, de nouvelles ma\u00eetresses. Nous avons fait leur connaissance lors de cette premi\u00e8re Assembl\u00e9e d&rsquo;\u00e9cole, cette \u00ab\u00a0f\u00eate de la rentr\u00e9e\u00a0\u00bb :<\/p>\n<p style=\"text-align: center;\"><a href=\"http:\/\/ecole-ste-anne-asserac.fr\/wp-content\/uploads\/2021\/09\/IMG_20210902_105125.jpg\"><img loading=\"lazy\" decoding=\"async\" class=\"alignnone size-medium wp-image-4451\" src=\"http:\/\/ecole-ste-anne-asserac.fr\/wp-content\/uploads\/2021\/09\/IMG_20210902_105125-300x225.jpg\" alt=\"\" width=\"300\" height=\"225\" srcset=\"https:\/\/ecole-ste-anne-asserac.fr\/wp-content\/uploads\/2021\/09\/IMG_20210902_105125-300x225.jpg 300w, https:\/\/ecole-ste-anne-asserac.fr\/wp-content\/uploads\/2021\/09\/IMG_20210902_105125-1024x768.jpg 1024w, https:\/\/ecole-ste-anne-asserac.fr\/wp-content\/uploads\/2021\/09\/IMG_20210902_105125-768x576.jpg 768w, https:\/\/ecole-ste-anne-asserac.fr\/wp-content\/uploads\/2021\/09\/IMG_20210902_105125-600x450.jpg 600w, https:\/\/ecole-ste-anne-asserac.fr\/wp-content\/uploads\/2021\/09\/IMG_20210902_105125-1536x1152.jpg 1536w, https:\/\/ecole-ste-anne-asserac.fr\/wp-content\/uploads\/2021\/09\/IMG_20210902_105125.jpg 1920w\" sizes=\"auto, (max-width: 300px) 100vw, 300px\" \/><\/a><\/p>\n<p style=\"text-align: center;\">Bienvenue \u00e0 Suzanne, Brewen, Robin, William, L\u00e9ana, Ume, Louise, Ad\u00e8le, Thomas, Louis, Manon, Albin ainsi qu&rsquo;\u00e0 Candice, nouvelle enseignante en GS\/CP &#8230;.<\/p>\n<p>V\u00e9ronique nous a ensuite annonc\u00e9 le Projet d&rsquo;\u00e9cole de cette ann\u00e9e, o\u00f9 nous allons faire des choses <strong>tous ensemble<\/strong> puisque c&rsquo;est la derni\u00e8re ann\u00e9e sur \u00ab\u00a0Vivre ensemble\u00a0\u00bb, ax\u00e9 sur \u00a0\u00bb Agir individuellement et collectivement\u00a0\u00bb.<\/p>\n<p>Aussit\u00f4t dit, aussit\u00f4t fait ! Nous avons continu\u00e9 cette f\u00eate par l&rsquo;apprentissage d&rsquo;un chant&nbsp; ( <em>Julien et les copains du monde<\/em> ) sur lequel nous avons fait le d\u00e9but d&rsquo;un flashmob &#8230; Tous \u00e9taient tr\u00e8s contents de danser !<\/p>\n<p>.<img loading=\"lazy\" decoding=\"async\" class=\"size-medium wp-image-4452 aligncenter\" src=\"http:\/\/ecole-ste-anne-asserac.fr\/wp-content\/uploads\/2021\/09\/IMG_20210902_105951-300x225.jpg\" alt=\"\" width=\"300\" height=\"225\" srcset=\"https:\/\/ecole-ste-anne-asserac.fr\/wp-content\/uploads\/2021\/09\/IMG_20210902_105951-300x225.jpg 300w, https:\/\/ecole-ste-anne-asserac.fr\/wp-content\/uploads\/2021\/09\/IMG_20210902_105951-1024x768.jpg 1024w, https:\/\/ecole-ste-anne-asserac.fr\/wp-content\/uploads\/2021\/09\/IMG_20210902_105951-768x576.jpg 768w, https:\/\/ecole-ste-anne-asserac.fr\/wp-content\/uploads\/2021\/09\/IMG_20210902_105951-600x450.jpg 600w, https:\/\/ecole-ste-anne-asserac.fr\/wp-content\/uploads\/2021\/09\/IMG_20210902_105951-1536x1152.jpg 1536w, https:\/\/ecole-ste-anne-asserac.fr\/wp-content\/uploads\/2021\/09\/IMG_20210902_105951.jpg 1920w\" sizes=\"auto, (max-width: 300px) 100vw, 300px\" \/><\/p>\n<p><img loading=\"lazy\" decoding=\"async\" class=\"size-medium wp-image-4453 aligncenter\" src=\"http:\/\/ecole-ste-anne-asserac.fr\/wp-content\/uploads\/2021\/09\/IMG_20210902_105920-300x225.jpg\" alt=\"\" width=\"300\" height=\"225\" srcset=\"https:\/\/ecole-ste-anne-asserac.fr\/wp-content\/uploads\/2021\/09\/IMG_20210902_105920-300x225.jpg 300w, https:\/\/ecole-ste-anne-asserac.fr\/wp-content\/uploads\/2021\/09\/IMG_20210902_105920-1024x768.jpg 1024w, https:\/\/ecole-ste-anne-asserac.fr\/wp-content\/uploads\/2021\/09\/IMG_20210902_105920-768x576.jpg 768w, https:\/\/ecole-ste-anne-asserac.fr\/wp-content\/uploads\/2021\/09\/IMG_20210902_105920-600x450.jpg 600w, https:\/\/ecole-ste-anne-asserac.fr\/wp-content\/uploads\/2021\/09\/IMG_20210902_105920-1536x1152.jpg 1536w, https:\/\/ecole-ste-anne-asserac.fr\/wp-content\/uploads\/2021\/09\/IMG_20210902_105920.jpg 1920w\" sizes=\"auto, (max-width: 300px) 100vw, 300px\" \/><\/p>\n<p style=\"text-align: center;\">Tout au long de la matin\u00e9e, chacun d&rsquo;entre nous a nou\u00e9 un ruban de couleur sur une grille, symbolisant tous les liens qui existent, ou qui vont se cr\u00e9er entre nous, quelque soit notre classe. \u00ab\u00a0Tous li\u00e9s\u00a0\u00bb pour cette ann\u00e9e 2021-2022.<img loading=\"lazy\" decoding=\"async\" class=\"size-medium wp-image-4457 aligncenter\" src=\"http:\/\/ecole-ste-anne-asserac.fr\/wp-content\/uploads\/2021\/09\/IMG_20210913_153453-139x300.jpg\" alt=\"\" width=\"139\" height=\"300\" srcset=\"https:\/\/ecole-ste-anne-asserac.fr\/wp-content\/uploads\/2021\/09\/IMG_20210913_153453-139x300.jpg 139w, https:\/\/ecole-ste-anne-asserac.fr\/wp-content\/uploads\/2021\/09\/IMG_20210913_153453-473x1024.jpg 473w, https:\/\/ecole-ste-anne-asserac.fr\/wp-content\/uploads\/2021\/09\/IMG_20210913_153453-768x1662.jpg 768w, https:\/\/ecole-ste-anne-asserac.fr\/wp-content\/uploads\/2021\/09\/IMG_20210913_153453-600x1299.jpg 600w, https:\/\/ecole-ste-anne-asserac.fr\/wp-content\/uploads\/2021\/09\/IMG_20210913_153453-710x1536.jpg 710w, https:\/\/ecole-ste-anne-asserac.fr\/wp-content\/uploads\/2021\/09\/IMG_20210913_153453.jpg 887w\" sizes=\"auto, (max-width: 139px) 100vw, 139px\" \/><\/p>\n<p style=\"text-align: center;\">Bien entendu, tout s&rsquo;est termin\u00e9 par un go\u00fbter collectif,<\/p>\n<p style=\"text-align: center;\">pour se souhaiter une \u00a0\u00bb Bonne et belle ann\u00e9e scolaire\u00a0\u00bb.<\/p>\n","protected":false},"excerpt":{"rendered":"<p>C&rsquo;est sous le soleil que tous les enfants ont repris le chemin de l&rsquo;\u00e9cole jeudi 2 Septembre. Nous nous sommes tous retrouv\u00e9s sur la cour en milieu de matin\u00e9e.&nbsp; &nbsp;&nbsp; Cette ann\u00e9e encore, nous avons accueilli de nouveaux \u00e9l\u00e8ves, de nouvelles ma\u00eetresses. Nous avons fait leur connaissance lors de cette premi\u00e8re Assembl\u00e9e d&rsquo;\u00e9cole, cette \u00ab\u00a0f\u00eate<\/p>\n<p><a href=\"https:\/\/ecole-ste-anne-asserac.fr\/?p=4447\" class=\"more-link themebutton\">Lire la suite<\/a><\/p>\n","protected":false},"author":3,"featured_media":4454,"comment_status":"closed","ping_status":"closed","sticky":false,"template":"","format":"standard","meta":{"ngg_post_thumbnail":0,"footnotes":""},"categories":[11],"tags":[],"class_list":["post-4447","post","type-post","status-publish","format-standard","has-post-thumbnail","hentry","category-actualite"],"_links":{"self":[{"href":"https:\/\/ecole-ste-anne-asserac.fr\/index.php?rest_route=\/wp\/v2\/posts\/4447","targetHints":{"allow":["GET"]}}],"collection":[{"href":"https:\/\/ecole-ste-anne-asserac.fr\/index.php?rest_route=\/wp\/v2\/posts"}],"about":[{"href":"https:\/\/ecole-ste-anne-asserac.fr\/index.php?rest_route=\/wp\/v2\/types\/post"}],"author":[{"embeddable":true,"href":"https:\/\/ecole-ste-anne-asserac.fr\/index.php?rest_route=\/wp\/v2\/users\/3"}],"replies":[{"embeddable":true,"href":"https:\/\/ecole-ste-anne-asserac.fr\/index.php?rest_route=%2Fwp%2Fv2%2Fcomments&post=4447"}],"version-history":[{"count":3,"href":"https:\/\/ecole-ste-anne-asserac.fr\/index.php?rest_route=\/wp\/v2\/posts\/4447\/revisions"}],"predecessor-version":[{"id":4458,"href":"https:\/\/ecole-ste-anne-asserac.fr\/index.php?rest_route=\/wp\/v2\/posts\/4447\/revisions\/4458"}],"wp:featuredmedia":[{"embeddable":true,"href":"https:\/\/ecole-ste-anne-asserac.fr\/index.php?rest_route=\/wp\/v2\/media\/4454"}],"wp:attachment":[{"href":"https:\/\/ecole-ste-anne-asserac.fr\/index.php?rest_route=%2Fwp%2Fv2%2Fmedia&parent=4447"}],"wp:term":[{"taxonomy":"category","embeddable":true,"href":"https:\/\/ecole-ste-anne-asserac.fr\/index.php?rest_route=%2Fwp%2Fv2%2Fcategories&post=4447"},{"taxonomy":"post_tag","embeddable":true,"href":"https:\/\/ecole-ste-anne-asserac.fr\/index.php?rest_route=%2Fwp%2Fv2%2Ftags&post=4447"}],"curies":[{"name":"wp","href":"https:\/\/api.w.org\/{rel}","templated":true}]}}