{"id":4515,"date":"2021-10-12T14:30:39","date_gmt":"2021-10-12T12:30:39","guid":{"rendered":"https:\/\/ecole-ste-anne-asserac.fr\/?p=4515"},"modified":"2021-10-29T15:12:49","modified_gmt":"2021-10-29T13:12:49","slug":"cross-du-cycle-3-2","status":"publish","type":"post","link":"https:\/\/ecole-ste-anne-asserac.fr\/?p=4515","title":{"rendered":"Cross du cycle 3"},"content":{"rendered":"<p>Depuis plusieurs semaines, les enfants de CE2, CM1 et CM2 travaillent l&rsquo;endurance avec Solen et Charlotte. Traditionnellement, ces s\u00e9ances se concluent par un cross inter-\u00e9coles au sein de la CLE des Marais sur le site du Pr\u00e9 Grasseur \u00e0 Herbignac.<\/p>\n<p>Mais, ne pouvant pas encore brasser les \u00e9l\u00e8ves de plusieurs \u00e9tablissements, nous avons cette ann\u00e9e pris la d\u00e9cision d&rsquo;organiser cette course du cycle 3 sur chaque commune durant la m\u00eame semaine ! C&rsquo;est ainsi que lundi 11 octobre, les enfants de l&rsquo;\u00e9cole Ste Anne se sont retrouv\u00e9s autour de l&rsquo;\u00e9tang.<\/p>\n<p><img loading=\"lazy\" decoding=\"async\" class=\"wp-image-4517 aligncenter\" src=\"http:\/\/ecole-ste-anne-asserac.fr\/wp-content\/uploads\/2021\/10\/20211011_142335-169x300.jpg\" alt=\"\" width=\"169\" height=\"300\" srcset=\"https:\/\/ecole-ste-anne-asserac.fr\/wp-content\/uploads\/2021\/10\/20211011_142335-169x300.jpg 169w, https:\/\/ecole-ste-anne-asserac.fr\/wp-content\/uploads\/2021\/10\/20211011_142335-576x1024.jpg 576w, https:\/\/ecole-ste-anne-asserac.fr\/wp-content\/uploads\/2021\/10\/20211011_142335-768x1365.jpg 768w, https:\/\/ecole-ste-anne-asserac.fr\/wp-content\/uploads\/2021\/10\/20211011_142335-600x1067.jpg 600w, https:\/\/ecole-ste-anne-asserac.fr\/wp-content\/uploads\/2021\/10\/20211011_142335-864x1536.jpg 864w, https:\/\/ecole-ste-anne-asserac.fr\/wp-content\/uploads\/2021\/10\/20211011_142335.jpg 1080w\" sizes=\"auto, (max-width: 169px) 100vw, 169px\" \/><\/p>\n<p><img loading=\"lazy\" decoding=\"async\" class=\"size-medium wp-image-4516 aligncenter\" src=\"http:\/\/ecole-ste-anne-asserac.fr\/wp-content\/uploads\/2021\/10\/20211011_141334-300x169.jpg\" alt=\"\" width=\"300\" height=\"169\" srcset=\"https:\/\/ecole-ste-anne-asserac.fr\/wp-content\/uploads\/2021\/10\/20211011_141334-300x169.jpg 300w, https:\/\/ecole-ste-anne-asserac.fr\/wp-content\/uploads\/2021\/10\/20211011_141334-1024x576.jpg 1024w, https:\/\/ecole-ste-anne-asserac.fr\/wp-content\/uploads\/2021\/10\/20211011_141334-768x432.jpg 768w, https:\/\/ecole-ste-anne-asserac.fr\/wp-content\/uploads\/2021\/10\/20211011_141334-600x338.jpg 600w, https:\/\/ecole-ste-anne-asserac.fr\/wp-content\/uploads\/2021\/10\/20211011_141334-1536x864.jpg 1536w, https:\/\/ecole-ste-anne-asserac.fr\/wp-content\/uploads\/2021\/10\/20211011_141334.jpg 1920w\" sizes=\"auto, (max-width: 300px) 100vw, 300px\" \/><\/p>\n<p>Trois courses se sont succ\u00e9d\u00e9es dans l&rsquo;apr\u00e8s-midi sous les encouragements des 2 autres classes !&nbsp;<\/p>\n<p style=\"text-align: center;\">Celle des 15 CE2 :<\/p>\n<p><img loading=\"lazy\" decoding=\"async\" class=\"size-medium wp-image-4518 aligncenter\" src=\"http:\/\/ecole-ste-anne-asserac.fr\/wp-content\/uploads\/2021\/10\/20211011_141825-300x169.jpg\" alt=\"\" width=\"300\" height=\"169\" srcset=\"https:\/\/ecole-ste-anne-asserac.fr\/wp-content\/uploads\/2021\/10\/20211011_141825-300x169.jpg 300w, https:\/\/ecole-ste-anne-asserac.fr\/wp-content\/uploads\/2021\/10\/20211011_141825-1024x576.jpg 1024w, https:\/\/ecole-ste-anne-asserac.fr\/wp-content\/uploads\/2021\/10\/20211011_141825-768x432.jpg 768w, https:\/\/ecole-ste-anne-asserac.fr\/wp-content\/uploads\/2021\/10\/20211011_141825-600x338.jpg 600w, https:\/\/ecole-ste-anne-asserac.fr\/wp-content\/uploads\/2021\/10\/20211011_141825-1536x864.jpg 1536w, https:\/\/ecole-ste-anne-asserac.fr\/wp-content\/uploads\/2021\/10\/20211011_141825.jpg 1920w\" sizes=\"auto, (max-width: 300px) 100vw, 300px\" \/><\/p>\n<p><img loading=\"lazy\" decoding=\"async\" class=\"size-medium wp-image-4519 aligncenter\" src=\"http:\/\/ecole-ste-anne-asserac.fr\/wp-content\/uploads\/2021\/10\/20211011_141902-169x300.jpg\" alt=\"\" width=\"169\" height=\"300\" srcset=\"https:\/\/ecole-ste-anne-asserac.fr\/wp-content\/uploads\/2021\/10\/20211011_141902-169x300.jpg 169w, https:\/\/ecole-ste-anne-asserac.fr\/wp-content\/uploads\/2021\/10\/20211011_141902-576x1024.jpg 576w, https:\/\/ecole-ste-anne-asserac.fr\/wp-content\/uploads\/2021\/10\/20211011_141902-768x1365.jpg 768w, https:\/\/ecole-ste-anne-asserac.fr\/wp-content\/uploads\/2021\/10\/20211011_141902-600x1067.jpg 600w, https:\/\/ecole-ste-anne-asserac.fr\/wp-content\/uploads\/2021\/10\/20211011_141902-864x1536.jpg 864w, https:\/\/ecole-ste-anne-asserac.fr\/wp-content\/uploads\/2021\/10\/20211011_141902.jpg 1080w\" sizes=\"auto, (max-width: 169px) 100vw, 169px\" \/><\/p>\n<p><img loading=\"lazy\" decoding=\"async\" class=\"size-medium wp-image-4520 aligncenter\" src=\"http:\/\/ecole-ste-anne-asserac.fr\/wp-content\/uploads\/2021\/10\/20211011_141906-169x300.jpg\" alt=\"\" width=\"169\" height=\"300\" srcset=\"https:\/\/ecole-ste-anne-asserac.fr\/wp-content\/uploads\/2021\/10\/20211011_141906-169x300.jpg 169w, https:\/\/ecole-ste-anne-asserac.fr\/wp-content\/uploads\/2021\/10\/20211011_141906-576x1024.jpg 576w, https:\/\/ecole-ste-anne-asserac.fr\/wp-content\/uploads\/2021\/10\/20211011_141906-768x1365.jpg 768w, https:\/\/ecole-ste-anne-asserac.fr\/wp-content\/uploads\/2021\/10\/20211011_141906-600x1067.jpg 600w, https:\/\/ecole-ste-anne-asserac.fr\/wp-content\/uploads\/2021\/10\/20211011_141906-864x1536.jpg 864w, https:\/\/ecole-ste-anne-asserac.fr\/wp-content\/uploads\/2021\/10\/20211011_141906.jpg 1080w\" sizes=\"auto, (max-width: 169px) 100vw, 169px\" \/><\/p>\n<p style=\"text-align: center;\">Celle des 13 CM1 :<\/p>\n<p><img loading=\"lazy\" decoding=\"async\" class=\"size-medium wp-image-4523 aligncenter\" src=\"http:\/\/ecole-ste-anne-asserac.fr\/wp-content\/uploads\/2021\/10\/20211011_142236-300x169.jpg\" alt=\"\" width=\"300\" height=\"169\" srcset=\"https:\/\/ecole-ste-anne-asserac.fr\/wp-content\/uploads\/2021\/10\/20211011_142236-300x169.jpg 300w, https:\/\/ecole-ste-anne-asserac.fr\/wp-content\/uploads\/2021\/10\/20211011_142236-1024x576.jpg 1024w, https:\/\/ecole-ste-anne-asserac.fr\/wp-content\/uploads\/2021\/10\/20211011_142236-768x432.jpg 768w, https:\/\/ecole-ste-anne-asserac.fr\/wp-content\/uploads\/2021\/10\/20211011_142236-600x338.jpg 600w, https:\/\/ecole-ste-anne-asserac.fr\/wp-content\/uploads\/2021\/10\/20211011_142236-1536x864.jpg 1536w, https:\/\/ecole-ste-anne-asserac.fr\/wp-content\/uploads\/2021\/10\/20211011_142236.jpg 1920w\" sizes=\"auto, (max-width: 300px) 100vw, 300px\" \/><\/p>\n<p><img loading=\"lazy\" decoding=\"async\" class=\"size-medium wp-image-4521 aligncenter\" src=\"http:\/\/ecole-ste-anne-asserac.fr\/wp-content\/uploads\/2021\/10\/20211011_142321-300x169.jpg\" alt=\"\" width=\"300\" height=\"169\" srcset=\"https:\/\/ecole-ste-anne-asserac.fr\/wp-content\/uploads\/2021\/10\/20211011_142321-300x169.jpg 300w, https:\/\/ecole-ste-anne-asserac.fr\/wp-content\/uploads\/2021\/10\/20211011_142321-1024x576.jpg 1024w, https:\/\/ecole-ste-anne-asserac.fr\/wp-content\/uploads\/2021\/10\/20211011_142321-768x432.jpg 768w, https:\/\/ecole-ste-anne-asserac.fr\/wp-content\/uploads\/2021\/10\/20211011_142321-600x338.jpg 600w, https:\/\/ecole-ste-anne-asserac.fr\/wp-content\/uploads\/2021\/10\/20211011_142321-1536x864.jpg 1536w, https:\/\/ecole-ste-anne-asserac.fr\/wp-content\/uploads\/2021\/10\/20211011_142321.jpg 1920w\" sizes=\"auto, (max-width: 300px) 100vw, 300px\" \/><\/p>\n<p><img loading=\"lazy\" decoding=\"async\" class=\"size-medium wp-image-4522 aligncenter\" src=\"http:\/\/ecole-ste-anne-asserac.fr\/wp-content\/uploads\/2021\/10\/20211011_142325-300x169.jpg\" alt=\"\" width=\"300\" height=\"169\" srcset=\"https:\/\/ecole-ste-anne-asserac.fr\/wp-content\/uploads\/2021\/10\/20211011_142325-300x169.jpg 300w, https:\/\/ecole-ste-anne-asserac.fr\/wp-content\/uploads\/2021\/10\/20211011_142325-1024x576.jpg 1024w, https:\/\/ecole-ste-anne-asserac.fr\/wp-content\/uploads\/2021\/10\/20211011_142325-768x432.jpg 768w, https:\/\/ecole-ste-anne-asserac.fr\/wp-content\/uploads\/2021\/10\/20211011_142325-600x338.jpg 600w, https:\/\/ecole-ste-anne-asserac.fr\/wp-content\/uploads\/2021\/10\/20211011_142325-1536x864.jpg 1536w, https:\/\/ecole-ste-anne-asserac.fr\/wp-content\/uploads\/2021\/10\/20211011_142325.jpg 1920w\" sizes=\"auto, (max-width: 300px) 100vw, 300px\" \/><\/p>\n<p style=\"text-align: center;\">Celle des 15 CM2 :<\/p>\n<p><img loading=\"lazy\" decoding=\"async\" class=\"size-medium wp-image-4524 aligncenter\" src=\"http:\/\/ecole-ste-anne-asserac.fr\/wp-content\/uploads\/2021\/10\/depart-CM2-sans-Valentin-300x169.jpg\" alt=\"\" width=\"300\" height=\"169\" srcset=\"https:\/\/ecole-ste-anne-asserac.fr\/wp-content\/uploads\/2021\/10\/depart-CM2-sans-Valentin-300x169.jpg 300w, https:\/\/ecole-ste-anne-asserac.fr\/wp-content\/uploads\/2021\/10\/depart-CM2-sans-Valentin-1024x576.jpg 1024w, https:\/\/ecole-ste-anne-asserac.fr\/wp-content\/uploads\/2021\/10\/depart-CM2-sans-Valentin-768x432.jpg 768w, https:\/\/ecole-ste-anne-asserac.fr\/wp-content\/uploads\/2021\/10\/depart-CM2-sans-Valentin-600x338.jpg 600w, https:\/\/ecole-ste-anne-asserac.fr\/wp-content\/uploads\/2021\/10\/depart-CM2-sans-Valentin-1536x864.jpg 1536w, https:\/\/ecole-ste-anne-asserac.fr\/wp-content\/uploads\/2021\/10\/depart-CM2-sans-Valentin.jpg 1920w\" sizes=\"auto, (max-width: 300px) 100vw, 300px\" \/><\/p>\n<p><img loading=\"lazy\" decoding=\"async\" class=\"size-medium wp-image-4526 aligncenter\" src=\"http:\/\/ecole-ste-anne-asserac.fr\/wp-content\/uploads\/2021\/10\/20211011_142739-169x300.jpg\" alt=\"\" width=\"169\" height=\"300\" srcset=\"https:\/\/ecole-ste-anne-asserac.fr\/wp-content\/uploads\/2021\/10\/20211011_142739-169x300.jpg 169w, https:\/\/ecole-ste-anne-asserac.fr\/wp-content\/uploads\/2021\/10\/20211011_142739-576x1024.jpg 576w, https:\/\/ecole-ste-anne-asserac.fr\/wp-content\/uploads\/2021\/10\/20211011_142739-768x1365.jpg 768w, https:\/\/ecole-ste-anne-asserac.fr\/wp-content\/uploads\/2021\/10\/20211011_142739-600x1067.jpg 600w, https:\/\/ecole-ste-anne-asserac.fr\/wp-content\/uploads\/2021\/10\/20211011_142739-864x1536.jpg 864w, https:\/\/ecole-ste-anne-asserac.fr\/wp-content\/uploads\/2021\/10\/20211011_142739.jpg 1080w\" sizes=\"auto, (max-width: 169px) 100vw, 169px\" \/><\/p>\n<p><img loading=\"lazy\" decoding=\"async\" class=\"size-medium wp-image-4527 aligncenter\" src=\"http:\/\/ecole-ste-anne-asserac.fr\/wp-content\/uploads\/2021\/10\/20211011_142740-169x300.jpg\" alt=\"\" width=\"169\" height=\"300\" srcset=\"https:\/\/ecole-ste-anne-asserac.fr\/wp-content\/uploads\/2021\/10\/20211011_142740-169x300.jpg 169w, https:\/\/ecole-ste-anne-asserac.fr\/wp-content\/uploads\/2021\/10\/20211011_142740-576x1024.jpg 576w, https:\/\/ecole-ste-anne-asserac.fr\/wp-content\/uploads\/2021\/10\/20211011_142740-768x1365.jpg 768w, https:\/\/ecole-ste-anne-asserac.fr\/wp-content\/uploads\/2021\/10\/20211011_142740-600x1067.jpg 600w, https:\/\/ecole-ste-anne-asserac.fr\/wp-content\/uploads\/2021\/10\/20211011_142740-864x1536.jpg 864w, https:\/\/ecole-ste-anne-asserac.fr\/wp-content\/uploads\/2021\/10\/20211011_142740.jpg 1080w\" sizes=\"auto, (max-width: 169px) 100vw, 169px\" \/>&nbsp;<img loading=\"lazy\" decoding=\"async\" class=\"size-medium wp-image-4528 aligncenter\" src=\"http:\/\/ecole-ste-anne-asserac.fr\/wp-content\/uploads\/2021\/10\/20211011_142745-169x300.jpg\" alt=\"\" width=\"169\" height=\"300\" srcset=\"https:\/\/ecole-ste-anne-asserac.fr\/wp-content\/uploads\/2021\/10\/20211011_142745-169x300.jpg 169w, https:\/\/ecole-ste-anne-asserac.fr\/wp-content\/uploads\/2021\/10\/20211011_142745-576x1024.jpg 576w, https:\/\/ecole-ste-anne-asserac.fr\/wp-content\/uploads\/2021\/10\/20211011_142745-768x1365.jpg 768w, https:\/\/ecole-ste-anne-asserac.fr\/wp-content\/uploads\/2021\/10\/20211011_142745-600x1067.jpg 600w, https:\/\/ecole-ste-anne-asserac.fr\/wp-content\/uploads\/2021\/10\/20211011_142745-864x1536.jpg 864w, https:\/\/ecole-ste-anne-asserac.fr\/wp-content\/uploads\/2021\/10\/20211011_142745.jpg 1080w\" sizes=\"auto, (max-width: 169px) 100vw, 169px\" \/><\/p>\n<p>La remise des m\u00e9dailles pour les 3 premiers de chaque course a eu lieu dans la cour de l&rsquo;\u00e9cole devant les autres classes.<\/p>\n<p><img loading=\"lazy\" decoding=\"async\" class=\"size-medium wp-image-4529 aligncenter\" src=\"http:\/\/ecole-ste-anne-asserac.fr\/wp-content\/uploads\/2021\/10\/20211011_162444-300x169.jpg\" alt=\"\" width=\"300\" height=\"169\" srcset=\"https:\/\/ecole-ste-anne-asserac.fr\/wp-content\/uploads\/2021\/10\/20211011_162444-300x169.jpg 300w, https:\/\/ecole-ste-anne-asserac.fr\/wp-content\/uploads\/2021\/10\/20211011_162444-1024x576.jpg 1024w, https:\/\/ecole-ste-anne-asserac.fr\/wp-content\/uploads\/2021\/10\/20211011_162444-768x432.jpg 768w, https:\/\/ecole-ste-anne-asserac.fr\/wp-content\/uploads\/2021\/10\/20211011_162444-600x338.jpg 600w, https:\/\/ecole-ste-anne-asserac.fr\/wp-content\/uploads\/2021\/10\/20211011_162444-1536x864.jpg 1536w, https:\/\/ecole-ste-anne-asserac.fr\/wp-content\/uploads\/2021\/10\/20211011_162444.jpg 1920w\" sizes=\"auto, (max-width: 300px) 100vw, 300px\" \/><\/p>\n<p style=\"text-align: center;\">En CE2 :&nbsp; Gautier (or), Solenne (argent) et Antonin (bronze)&nbsp;<\/p>\n<p style=\"text-align: center;\"><img loading=\"lazy\" decoding=\"async\" class=\"size-medium wp-image-4530 aligncenter\" src=\"http:\/\/ecole-ste-anne-asserac.fr\/wp-content\/uploads\/2021\/10\/20211011_162553-300x169.jpg\" alt=\"\" width=\"300\" height=\"169\" srcset=\"https:\/\/ecole-ste-anne-asserac.fr\/wp-content\/uploads\/2021\/10\/20211011_162553-300x169.jpg 300w, https:\/\/ecole-ste-anne-asserac.fr\/wp-content\/uploads\/2021\/10\/20211011_162553-1024x576.jpg 1024w, https:\/\/ecole-ste-anne-asserac.fr\/wp-content\/uploads\/2021\/10\/20211011_162553-768x432.jpg 768w, https:\/\/ecole-ste-anne-asserac.fr\/wp-content\/uploads\/2021\/10\/20211011_162553-600x338.jpg 600w, https:\/\/ecole-ste-anne-asserac.fr\/wp-content\/uploads\/2021\/10\/20211011_162553-1536x864.jpg 1536w, https:\/\/ecole-ste-anne-asserac.fr\/wp-content\/uploads\/2021\/10\/20211011_162553.jpg 1920w\" sizes=\"auto, (max-width: 300px) 100vw, 300px\" \/><\/p>\n<p style=\"text-align: center;\">En CM1 : Lilian (or), Marceau (argent) et Noah (bronze)&nbsp;<\/p>\n<p style=\"text-align: center;\">En CM2 : Valentin (or), Armand (argent) et Matys (Bronze)<\/p>\n<p><img loading=\"lazy\" decoding=\"async\" class=\"size-medium wp-image-4533 aligncenter\" src=\"http:\/\/ecole-ste-anne-asserac.fr\/wp-content\/uploads\/2021\/10\/medailles-CM2-300x169.jpg\" alt=\"\" width=\"300\" height=\"169\" srcset=\"https:\/\/ecole-ste-anne-asserac.fr\/wp-content\/uploads\/2021\/10\/medailles-CM2-300x169.jpg 300w, https:\/\/ecole-ste-anne-asserac.fr\/wp-content\/uploads\/2021\/10\/medailles-CM2-1024x576.jpg 1024w, https:\/\/ecole-ste-anne-asserac.fr\/wp-content\/uploads\/2021\/10\/medailles-CM2-768x432.jpg 768w, https:\/\/ecole-ste-anne-asserac.fr\/wp-content\/uploads\/2021\/10\/medailles-CM2-600x338.jpg 600w, https:\/\/ecole-ste-anne-asserac.fr\/wp-content\/uploads\/2021\/10\/medailles-CM2-1536x864.jpg 1536w, https:\/\/ecole-ste-anne-asserac.fr\/wp-content\/uploads\/2021\/10\/medailles-CM2.jpg 1920w\" sizes=\"auto, (max-width: 300px) 100vw, 300px\" \/><\/p>\n<p><img loading=\"lazy\" decoding=\"async\" class=\"size-medium wp-image-4534 aligncenter\" src=\"http:\/\/ecole-ste-anne-asserac.fr\/wp-content\/uploads\/2021\/10\/Medailles-Cross-tous-300x169.jpg\" alt=\"\" width=\"300\" height=\"169\" srcset=\"https:\/\/ecole-ste-anne-asserac.fr\/wp-content\/uploads\/2021\/10\/Medailles-Cross-tous-300x169.jpg 300w, https:\/\/ecole-ste-anne-asserac.fr\/wp-content\/uploads\/2021\/10\/Medailles-Cross-tous-1024x576.jpg 1024w, https:\/\/ecole-ste-anne-asserac.fr\/wp-content\/uploads\/2021\/10\/Medailles-Cross-tous-768x432.jpg 768w, https:\/\/ecole-ste-anne-asserac.fr\/wp-content\/uploads\/2021\/10\/Medailles-Cross-tous-600x338.jpg 600w, https:\/\/ecole-ste-anne-asserac.fr\/wp-content\/uploads\/2021\/10\/Medailles-Cross-tous-1536x864.jpg 1536w, https:\/\/ecole-ste-anne-asserac.fr\/wp-content\/uploads\/2021\/10\/Medailles-Cross-tous.jpg 1920w\" sizes=\"auto, (max-width: 300px) 100vw, 300px\" \/><\/p>\n<p style=\"text-align: center;\">F\u00e9licitations \u00e0 eux 9 !<\/p>\n<p style=\"text-align: center;\">Et un grand bravo \u00e0 tous les participants !!<\/p>\n<p>Voici une vid\u00e9o, retra\u00e7ant cette rencontre virtuelle du cross inter-\u00e9coles 2021, avec les \u00e9l\u00e8ves de St Lyphard, d&rsquo;Herbignac, et de La Chapelle des Marais.<\/p>\n<p><iframe loading=\"lazy\" title=\"Cross Cycle 3 - CLE des MARAIS - sept 2021\" width=\"1170\" height=\"658\" src=\"https:\/\/www.youtube.com\/embed\/wosz7Hjgh2Y?feature=oembed\" frameborder=\"0\" allow=\"accelerometer; autoplay; clipboard-write; encrypted-media; gyroscope; picture-in-picture\" allowfullscreen><\/iframe><\/p>\n<p>&nbsp;<\/p>\n<p>&nbsp;<\/p>\n","protected":false},"excerpt":{"rendered":"<p>Depuis plusieurs semaines, les enfants de CE2, CM1 et CM2 travaillent l&rsquo;endurance avec Solen et Charlotte. Traditionnellement, ces s\u00e9ances se concluent par un cross inter-\u00e9coles au sein de la CLE des Marais sur le site du Pr\u00e9 Grasseur \u00e0 Herbignac. Mais, ne pouvant pas encore brasser les \u00e9l\u00e8ves de plusieurs \u00e9tablissements, nous avons cette ann\u00e9e<\/p>\n<p><a href=\"https:\/\/ecole-ste-anne-asserac.fr\/?p=4515\" class=\"more-link themebutton\">Lire la suite<\/a><\/p>\n","protected":false},"author":3,"featured_media":4517,"comment_status":"closed","ping_status":"closed","sticky":false,"template":"","format":"standard","meta":{"ngg_post_thumbnail":0,"footnotes":""},"categories":[7,8],"tags":[],"class_list":["post-4515","post","type-post","status-publish","format-standard","has-post-thumbnail","hentry","category-classe-de-ce2-cm1","category-classe-de-cm1-cm2"],"_links":{"self":[{"href":"https:\/\/ecole-ste-anne-asserac.fr\/index.php?rest_route=\/wp\/v2\/posts\/4515","targetHints":{"allow":["GET"]}}],"collection":[{"href":"https:\/\/ecole-ste-anne-asserac.fr\/index.php?rest_route=\/wp\/v2\/posts"}],"about":[{"href":"https:\/\/ecole-ste-anne-asserac.fr\/index.php?rest_route=\/wp\/v2\/types\/post"}],"author":[{"embeddable":true,"href":"https:\/\/ecole-ste-anne-asserac.fr\/index.php?rest_route=\/wp\/v2\/users\/3"}],"replies":[{"embeddable":true,"href":"https:\/\/ecole-ste-anne-asserac.fr\/index.php?rest_route=%2Fwp%2Fv2%2Fcomments&post=4515"}],"version-history":[{"count":3,"href":"https:\/\/ecole-ste-anne-asserac.fr\/index.php?rest_route=\/wp\/v2\/posts\/4515\/revisions"}],"predecessor-version":[{"id":4592,"href":"https:\/\/ecole-ste-anne-asserac.fr\/index.php?rest_route=\/wp\/v2\/posts\/4515\/revisions\/4592"}],"wp:featuredmedia":[{"embeddable":true,"href":"https:\/\/ecole-ste-anne-asserac.fr\/index.php?rest_route=\/wp\/v2\/media\/4517"}],"wp:attachment":[{"href":"https:\/\/ecole-ste-anne-asserac.fr\/index.php?rest_route=%2Fwp%2Fv2%2Fmedia&parent=4515"}],"wp:term":[{"taxonomy":"category","embeddable":true,"href":"https:\/\/ecole-ste-anne-asserac.fr\/index.php?rest_route=%2Fwp%2Fv2%2Fcategories&post=4515"},{"taxonomy":"post_tag","embeddable":true,"href":"https:\/\/ecole-ste-anne-asserac.fr\/index.php?rest_route=%2Fwp%2Fv2%2Ftags&post=4515"}],"curies":[{"name":"wp","href":"https:\/\/api.w.org\/{rel}","templated":true}]}}