{"id":463,"date":"2015-11-08T13:21:34","date_gmt":"2015-11-08T12:21:34","guid":{"rendered":"http:\/\/ecole-ste-anne-asserac.fr\/?p=463"},"modified":"2015-11-08T13:24:22","modified_gmt":"2015-11-08T12:24:22","slug":"elections-des-delegues-de-classe","status":"publish","type":"post","link":"https:\/\/ecole-ste-anne-asserac.fr\/?p=463","title":{"rendered":"Elections des d\u00e9l\u00e9gu\u00e9s de classe"},"content":{"rendered":"<p>Vendredi 27 Octobre , nous avons\u00a0vot\u00e9 pour\u00a0nos d\u00e9l\u00e9gu\u00e9s de classe. Tous les candidats de la classe nous avaient pr\u00e9sent\u00e9 leur programme la veille, pendant la campagne \u00e9lectorale. A cette occasion , la mairie nous avait pr\u00eat\u00e9 une vraie urne&#8230;<\/p>\n<p><a href=\"http:\/\/ecole-ste-anne-asserac.fr\/wp-content\/uploads\/2015\/11\/SDC11782.jpg\"><img loading=\"lazy\" decoding=\"async\" class=\"aligncenter size-medium wp-image-464\" src=\"http:\/\/ecole-ste-anne-asserac.fr\/wp-content\/uploads\/2015\/11\/SDC11782-300x225.jpg\" alt=\"SDC11782\" width=\"300\" height=\"225\" srcset=\"https:\/\/ecole-ste-anne-asserac.fr\/wp-content\/uploads\/2015\/11\/SDC11782-300x225.jpg 300w, https:\/\/ecole-ste-anne-asserac.fr\/wp-content\/uploads\/2015\/11\/SDC11782-1024x768.jpg 1024w, https:\/\/ecole-ste-anne-asserac.fr\/wp-content\/uploads\/2015\/11\/SDC11782-600x450.jpg 600w, https:\/\/ecole-ste-anne-asserac.fr\/wp-content\/uploads\/2015\/11\/SDC11782.jpg 2048w\" sizes=\"auto, (max-width: 300px) 100vw, 300px\" \/><\/a><\/p>\n<p><a href=\"http:\/\/ecole-ste-anne-asserac.fr\/wp-content\/uploads\/2015\/11\/SDC11786.jpg\"><img loading=\"lazy\" decoding=\"async\" class=\"aligncenter size-medium wp-image-467\" src=\"http:\/\/ecole-ste-anne-asserac.fr\/wp-content\/uploads\/2015\/11\/SDC11786-300x225.jpg\" alt=\"SDC11786\" width=\"300\" height=\"225\" srcset=\"https:\/\/ecole-ste-anne-asserac.fr\/wp-content\/uploads\/2015\/11\/SDC11786-300x225.jpg 300w, https:\/\/ecole-ste-anne-asserac.fr\/wp-content\/uploads\/2015\/11\/SDC11786-1024x768.jpg 1024w, https:\/\/ecole-ste-anne-asserac.fr\/wp-content\/uploads\/2015\/11\/SDC11786-600x450.jpg 600w, https:\/\/ecole-ste-anne-asserac.fr\/wp-content\/uploads\/2015\/11\/SDC11786.jpg 2048w\" sizes=\"auto, (max-width: 300px) 100vw, 300px\" \/><\/a> <a href=\"http:\/\/ecole-ste-anne-asserac.fr\/wp-content\/uploads\/2015\/11\/SDC11784.jpg\"><img loading=\"lazy\" decoding=\"async\" class=\"aligncenter size-medium wp-image-465\" src=\"http:\/\/ecole-ste-anne-asserac.fr\/wp-content\/uploads\/2015\/11\/SDC11784-300x225.jpg\" alt=\"SDC11784\" width=\"300\" height=\"225\" srcset=\"https:\/\/ecole-ste-anne-asserac.fr\/wp-content\/uploads\/2015\/11\/SDC11784-300x225.jpg 300w, https:\/\/ecole-ste-anne-asserac.fr\/wp-content\/uploads\/2015\/11\/SDC11784-1024x768.jpg 1024w, https:\/\/ecole-ste-anne-asserac.fr\/wp-content\/uploads\/2015\/11\/SDC11784-600x450.jpg 600w, https:\/\/ecole-ste-anne-asserac.fr\/wp-content\/uploads\/2015\/11\/SDC11784.jpg 2048w\" sizes=\"auto, (max-width: 300px) 100vw, 300px\" \/><\/a><a href=\"http:\/\/ecole-ste-anne-asserac.fr\/wp-content\/uploads\/2015\/11\/SDC11787.jpg\"><img loading=\"lazy\" decoding=\"async\" class=\"aligncenter size-medium wp-image-466\" src=\"http:\/\/ecole-ste-anne-asserac.fr\/wp-content\/uploads\/2015\/11\/SDC11787-300x225.jpg\" alt=\"SDC11787\" width=\"300\" height=\"225\" srcset=\"https:\/\/ecole-ste-anne-asserac.fr\/wp-content\/uploads\/2015\/11\/SDC11787-300x225.jpg 300w, https:\/\/ecole-ste-anne-asserac.fr\/wp-content\/uploads\/2015\/11\/SDC11787-1024x768.jpg 1024w, https:\/\/ecole-ste-anne-asserac.fr\/wp-content\/uploads\/2015\/11\/SDC11787-600x450.jpg 600w, https:\/\/ecole-ste-anne-asserac.fr\/wp-content\/uploads\/2015\/11\/SDC11787.jpg 2048w\" sizes=\"auto, (max-width: 300px) 100vw, 300px\" \/><\/a><\/p>\n<p>Nous avions m\u00eame fabriqu\u00e9 nos cartes d&rsquo;\u00e9lecteurs , que V\u00e9ronique a tamponn\u00e9 pour preuve de notre vote!<a href=\"http:\/\/ecole-ste-anne-asserac.fr\/wp-content\/uploads\/2015\/11\/SDC11777.jpg\"><img loading=\"lazy\" decoding=\"async\" class=\"aligncenter size-medium wp-image-468\" src=\"http:\/\/ecole-ste-anne-asserac.fr\/wp-content\/uploads\/2015\/11\/SDC11777-300x225.jpg\" alt=\"SDC11777\" width=\"300\" height=\"225\" srcset=\"https:\/\/ecole-ste-anne-asserac.fr\/wp-content\/uploads\/2015\/11\/SDC11777-300x225.jpg 300w, https:\/\/ecole-ste-anne-asserac.fr\/wp-content\/uploads\/2015\/11\/SDC11777-1024x768.jpg 1024w, https:\/\/ecole-ste-anne-asserac.fr\/wp-content\/uploads\/2015\/11\/SDC11777-600x450.jpg 600w, https:\/\/ecole-ste-anne-asserac.fr\/wp-content\/uploads\/2015\/11\/SDC11777.jpg 2048w\" sizes=\"auto, (max-width: 300px) 100vw, 300px\" \/><\/a>Le d\u00e9pouillement\u00a0 a donn\u00e9 Chrissy \u00e9lue avec 11 voix , mais \u00e9galit\u00e9 des voix pour le 2\u00e8me d\u00e9l\u00e9gu\u00e9 ! Il y aura donc un 2\u00e8me tour apr\u00e8s les vacances de la Toussaint.<\/p>\n<p>Mercredi 4 Novembre c&rsquo;est le jour du 2\u00e8me tour . Nous allons d\u00e9partager Enora et Luis , qui avaient eu 5 voix chacun. Apr\u00e8s un second d\u00e9pouillement , les r\u00e9sultats officiels sont proclam\u00e9s : Chrissy et Luis seront donc nos d\u00e9l\u00e9gu\u00e9s de classe pour cette ann\u00e9e.<\/p>\n<p><a href=\"http:\/\/ecole-ste-anne-asserac.fr\/wp-content\/uploads\/2015\/11\/SDC11821.jpg\"><img loading=\"lazy\" decoding=\"async\" class=\"aligncenter size-medium wp-image-469\" src=\"http:\/\/ecole-ste-anne-asserac.fr\/wp-content\/uploads\/2015\/11\/SDC11821-300x225.jpg\" alt=\"SDC11821\" width=\"300\" height=\"225\" srcset=\"https:\/\/ecole-ste-anne-asserac.fr\/wp-content\/uploads\/2015\/11\/SDC11821-300x225.jpg 300w, https:\/\/ecole-ste-anne-asserac.fr\/wp-content\/uploads\/2015\/11\/SDC11821-1024x768.jpg 1024w, https:\/\/ecole-ste-anne-asserac.fr\/wp-content\/uploads\/2015\/11\/SDC11821-600x450.jpg 600w, https:\/\/ecole-ste-anne-asserac.fr\/wp-content\/uploads\/2015\/11\/SDC11821.jpg 2048w\" sizes=\"auto, (max-width: 300px) 100vw, 300px\" \/><\/a><\/p>\n<p>&nbsp;<\/p>\n<p><a href=\"http:\/\/ecole-ste-anne-asserac.fr\/wp-content\/uploads\/2015\/11\/SDC11782.jpg\">\u00a0<\/a><\/p>\n<p>&nbsp;<\/p>\n","protected":false},"excerpt":{"rendered":"<p>Vendredi 27 Octobre , nous avons\u00a0vot\u00e9 pour\u00a0nos d\u00e9l\u00e9gu\u00e9s de classe. Tous les candidats de la classe nous avaient pr\u00e9sent\u00e9 leur programme la veille, pendant la campagne \u00e9lectorale. A cette occasion , la mairie nous avait pr\u00eat\u00e9 une vraie urne&#8230; Nous avions m\u00eame fabriqu\u00e9 nos cartes d&rsquo;\u00e9lecteurs , que V\u00e9ronique a tamponn\u00e9 pour preuve de notre<\/p>\n<p><a href=\"https:\/\/ecole-ste-anne-asserac.fr\/?p=463\" class=\"more-link themebutton\">Lire la suite<\/a><\/p>\n","protected":false},"author":3,"featured_media":0,"comment_status":"closed","ping_status":"closed","sticky":false,"template":"","format":"standard","meta":{"ngg_post_thumbnail":0,"footnotes":""},"categories":[8],"tags":[],"class_list":["post-463","post","type-post","status-publish","format-standard","hentry","category-classe-de-cm1-cm2"],"_links":{"self":[{"href":"https:\/\/ecole-ste-anne-asserac.fr\/index.php?rest_route=\/wp\/v2\/posts\/463","targetHints":{"allow":["GET"]}}],"collection":[{"href":"https:\/\/ecole-ste-anne-asserac.fr\/index.php?rest_route=\/wp\/v2\/posts"}],"about":[{"href":"https:\/\/ecole-ste-anne-asserac.fr\/index.php?rest_route=\/wp\/v2\/types\/post"}],"author":[{"embeddable":true,"href":"https:\/\/ecole-ste-anne-asserac.fr\/index.php?rest_route=\/wp\/v2\/users\/3"}],"replies":[{"embeddable":true,"href":"https:\/\/ecole-ste-anne-asserac.fr\/index.php?rest_route=%2Fwp%2Fv2%2Fcomments&post=463"}],"version-history":[{"count":0,"href":"https:\/\/ecole-ste-anne-asserac.fr\/index.php?rest_route=\/wp\/v2\/posts\/463\/revisions"}],"wp:attachment":[{"href":"https:\/\/ecole-ste-anne-asserac.fr\/index.php?rest_route=%2Fwp%2Fv2%2Fmedia&parent=463"}],"wp:term":[{"taxonomy":"category","embeddable":true,"href":"https:\/\/ecole-ste-anne-asserac.fr\/index.php?rest_route=%2Fwp%2Fv2%2Fcategories&post=463"},{"taxonomy":"post_tag","embeddable":true,"href":"https:\/\/ecole-ste-anne-asserac.fr\/index.php?rest_route=%2Fwp%2Fv2%2Ftags&post=463"}],"curies":[{"name":"wp","href":"https:\/\/api.w.org\/{rel}","templated":true}]}}