{"id":4672,"date":"2021-12-10T13:14:57","date_gmt":"2021-12-10T12:14:57","guid":{"rendered":"https:\/\/ecole-ste-anne-asserac.fr\/?p=4672"},"modified":"2021-12-13T14:32:20","modified_gmt":"2021-12-13T13:32:20","slug":"cartes-de-voeux-correspondants-quebecois","status":"publish","type":"post","link":"https:\/\/ecole-ste-anne-asserac.fr\/?p=4672","title":{"rendered":"Cartes de v\u0153ux correspondants qu\u00e9b\u00e9cois"},"content":{"rendered":"<p>Les \u00e9l\u00e8ves de CE2-CM1 ont eu la tr\u00e8s bonne surprise de recevoir de la part de leurs correspondants qu\u00e9b\u00e9cois une carte de v\u0153ux.<\/p>\n<p>Chaque enfant de la classe correspond avec un enfant de la classe de France C\u00f4t\u00e9 enseignante en classe de 5\u00e8me ann\u00e9e (enfants de 10 ans) \u00e0 l&rsquo;\u00e9cole Notre-Dame du Sacr\u00e9 C\u0153ur de Sainte-Majorique \u00e0 Gasp\u00e9, ville situ\u00e9e \u00e0 l&rsquo;est du Qu\u00e9bec.<\/p>\n<p><a href=\"http:\/\/ecole-ste-anne-asserac.fr\/wp-content\/uploads\/2021\/12\/IMG_20211209_120124.jpg\"><img loading=\"lazy\" decoding=\"async\" class=\"aligncenter size-medium wp-image-4673\" src=\"http:\/\/ecole-ste-anne-asserac.fr\/wp-content\/uploads\/2021\/12\/IMG_20211209_120124-300x225.jpg\" alt=\"\" width=\"300\" height=\"225\" srcset=\"https:\/\/ecole-ste-anne-asserac.fr\/wp-content\/uploads\/2021\/12\/IMG_20211209_120124-300x225.jpg 300w, https:\/\/ecole-ste-anne-asserac.fr\/wp-content\/uploads\/2021\/12\/IMG_20211209_120124-1024x768.jpg 1024w, https:\/\/ecole-ste-anne-asserac.fr\/wp-content\/uploads\/2021\/12\/IMG_20211209_120124-768x576.jpg 768w, https:\/\/ecole-ste-anne-asserac.fr\/wp-content\/uploads\/2021\/12\/IMG_20211209_120124-600x450.jpg 600w, https:\/\/ecole-ste-anne-asserac.fr\/wp-content\/uploads\/2021\/12\/IMG_20211209_120124-1536x1152.jpg 1536w, https:\/\/ecole-ste-anne-asserac.fr\/wp-content\/uploads\/2021\/12\/IMG_20211209_120124.jpg 1920w\" sizes=\"auto, (max-width: 300px) 100vw, 300px\" \/><\/a><\/p>\n<p><img decoding=\"async\" class=\"aligncenter\" src=\"http:\/\/www.fondremand.com\/quebec\/images\/gaspesie\/carte%20canada.jpg\" alt=\"Road Trip en Gasp\u00e9sie 1\/4\" \/><\/p>\n","protected":false},"excerpt":{"rendered":"<p>Les \u00e9l\u00e8ves de CE2-CM1 ont eu la tr\u00e8s bonne surprise de recevoir de la part de leurs correspondants qu\u00e9b\u00e9cois une carte de v\u0153ux. Chaque enfant de la classe correspond avec un enfant de la classe de France C\u00f4t\u00e9 enseignante en classe de 5\u00e8me ann\u00e9e (enfants de 10 ans) \u00e0 l&rsquo;\u00e9cole Notre-Dame du Sacr\u00e9 C\u0153ur de<\/p>\n<p><a href=\"https:\/\/ecole-ste-anne-asserac.fr\/?p=4672\" class=\"more-link themebutton\">Lire la suite<\/a><\/p>\n","protected":false},"author":10,"featured_media":4673,"comment_status":"closed","ping_status":"closed","sticky":false,"template":"","format":"standard","meta":{"ngg_post_thumbnail":0,"footnotes":""},"categories":[7],"tags":[],"class_list":["post-4672","post","type-post","status-publish","format-standard","has-post-thumbnail","hentry","category-classe-de-ce2-cm1"],"_links":{"self":[{"href":"https:\/\/ecole-ste-anne-asserac.fr\/index.php?rest_route=\/wp\/v2\/posts\/4672","targetHints":{"allow":["GET"]}}],"collection":[{"href":"https:\/\/ecole-ste-anne-asserac.fr\/index.php?rest_route=\/wp\/v2\/posts"}],"about":[{"href":"https:\/\/ecole-ste-anne-asserac.fr\/index.php?rest_route=\/wp\/v2\/types\/post"}],"author":[{"embeddable":true,"href":"https:\/\/ecole-ste-anne-asserac.fr\/index.php?rest_route=\/wp\/v2\/users\/10"}],"replies":[{"embeddable":true,"href":"https:\/\/ecole-ste-anne-asserac.fr\/index.php?rest_route=%2Fwp%2Fv2%2Fcomments&post=4672"}],"version-history":[{"count":1,"href":"https:\/\/ecole-ste-anne-asserac.fr\/index.php?rest_route=\/wp\/v2\/posts\/4672\/revisions"}],"predecessor-version":[{"id":4674,"href":"https:\/\/ecole-ste-anne-asserac.fr\/index.php?rest_route=\/wp\/v2\/posts\/4672\/revisions\/4674"}],"wp:featuredmedia":[{"embeddable":true,"href":"https:\/\/ecole-ste-anne-asserac.fr\/index.php?rest_route=\/wp\/v2\/media\/4673"}],"wp:attachment":[{"href":"https:\/\/ecole-ste-anne-asserac.fr\/index.php?rest_route=%2Fwp%2Fv2%2Fmedia&parent=4672"}],"wp:term":[{"taxonomy":"category","embeddable":true,"href":"https:\/\/ecole-ste-anne-asserac.fr\/index.php?rest_route=%2Fwp%2Fv2%2Fcategories&post=4672"},{"taxonomy":"post_tag","embeddable":true,"href":"https:\/\/ecole-ste-anne-asserac.fr\/index.php?rest_route=%2Fwp%2Fv2%2Ftags&post=4672"}],"curies":[{"name":"wp","href":"https:\/\/api.w.org\/{rel}","templated":true}]}}