{"id":4772,"date":"2022-03-02T22:13:52","date_gmt":"2022-03-02T21:13:52","guid":{"rendered":"https:\/\/ecole-ste-anne-asserac.fr\/?p=4772"},"modified":"2022-03-02T22:13:52","modified_gmt":"2022-03-02T21:13:52","slug":"le-tri-des-dechets","status":"publish","type":"post","link":"https:\/\/ecole-ste-anne-asserac.fr\/?p=4772","title":{"rendered":"Le tri des d\u00e9chets"},"content":{"rendered":"<p>Tout comme les CM1\/CM2, la classe de CE2\/CM1 a b\u00e9n\u00e9fici\u00e9 de l&rsquo;intervention de Louhanne Fichet de CAP Atlantique sur le tri des d\u00e9chets.<\/p>\n<p>Tout d&rsquo;abord, nous avons vu les diff\u00e9rentes possibilit\u00e9s pour jeter un d\u00e9chets (les sortes de poubelles, le compost et la d\u00e9chetterie).<\/p>\n<p>Les \u00e9l\u00e8ves ont \u00ab\u00a0jet\u00e9\u00a0\u00bb quelques d\u00e9chets dans la \u00ab\u00a0bonne\u00a0\u00bb poubelle et parfois cela n&rsquo;est pas si simple. C&rsquo;est pourquoi il est important de conna\u00eetre en quoi sont faits nos d\u00e9chets, \u00e0 partir de quelle mati\u00e8re premi\u00e8re (p\u00e9trole, sable, bois&#8230;) pour ne pas faire d&rsquo;erreurs.<\/p>\n<p>Deux jeux nous ont permis de d\u00e9couvrir le temps de d\u00e9composition de certains d\u00e9chets jet\u00e9s dans la nature et de constater que les d\u00e9chets peuvent servir \u00e0 fabriquer de nouveaux objets.<\/p>\n<p>C&rsquo;\u00e9tait tr\u00e8s int\u00e9ressant. Continuons \u00e0 bien trier !!!<\/p>\n<p><a href=\"http:\/\/ecole-ste-anne-asserac.fr\/wp-content\/uploads\/2022\/03\/photo-tri-dechets-7.jpg\"><img loading=\"lazy\" decoding=\"async\" class=\"aligncenter size-medium wp-image-4773\" src=\"http:\/\/ecole-ste-anne-asserac.fr\/wp-content\/uploads\/2022\/03\/photo-tri-dechets-7-300x225.jpg\" alt=\"\" width=\"300\" height=\"225\" srcset=\"https:\/\/ecole-ste-anne-asserac.fr\/wp-content\/uploads\/2022\/03\/photo-tri-dechets-7-300x225.jpg 300w, https:\/\/ecole-ste-anne-asserac.fr\/wp-content\/uploads\/2022\/03\/photo-tri-dechets-7-1024x768.jpg 1024w, https:\/\/ecole-ste-anne-asserac.fr\/wp-content\/uploads\/2022\/03\/photo-tri-dechets-7-768x576.jpg 768w, https:\/\/ecole-ste-anne-asserac.fr\/wp-content\/uploads\/2022\/03\/photo-tri-dechets-7-600x450.jpg 600w, https:\/\/ecole-ste-anne-asserac.fr\/wp-content\/uploads\/2022\/03\/photo-tri-dechets-7-1536x1152.jpg 1536w, https:\/\/ecole-ste-anne-asserac.fr\/wp-content\/uploads\/2022\/03\/photo-tri-dechets-7.jpg 1672w\" sizes=\"auto, (max-width: 300px) 100vw, 300px\" \/><\/a> <a href=\"http:\/\/ecole-ste-anne-asserac.fr\/wp-content\/uploads\/2022\/03\/photo-tri-dechets-6.jpg\"><img loading=\"lazy\" decoding=\"async\" class=\"aligncenter size-medium wp-image-4774\" src=\"http:\/\/ecole-ste-anne-asserac.fr\/wp-content\/uploads\/2022\/03\/photo-tri-dechets-6-300x225.jpg\" alt=\"\" width=\"300\" height=\"225\" srcset=\"https:\/\/ecole-ste-anne-asserac.fr\/wp-content\/uploads\/2022\/03\/photo-tri-dechets-6-300x225.jpg 300w, https:\/\/ecole-ste-anne-asserac.fr\/wp-content\/uploads\/2022\/03\/photo-tri-dechets-6-1024x768.jpg 1024w, https:\/\/ecole-ste-anne-asserac.fr\/wp-content\/uploads\/2022\/03\/photo-tri-dechets-6-768x576.jpg 768w, https:\/\/ecole-ste-anne-asserac.fr\/wp-content\/uploads\/2022\/03\/photo-tri-dechets-6-600x450.jpg 600w, https:\/\/ecole-ste-anne-asserac.fr\/wp-content\/uploads\/2022\/03\/photo-tri-dechets-6-1536x1152.jpg 1536w, https:\/\/ecole-ste-anne-asserac.fr\/wp-content\/uploads\/2022\/03\/photo-tri-dechets-6.jpg 1672w\" sizes=\"auto, (max-width: 300px) 100vw, 300px\" \/><\/a> <a href=\"http:\/\/ecole-ste-anne-asserac.fr\/wp-content\/uploads\/2022\/03\/photo-tri-dechets-5.jpg\"><img loading=\"lazy\" decoding=\"async\" class=\"aligncenter size-medium wp-image-4775\" src=\"http:\/\/ecole-ste-anne-asserac.fr\/wp-content\/uploads\/2022\/03\/photo-tri-dechets-5-300x225.jpg\" alt=\"\" width=\"300\" height=\"225\" srcset=\"https:\/\/ecole-ste-anne-asserac.fr\/wp-content\/uploads\/2022\/03\/photo-tri-dechets-5-300x225.jpg 300w, https:\/\/ecole-ste-anne-asserac.fr\/wp-content\/uploads\/2022\/03\/photo-tri-dechets-5-1024x768.jpg 1024w, https:\/\/ecole-ste-anne-asserac.fr\/wp-content\/uploads\/2022\/03\/photo-tri-dechets-5-768x576.jpg 768w, https:\/\/ecole-ste-anne-asserac.fr\/wp-content\/uploads\/2022\/03\/photo-tri-dechets-5-600x450.jpg 600w, https:\/\/ecole-ste-anne-asserac.fr\/wp-content\/uploads\/2022\/03\/photo-tri-dechets-5-1536x1152.jpg 1536w, https:\/\/ecole-ste-anne-asserac.fr\/wp-content\/uploads\/2022\/03\/photo-tri-dechets-5.jpg 1672w\" sizes=\"auto, (max-width: 300px) 100vw, 300px\" \/><\/a> <a href=\"http:\/\/ecole-ste-anne-asserac.fr\/wp-content\/uploads\/2022\/03\/photo-tri-dechets-4.jpg\"><img loading=\"lazy\" decoding=\"async\" class=\"aligncenter size-medium wp-image-4776\" src=\"http:\/\/ecole-ste-anne-asserac.fr\/wp-content\/uploads\/2022\/03\/photo-tri-dechets-4-300x225.jpg\" alt=\"\" width=\"300\" height=\"225\" srcset=\"https:\/\/ecole-ste-anne-asserac.fr\/wp-content\/uploads\/2022\/03\/photo-tri-dechets-4-300x225.jpg 300w, https:\/\/ecole-ste-anne-asserac.fr\/wp-content\/uploads\/2022\/03\/photo-tri-dechets-4-1024x768.jpg 1024w, https:\/\/ecole-ste-anne-asserac.fr\/wp-content\/uploads\/2022\/03\/photo-tri-dechets-4-768x576.jpg 768w, https:\/\/ecole-ste-anne-asserac.fr\/wp-content\/uploads\/2022\/03\/photo-tri-dechets-4-600x450.jpg 600w, https:\/\/ecole-ste-anne-asserac.fr\/wp-content\/uploads\/2022\/03\/photo-tri-dechets-4-1536x1152.jpg 1536w, https:\/\/ecole-ste-anne-asserac.fr\/wp-content\/uploads\/2022\/03\/photo-tri-dechets-4.jpg 1672w\" sizes=\"auto, (max-width: 300px) 100vw, 300px\" \/><\/a> <a href=\"http:\/\/ecole-ste-anne-asserac.fr\/wp-content\/uploads\/2022\/03\/photo-tri-dechets-3.jpg\"><img loading=\"lazy\" decoding=\"async\" class=\"aligncenter size-medium wp-image-4777\" src=\"http:\/\/ecole-ste-anne-asserac.fr\/wp-content\/uploads\/2022\/03\/photo-tri-dechets-3-300x225.jpg\" alt=\"\" width=\"300\" height=\"225\" srcset=\"https:\/\/ecole-ste-anne-asserac.fr\/wp-content\/uploads\/2022\/03\/photo-tri-dechets-3-300x225.jpg 300w, https:\/\/ecole-ste-anne-asserac.fr\/wp-content\/uploads\/2022\/03\/photo-tri-dechets-3-1024x768.jpg 1024w, https:\/\/ecole-ste-anne-asserac.fr\/wp-content\/uploads\/2022\/03\/photo-tri-dechets-3-768x576.jpg 768w, https:\/\/ecole-ste-anne-asserac.fr\/wp-content\/uploads\/2022\/03\/photo-tri-dechets-3-600x450.jpg 600w, https:\/\/ecole-ste-anne-asserac.fr\/wp-content\/uploads\/2022\/03\/photo-tri-dechets-3-1536x1152.jpg 1536w, https:\/\/ecole-ste-anne-asserac.fr\/wp-content\/uploads\/2022\/03\/photo-tri-dechets-3.jpg 1672w\" sizes=\"auto, (max-width: 300px) 100vw, 300px\" \/><\/a> <a href=\"http:\/\/ecole-ste-anne-asserac.fr\/wp-content\/uploads\/2022\/03\/photo-tri-dechets-2.jpg\"><img loading=\"lazy\" decoding=\"async\" class=\"aligncenter size-medium wp-image-4778\" src=\"http:\/\/ecole-ste-anne-asserac.fr\/wp-content\/uploads\/2022\/03\/photo-tri-dechets-2-300x225.jpg\" alt=\"\" width=\"300\" height=\"225\" srcset=\"https:\/\/ecole-ste-anne-asserac.fr\/wp-content\/uploads\/2022\/03\/photo-tri-dechets-2-300x225.jpg 300w, https:\/\/ecole-ste-anne-asserac.fr\/wp-content\/uploads\/2022\/03\/photo-tri-dechets-2-1024x768.jpg 1024w, https:\/\/ecole-ste-anne-asserac.fr\/wp-content\/uploads\/2022\/03\/photo-tri-dechets-2-768x576.jpg 768w, https:\/\/ecole-ste-anne-asserac.fr\/wp-content\/uploads\/2022\/03\/photo-tri-dechets-2-600x450.jpg 600w, https:\/\/ecole-ste-anne-asserac.fr\/wp-content\/uploads\/2022\/03\/photo-tri-dechets-2-1536x1152.jpg 1536w, https:\/\/ecole-ste-anne-asserac.fr\/wp-content\/uploads\/2022\/03\/photo-tri-dechets-2.jpg 1672w\" sizes=\"auto, (max-width: 300px) 100vw, 300px\" \/><\/a> <a href=\"http:\/\/ecole-ste-anne-asserac.fr\/wp-content\/uploads\/2022\/03\/photo-tri-dechets-1.jpg\"><img loading=\"lazy\" decoding=\"async\" class=\"aligncenter size-medium wp-image-4779\" src=\"http:\/\/ecole-ste-anne-asserac.fr\/wp-content\/uploads\/2022\/03\/photo-tri-dechets-1-300x225.jpg\" alt=\"\" width=\"300\" height=\"225\" srcset=\"https:\/\/ecole-ste-anne-asserac.fr\/wp-content\/uploads\/2022\/03\/photo-tri-dechets-1-300x225.jpg 300w, https:\/\/ecole-ste-anne-asserac.fr\/wp-content\/uploads\/2022\/03\/photo-tri-dechets-1-1024x768.jpg 1024w, https:\/\/ecole-ste-anne-asserac.fr\/wp-content\/uploads\/2022\/03\/photo-tri-dechets-1-768x576.jpg 768w, https:\/\/ecole-ste-anne-asserac.fr\/wp-content\/uploads\/2022\/03\/photo-tri-dechets-1-600x450.jpg 600w, https:\/\/ecole-ste-anne-asserac.fr\/wp-content\/uploads\/2022\/03\/photo-tri-dechets-1-1536x1152.jpg 1536w, https:\/\/ecole-ste-anne-asserac.fr\/wp-content\/uploads\/2022\/03\/photo-tri-dechets-1.jpg 1672w\" sizes=\"auto, (max-width: 300px) 100vw, 300px\" \/><\/a><\/p>\n<p>&nbsp;<\/p>\n","protected":false},"excerpt":{"rendered":"<p>Tout comme les CM1\/CM2, la classe de CE2\/CM1 a b\u00e9n\u00e9fici\u00e9 de l&rsquo;intervention de Louhanne Fichet de CAP Atlantique sur le tri des d\u00e9chets. Tout d&rsquo;abord, nous avons vu les diff\u00e9rentes possibilit\u00e9s pour jeter un d\u00e9chets (les sortes de poubelles, le compost et la d\u00e9chetterie). Les \u00e9l\u00e8ves ont \u00ab\u00a0jet\u00e9\u00a0\u00bb quelques d\u00e9chets dans la \u00ab\u00a0bonne\u00a0\u00bb poubelle et<\/p>\n<p><a href=\"https:\/\/ecole-ste-anne-asserac.fr\/?p=4772\" class=\"more-link themebutton\">Lire la suite<\/a><\/p>\n","protected":false},"author":10,"featured_media":4776,"comment_status":"closed","ping_status":"closed","sticky":false,"template":"","format":"standard","meta":{"ngg_post_thumbnail":0,"footnotes":""},"categories":[7],"tags":[],"class_list":["post-4772","post","type-post","status-publish","format-standard","has-post-thumbnail","hentry","category-classe-de-ce2-cm1"],"_links":{"self":[{"href":"https:\/\/ecole-ste-anne-asserac.fr\/index.php?rest_route=\/wp\/v2\/posts\/4772","targetHints":{"allow":["GET"]}}],"collection":[{"href":"https:\/\/ecole-ste-anne-asserac.fr\/index.php?rest_route=\/wp\/v2\/posts"}],"about":[{"href":"https:\/\/ecole-ste-anne-asserac.fr\/index.php?rest_route=\/wp\/v2\/types\/post"}],"author":[{"embeddable":true,"href":"https:\/\/ecole-ste-anne-asserac.fr\/index.php?rest_route=\/wp\/v2\/users\/10"}],"replies":[{"embeddable":true,"href":"https:\/\/ecole-ste-anne-asserac.fr\/index.php?rest_route=%2Fwp%2Fv2%2Fcomments&post=4772"}],"version-history":[{"count":1,"href":"https:\/\/ecole-ste-anne-asserac.fr\/index.php?rest_route=\/wp\/v2\/posts\/4772\/revisions"}],"predecessor-version":[{"id":4780,"href":"https:\/\/ecole-ste-anne-asserac.fr\/index.php?rest_route=\/wp\/v2\/posts\/4772\/revisions\/4780"}],"wp:featuredmedia":[{"embeddable":true,"href":"https:\/\/ecole-ste-anne-asserac.fr\/index.php?rest_route=\/wp\/v2\/media\/4776"}],"wp:attachment":[{"href":"https:\/\/ecole-ste-anne-asserac.fr\/index.php?rest_route=%2Fwp%2Fv2%2Fmedia&parent=4772"}],"wp:term":[{"taxonomy":"category","embeddable":true,"href":"https:\/\/ecole-ste-anne-asserac.fr\/index.php?rest_route=%2Fwp%2Fv2%2Fcategories&post=4772"},{"taxonomy":"post_tag","embeddable":true,"href":"https:\/\/ecole-ste-anne-asserac.fr\/index.php?rest_route=%2Fwp%2Fv2%2Ftags&post=4772"}],"curies":[{"name":"wp","href":"https:\/\/api.w.org\/{rel}","templated":true}]}}