{"id":484,"date":"2015-12-09T13:42:01","date_gmt":"2015-12-09T12:42:01","guid":{"rendered":"http:\/\/ecole-ste-anne-asserac.fr\/?p=484"},"modified":"2015-12-09T13:42:01","modified_gmt":"2015-12-09T12:42:01","slug":"preparatifs-de-noel","status":"publish","type":"post","link":"https:\/\/ecole-ste-anne-asserac.fr\/?p=484","title":{"rendered":"Pr\u00e9paratifs de No\u00ebl &#8230;"},"content":{"rendered":"<p>En ce moment, dans toutes les classes , No\u00ebl se pr\u00e9pare activement !<\/p>\n<p>En CM2 , nous pensons au March\u00e9 de No\u00ebl qui approche : m\u00eame en maths o\u00f9 nous avons pes\u00e9 les ingr\u00e9dients pour r\u00e9aliser des bricolages !<\/p>\n<p>R\u00e9alisation des bocaux de cookies :<\/p>\n<p><a href=\"http:\/\/ecole-ste-anne-asserac.fr\/wp-content\/uploads\/2015\/12\/SDC11830.jpg\"><img loading=\"lazy\" decoding=\"async\" class=\"aligncenter size-medium wp-image-485\" src=\"http:\/\/ecole-ste-anne-asserac.fr\/wp-content\/uploads\/2015\/12\/SDC11830-300x225.jpg\" alt=\"SDC11830\" width=\"300\" height=\"225\" srcset=\"https:\/\/ecole-ste-anne-asserac.fr\/wp-content\/uploads\/2015\/12\/SDC11830-300x225.jpg 300w, https:\/\/ecole-ste-anne-asserac.fr\/wp-content\/uploads\/2015\/12\/SDC11830-1024x768.jpg 1024w, https:\/\/ecole-ste-anne-asserac.fr\/wp-content\/uploads\/2015\/12\/SDC11830-600x450.jpg 600w, https:\/\/ecole-ste-anne-asserac.fr\/wp-content\/uploads\/2015\/12\/SDC11830.jpg 2048w\" sizes=\"auto, (max-width: 300px) 100vw, 300px\" \/><\/a>Confection des couronnes v\u00e9g\u00e9tales :<\/p>\n<p><a href=\"http:\/\/ecole-ste-anne-asserac.fr\/wp-content\/uploads\/2015\/12\/SDC11850.jpg\"><img loading=\"lazy\" decoding=\"async\" class=\"aligncenter size-medium wp-image-487\" src=\"http:\/\/ecole-ste-anne-asserac.fr\/wp-content\/uploads\/2015\/12\/SDC11850-300x225.jpg\" alt=\"SDC11850\" width=\"300\" height=\"225\" srcset=\"https:\/\/ecole-ste-anne-asserac.fr\/wp-content\/uploads\/2015\/12\/SDC11850-300x225.jpg 300w, https:\/\/ecole-ste-anne-asserac.fr\/wp-content\/uploads\/2015\/12\/SDC11850-1024x768.jpg 1024w, https:\/\/ecole-ste-anne-asserac.fr\/wp-content\/uploads\/2015\/12\/SDC11850-600x450.jpg 600w, https:\/\/ecole-ste-anne-asserac.fr\/wp-content\/uploads\/2015\/12\/SDC11850.jpg 2048w\" sizes=\"auto, (max-width: 300px) 100vw, 300px\" \/><\/a><a href=\"http:\/\/ecole-ste-anne-asserac.fr\/wp-content\/uploads\/2015\/12\/SDC11851.jpg\"><img loading=\"lazy\" decoding=\"async\" class=\"aligncenter size-medium wp-image-488\" src=\"http:\/\/ecole-ste-anne-asserac.fr\/wp-content\/uploads\/2015\/12\/SDC11851-300x225.jpg\" alt=\"SDC11851\" width=\"300\" height=\"225\" srcset=\"https:\/\/ecole-ste-anne-asserac.fr\/wp-content\/uploads\/2015\/12\/SDC11851-300x225.jpg 300w, https:\/\/ecole-ste-anne-asserac.fr\/wp-content\/uploads\/2015\/12\/SDC11851-1024x768.jpg 1024w, https:\/\/ecole-ste-anne-asserac.fr\/wp-content\/uploads\/2015\/12\/SDC11851-600x450.jpg 600w, https:\/\/ecole-ste-anne-asserac.fr\/wp-content\/uploads\/2015\/12\/SDC11851.jpg 2048w\" sizes=\"auto, (max-width: 300px) 100vw, 300px\" \/><\/a><a href=\"http:\/\/ecole-ste-anne-asserac.fr\/wp-content\/uploads\/2015\/12\/SDC11852.jpg\"><img loading=\"lazy\" decoding=\"async\" class=\"aligncenter size-medium wp-image-489\" src=\"http:\/\/ecole-ste-anne-asserac.fr\/wp-content\/uploads\/2015\/12\/SDC11852-300x225.jpg\" alt=\"SDC11852\" width=\"300\" height=\"225\" srcset=\"https:\/\/ecole-ste-anne-asserac.fr\/wp-content\/uploads\/2015\/12\/SDC11852-300x225.jpg 300w, https:\/\/ecole-ste-anne-asserac.fr\/wp-content\/uploads\/2015\/12\/SDC11852-1024x768.jpg 1024w, https:\/\/ecole-ste-anne-asserac.fr\/wp-content\/uploads\/2015\/12\/SDC11852-600x450.jpg 600w, https:\/\/ecole-ste-anne-asserac.fr\/wp-content\/uploads\/2015\/12\/SDC11852.jpg 2048w\" sizes=\"auto, (max-width: 300px) 100vw, 300px\" \/><\/a>Traditionnellement le sapin de la cour est d\u00e9cor\u00e9 par les CM2 &#8230; C&rsquo;\u00e9tait aujourd&rsquo;hui notre tour !!<\/p>\n<p><a href=\"http:\/\/ecole-ste-anne-asserac.fr\/wp-content\/uploads\/2015\/12\/SDC11841.jpg\"><img loading=\"lazy\" decoding=\"async\" class=\"aligncenter size-medium wp-image-490\" src=\"http:\/\/ecole-ste-anne-asserac.fr\/wp-content\/uploads\/2015\/12\/SDC11841-300x225.jpg\" alt=\"SDC11841\" width=\"300\" height=\"225\" srcset=\"https:\/\/ecole-ste-anne-asserac.fr\/wp-content\/uploads\/2015\/12\/SDC11841-300x225.jpg 300w, https:\/\/ecole-ste-anne-asserac.fr\/wp-content\/uploads\/2015\/12\/SDC11841-1024x768.jpg 1024w, https:\/\/ecole-ste-anne-asserac.fr\/wp-content\/uploads\/2015\/12\/SDC11841-600x450.jpg 600w, https:\/\/ecole-ste-anne-asserac.fr\/wp-content\/uploads\/2015\/12\/SDC11841.jpg 2048w\" sizes=\"auto, (max-width: 300px) 100vw, 300px\" \/><\/a><a href=\"http:\/\/ecole-ste-anne-asserac.fr\/wp-content\/uploads\/2015\/12\/SDC118401.jpg\"><img loading=\"lazy\" decoding=\"async\" class=\"aligncenter size-medium wp-image-492\" src=\"http:\/\/ecole-ste-anne-asserac.fr\/wp-content\/uploads\/2015\/12\/SDC118401-225x300.jpg\" alt=\"SDC11840\" width=\"225\" height=\"300\" srcset=\"https:\/\/ecole-ste-anne-asserac.fr\/wp-content\/uploads\/2015\/12\/SDC118401-225x300.jpg 225w, https:\/\/ecole-ste-anne-asserac.fr\/wp-content\/uploads\/2015\/12\/SDC118401-768x1024.jpg 768w, https:\/\/ecole-ste-anne-asserac.fr\/wp-content\/uploads\/2015\/12\/SDC118401-600x800.jpg 600w, https:\/\/ecole-ste-anne-asserac.fr\/wp-content\/uploads\/2015\/12\/SDC118401.jpg 1152w\" sizes=\"auto, (max-width: 225px) 100vw, 225px\" \/><\/a><\/p>\n","protected":false},"excerpt":{"rendered":"<p>En ce moment, dans toutes les classes , No\u00ebl se pr\u00e9pare activement ! En CM2 , nous pensons au March\u00e9 de No\u00ebl qui approche : m\u00eame en maths o\u00f9 nous avons pes\u00e9 les ingr\u00e9dients pour r\u00e9aliser des bricolages ! R\u00e9alisation des bocaux de cookies : Confection des couronnes v\u00e9g\u00e9tales : Traditionnellement le sapin de la<\/p>\n<p><a href=\"https:\/\/ecole-ste-anne-asserac.fr\/?p=484\" class=\"more-link themebutton\">Lire la suite<\/a><\/p>\n","protected":false},"author":3,"featured_media":0,"comment_status":"closed","ping_status":"closed","sticky":false,"template":"","format":"standard","meta":{"ngg_post_thumbnail":0,"footnotes":""},"categories":[8],"tags":[],"class_list":["post-484","post","type-post","status-publish","format-standard","hentry","category-classe-de-cm1-cm2"],"_links":{"self":[{"href":"https:\/\/ecole-ste-anne-asserac.fr\/index.php?rest_route=\/wp\/v2\/posts\/484","targetHints":{"allow":["GET"]}}],"collection":[{"href":"https:\/\/ecole-ste-anne-asserac.fr\/index.php?rest_route=\/wp\/v2\/posts"}],"about":[{"href":"https:\/\/ecole-ste-anne-asserac.fr\/index.php?rest_route=\/wp\/v2\/types\/post"}],"author":[{"embeddable":true,"href":"https:\/\/ecole-ste-anne-asserac.fr\/index.php?rest_route=\/wp\/v2\/users\/3"}],"replies":[{"embeddable":true,"href":"https:\/\/ecole-ste-anne-asserac.fr\/index.php?rest_route=%2Fwp%2Fv2%2Fcomments&post=484"}],"version-history":[{"count":0,"href":"https:\/\/ecole-ste-anne-asserac.fr\/index.php?rest_route=\/wp\/v2\/posts\/484\/revisions"}],"wp:attachment":[{"href":"https:\/\/ecole-ste-anne-asserac.fr\/index.php?rest_route=%2Fwp%2Fv2%2Fmedia&parent=484"}],"wp:term":[{"taxonomy":"category","embeddable":true,"href":"https:\/\/ecole-ste-anne-asserac.fr\/index.php?rest_route=%2Fwp%2Fv2%2Fcategories&post=484"},{"taxonomy":"post_tag","embeddable":true,"href":"https:\/\/ecole-ste-anne-asserac.fr\/index.php?rest_route=%2Fwp%2Fv2%2Ftags&post=484"}],"curies":[{"name":"wp","href":"https:\/\/api.w.org\/{rel}","templated":true}]}}