{"id":4888,"date":"2022-06-26T16:57:26","date_gmt":"2022-06-26T14:57:26","guid":{"rendered":"https:\/\/ecole-ste-anne-asserac.fr\/?p=4888"},"modified":"2022-06-26T16:57:26","modified_gmt":"2022-06-26T14:57:26","slug":"enchantons-le-monde","status":"publish","type":"post","link":"https:\/\/ecole-ste-anne-asserac.fr\/?p=4888","title":{"rendered":"Enchantons le Monde !"},"content":{"rendered":"<p>Deuxi\u00e8me temps de cette f\u00eate des projets le lendemain,&nbsp; vendredi 10 Juin , avec cette fois un spectacle musical pr\u00e9par\u00e9 par tous les \u00e9l\u00e8ves, de la Petite section au CM2.<\/p>\n<p style=\"text-align: center;\"><a href=\"http:\/\/ecole-ste-anne-asserac.fr\/wp-content\/uploads\/2022\/06\/musique-10.jpeg\"><img loading=\"lazy\" decoding=\"async\" class=\"alignnone size-medium wp-image-4916\" src=\"http:\/\/ecole-ste-anne-asserac.fr\/wp-content\/uploads\/2022\/06\/musique-10-300x56.jpeg\" alt=\"\" width=\"300\" height=\"56\" srcset=\"https:\/\/ecole-ste-anne-asserac.fr\/wp-content\/uploads\/2022\/06\/musique-10-300x56.jpeg 300w, https:\/\/ecole-ste-anne-asserac.fr\/wp-content\/uploads\/2022\/06\/musique-10.jpeg 367w\" sizes=\"auto, (max-width: 300px) 100vw, 300px\" \/><\/a><\/p>\n<p>Vendredi 10 Juin , \u00e0 18H , les enfants de l&rsquo;\u00e9cole Sainte ont pr\u00e9sent\u00e9 leur spectacle \u00ab\u00a0Enchantons le Monde\u00a0\u00bb, pr\u00e9par\u00e9 avec G\u00e9raldine , professeur au Conservatoire de Gu\u00e9rande\/La Baule . Durant trois ann\u00e9es scolaires, malgr\u00e9 le COVID, les 5 classes ont chant\u00e9, fait des percussions corporelles, d\u00e9couvert et jou\u00e9 des instruments du monde&#8230;.<\/p>\n<p>Vendredi soir, c&rsquo;\u00e9tait la fin du Projet ; les enfants ont pr\u00e9sent\u00e9 leur travail devant parents, familles et amis.<\/p>\n<p>Ce fut d&rsquo;abord des morceaux africains, chant\u00e9s par les CE2-CM1-CM2&#8230;puis \u00ab\u00a0Dans l&rsquo;\u00e9glise de Harlem\u00a0\u00bb&#8230;<\/p>\n<p><a href=\"http:\/\/ecole-ste-anne-asserac.fr\/wp-content\/uploads\/2022\/06\/Concert-1-1.jpeg\"><img loading=\"lazy\" decoding=\"async\" class=\"alignnone size-medium wp-image-4917\" src=\"http:\/\/ecole-ste-anne-asserac.fr\/wp-content\/uploads\/2022\/06\/Concert-1-1-300x225.jpeg\" alt=\"\" width=\"300\" height=\"225\" srcset=\"https:\/\/ecole-ste-anne-asserac.fr\/wp-content\/uploads\/2022\/06\/Concert-1-1-300x225.jpeg 300w, https:\/\/ecole-ste-anne-asserac.fr\/wp-content\/uploads\/2022\/06\/Concert-1-1-768x576.jpeg 768w, https:\/\/ecole-ste-anne-asserac.fr\/wp-content\/uploads\/2022\/06\/Concert-1-1-600x450.jpeg 600w, https:\/\/ecole-ste-anne-asserac.fr\/wp-content\/uploads\/2022\/06\/Concert-1-1.jpeg 831w\" sizes=\"auto, (max-width: 300px) 100vw, 300px\" \/><\/a> <a href=\"http:\/\/ecole-ste-anne-asserac.fr\/wp-content\/uploads\/2022\/06\/concert-3.jpg\"><img loading=\"lazy\" decoding=\"async\" class=\"alignnone size-medium wp-image-4918\" src=\"http:\/\/ecole-ste-anne-asserac.fr\/wp-content\/uploads\/2022\/06\/concert-3-300x225.jpg\" alt=\"\" width=\"300\" height=\"225\" srcset=\"https:\/\/ecole-ste-anne-asserac.fr\/wp-content\/uploads\/2022\/06\/concert-3-300x225.jpg 300w, https:\/\/ecole-ste-anne-asserac.fr\/wp-content\/uploads\/2022\/06\/concert-3-768x575.jpg 768w, https:\/\/ecole-ste-anne-asserac.fr\/wp-content\/uploads\/2022\/06\/concert-3-600x449.jpg 600w, https:\/\/ecole-ste-anne-asserac.fr\/wp-content\/uploads\/2022\/06\/concert-3.jpg 831w\" sizes=\"auto, (max-width: 300px) 100vw, 300px\" \/><\/a><\/p>\n<p>Entr\u00e9e des CP\/CE1 sur des rythmes de musiques du monde :<\/p>\n<p><a href=\"http:\/\/ecole-ste-anne-asserac.fr\/wp-content\/uploads\/2022\/06\/concert-4.jpeg\"><img loading=\"lazy\" decoding=\"async\" class=\"alignnone size-medium wp-image-4920\" src=\"http:\/\/ecole-ste-anne-asserac.fr\/wp-content\/uploads\/2022\/06\/concert-4-292x300.jpeg\" alt=\"\" width=\"292\" height=\"300\" srcset=\"https:\/\/ecole-ste-anne-asserac.fr\/wp-content\/uploads\/2022\/06\/concert-4-292x300.jpeg 292w, https:\/\/ecole-ste-anne-asserac.fr\/wp-content\/uploads\/2022\/06\/concert-4.jpeg 584w\" sizes=\"auto, (max-width: 292px) 100vw, 292px\" \/><\/a> <a href=\"http:\/\/ecole-ste-anne-asserac.fr\/wp-content\/uploads\/2022\/06\/concert-5.jpeg\"><img loading=\"lazy\" decoding=\"async\" class=\"alignnone size-medium wp-image-4921\" src=\"http:\/\/ecole-ste-anne-asserac.fr\/wp-content\/uploads\/2022\/06\/concert-5-251x300.jpeg\" alt=\"\" width=\"251\" height=\"300\" srcset=\"https:\/\/ecole-ste-anne-asserac.fr\/wp-content\/uploads\/2022\/06\/concert-5-251x300.jpeg 251w, https:\/\/ecole-ste-anne-asserac.fr\/wp-content\/uploads\/2022\/06\/concert-5.jpeg 502w\" sizes=\"auto, (max-width: 251px) 100vw, 251px\" \/><\/a> <a href=\"http:\/\/ecole-ste-anne-asserac.fr\/wp-content\/uploads\/2022\/06\/concert-7.jpeg\"><img loading=\"lazy\" decoding=\"async\" class=\"alignnone size-medium wp-image-4923\" src=\"http:\/\/ecole-ste-anne-asserac.fr\/wp-content\/uploads\/2022\/06\/concert-7-300x225.jpeg\" alt=\"\" width=\"300\" height=\"225\" srcset=\"https:\/\/ecole-ste-anne-asserac.fr\/wp-content\/uploads\/2022\/06\/concert-7-300x225.jpeg 300w, https:\/\/ecole-ste-anne-asserac.fr\/wp-content\/uploads\/2022\/06\/concert-7-768x576.jpeg 768w, https:\/\/ecole-ste-anne-asserac.fr\/wp-content\/uploads\/2022\/06\/concert-7-600x450.jpeg 600w, https:\/\/ecole-ste-anne-asserac.fr\/wp-content\/uploads\/2022\/06\/concert-7.jpeg 800w\" sizes=\"auto, (max-width: 300px) 100vw, 300px\" \/><\/a> <img loading=\"lazy\" decoding=\"async\" class=\"alignnone size-medium wp-image-4924\" src=\"http:\/\/ecole-ste-anne-asserac.fr\/wp-content\/uploads\/2022\/06\/concert-8-225x300.jpeg\" alt=\"\" width=\"225\" height=\"300\" srcset=\"https:\/\/ecole-ste-anne-asserac.fr\/wp-content\/uploads\/2022\/06\/concert-8-225x300.jpeg 225w, https:\/\/ecole-ste-anne-asserac.fr\/wp-content\/uploads\/2022\/06\/concert-8.jpeg 450w\" sizes=\"auto, (max-width: 225px) 100vw, 225px\" \/><\/p>\n<p>Puis celle des GS\/CP, sur un air de flamenco :<\/p>\n<p><a href=\"http:\/\/ecole-ste-anne-asserac.fr\/wp-content\/uploads\/2022\/06\/concert-9.jpeg\"><img loading=\"lazy\" decoding=\"async\" class=\"alignnone size-medium wp-image-4925\" src=\"http:\/\/ecole-ste-anne-asserac.fr\/wp-content\/uploads\/2022\/06\/concert-9-225x300.jpeg\" alt=\"\" width=\"225\" height=\"300\" srcset=\"https:\/\/ecole-ste-anne-asserac.fr\/wp-content\/uploads\/2022\/06\/concert-9-225x300.jpeg 225w, https:\/\/ecole-ste-anne-asserac.fr\/wp-content\/uploads\/2022\/06\/concert-9.jpeg 450w\" sizes=\"auto, (max-width: 225px) 100vw, 225px\" \/><\/a>&nbsp; &nbsp;<a href=\"http:\/\/ecole-ste-anne-asserac.fr\/wp-content\/uploads\/2022\/06\/concert-10.jpeg\"><img loading=\"lazy\" decoding=\"async\" class=\"alignnone size-medium wp-image-4926\" src=\"http:\/\/ecole-ste-anne-asserac.fr\/wp-content\/uploads\/2022\/06\/concert-10-300x225.jpeg\" alt=\"\" width=\"300\" height=\"225\" srcset=\"https:\/\/ecole-ste-anne-asserac.fr\/wp-content\/uploads\/2022\/06\/concert-10-300x225.jpeg 300w, https:\/\/ecole-ste-anne-asserac.fr\/wp-content\/uploads\/2022\/06\/concert-10-768x576.jpeg 768w, https:\/\/ecole-ste-anne-asserac.fr\/wp-content\/uploads\/2022\/06\/concert-10-600x450.jpeg 600w, https:\/\/ecole-ste-anne-asserac.fr\/wp-content\/uploads\/2022\/06\/concert-10.jpeg 800w\" sizes=\"auto, (max-width: 300px) 100vw, 300px\" \/><\/a><\/p>\n<p>Et des PPS\/PS\/MS sur un chant tahitien &#8230;. Tous \u00e9taient sur sc\u00e8ne !<\/p>\n<p><a href=\"http:\/\/ecole-ste-anne-asserac.fr\/wp-content\/uploads\/2022\/06\/concert-11.jpeg\"><img loading=\"lazy\" decoding=\"async\" class=\"alignnone size-medium wp-image-4927\" src=\"http:\/\/ecole-ste-anne-asserac.fr\/wp-content\/uploads\/2022\/06\/concert-11-300x225.jpeg\" alt=\"\" width=\"300\" height=\"225\" srcset=\"https:\/\/ecole-ste-anne-asserac.fr\/wp-content\/uploads\/2022\/06\/concert-11-300x225.jpeg 300w, https:\/\/ecole-ste-anne-asserac.fr\/wp-content\/uploads\/2022\/06\/concert-11-768x576.jpeg 768w, https:\/\/ecole-ste-anne-asserac.fr\/wp-content\/uploads\/2022\/06\/concert-11-600x450.jpeg 600w, https:\/\/ecole-ste-anne-asserac.fr\/wp-content\/uploads\/2022\/06\/concert-11.jpeg 800w\" sizes=\"auto, (max-width: 300px) 100vw, 300px\" \/><\/a> <a href=\"http:\/\/ecole-ste-anne-asserac.fr\/wp-content\/uploads\/2022\/06\/concert-12.jpeg\"><img loading=\"lazy\" decoding=\"async\" class=\"alignnone size-medium wp-image-4928\" src=\"http:\/\/ecole-ste-anne-asserac.fr\/wp-content\/uploads\/2022\/06\/concert-12-300x225.jpeg\" alt=\"\" width=\"300\" height=\"225\" srcset=\"https:\/\/ecole-ste-anne-asserac.fr\/wp-content\/uploads\/2022\/06\/concert-12-300x225.jpeg 300w, https:\/\/ecole-ste-anne-asserac.fr\/wp-content\/uploads\/2022\/06\/concert-12-768x576.jpeg 768w, https:\/\/ecole-ste-anne-asserac.fr\/wp-content\/uploads\/2022\/06\/concert-12-600x450.jpeg 600w, https:\/\/ecole-ste-anne-asserac.fr\/wp-content\/uploads\/2022\/06\/concert-12.jpeg 800w\" sizes=\"auto, (max-width: 300px) 100vw, 300px\" \/><\/a><\/p>\n<p>Interm\u00e8de de percussions : Batucada br\u00e9silienne !&nbsp;<img loading=\"lazy\" decoding=\"async\" class=\"alignnone size-medium wp-image-4929\" src=\"http:\/\/ecole-ste-anne-asserac.fr\/wp-content\/uploads\/2022\/06\/concert-131-300x218.jpg\" alt=\"\" width=\"300\" height=\"218\" srcset=\"https:\/\/ecole-ste-anne-asserac.fr\/wp-content\/uploads\/2022\/06\/concert-131-300x218.jpg 300w, https:\/\/ecole-ste-anne-asserac.fr\/wp-content\/uploads\/2022\/06\/concert-131.jpg 440w\" sizes=\"auto, (max-width: 300px) 100vw, 300px\" \/> &nbsp; &nbsp; &nbsp; &nbsp; &nbsp;&nbsp;<a href=\"http:\/\/ecole-ste-anne-asserac.fr\/wp-content\/uploads\/2022\/06\/geraldine-4.jpeg\"><img loading=\"lazy\" decoding=\"async\" class=\"alignnone size-medium wp-image-4933\" src=\"http:\/\/ecole-ste-anne-asserac.fr\/wp-content\/uploads\/2022\/06\/geraldine-4-300x225.jpeg\" alt=\"\" width=\"300\" height=\"225\" srcset=\"https:\/\/ecole-ste-anne-asserac.fr\/wp-content\/uploads\/2022\/06\/geraldine-4-300x225.jpeg 300w, https:\/\/ecole-ste-anne-asserac.fr\/wp-content\/uploads\/2022\/06\/geraldine-4-768x576.jpeg 768w, https:\/\/ecole-ste-anne-asserac.fr\/wp-content\/uploads\/2022\/06\/geraldine-4-600x450.jpeg 600w, https:\/\/ecole-ste-anne-asserac.fr\/wp-content\/uploads\/2022\/06\/geraldine-4.jpeg 800w\" sizes=\"auto, (max-width: 300px) 100vw, 300px\" \/><\/a> <a href=\"http:\/\/ecole-ste-anne-asserac.fr\/wp-content\/uploads\/2022\/06\/geraldine-5.jpeg\"><img loading=\"lazy\" decoding=\"async\" class=\"alignnone size-medium wp-image-4934\" src=\"http:\/\/ecole-ste-anne-asserac.fr\/wp-content\/uploads\/2022\/06\/geraldine-5-300x225.jpeg\" alt=\"\" width=\"300\" height=\"225\" srcset=\"https:\/\/ecole-ste-anne-asserac.fr\/wp-content\/uploads\/2022\/06\/geraldine-5-300x225.jpeg 300w, https:\/\/ecole-ste-anne-asserac.fr\/wp-content\/uploads\/2022\/06\/geraldine-5-768x576.jpeg 768w, https:\/\/ecole-ste-anne-asserac.fr\/wp-content\/uploads\/2022\/06\/geraldine-5-600x450.jpeg 600w, https:\/\/ecole-ste-anne-asserac.fr\/wp-content\/uploads\/2022\/06\/geraldine-5.jpeg 800w\" sizes=\"auto, (max-width: 300px) 100vw, 300px\" \/><\/a> <img loading=\"lazy\" decoding=\"async\" class=\"alignnone size-medium wp-image-4935\" src=\"http:\/\/ecole-ste-anne-asserac.fr\/wp-content\/uploads\/2022\/06\/geraldine-6-300x225.jpeg\" alt=\"\" width=\"300\" height=\"225\" srcset=\"https:\/\/ecole-ste-anne-asserac.fr\/wp-content\/uploads\/2022\/06\/geraldine-6-300x225.jpeg 300w, https:\/\/ecole-ste-anne-asserac.fr\/wp-content\/uploads\/2022\/06\/geraldine-6-768x576.jpeg 768w, https:\/\/ecole-ste-anne-asserac.fr\/wp-content\/uploads\/2022\/06\/geraldine-6-600x450.jpeg 600w, https:\/\/ecole-ste-anne-asserac.fr\/wp-content\/uploads\/2022\/06\/geraldine-6.jpeg 800w\" sizes=\"auto, (max-width: 300px) 100vw, 300px\" \/> Puis rythmes africains pour accompagner un des chants communs:<a href=\"http:\/\/ecole-ste-anne-asserac.fr\/wp-content\/uploads\/2022\/06\/geraldine-7.jpeg\"><img loading=\"lazy\" decoding=\"async\" class=\"size-medium wp-image-4936 aligncenter\" src=\"http:\/\/ecole-ste-anne-asserac.fr\/wp-content\/uploads\/2022\/06\/geraldine-7-300x225.jpeg\" alt=\"\" width=\"300\" height=\"225\" srcset=\"https:\/\/ecole-ste-anne-asserac.fr\/wp-content\/uploads\/2022\/06\/geraldine-7-300x225.jpeg 300w, https:\/\/ecole-ste-anne-asserac.fr\/wp-content\/uploads\/2022\/06\/geraldine-7-768x576.jpeg 768w, https:\/\/ecole-ste-anne-asserac.fr\/wp-content\/uploads\/2022\/06\/geraldine-7-600x450.jpeg 600w, https:\/\/ecole-ste-anne-asserac.fr\/wp-content\/uploads\/2022\/06\/geraldine-7.jpeg 800w\" sizes=\"auto, (max-width: 300px) 100vw, 300px\" \/><\/a> &nbsp;<\/p>\n<p>L\u00e0 encore les paroles des <em>Kids United<\/em> ont r\u00e9sonn\u00e9 dans la cour de l&rsquo;\u00e9cole avec les djemb\u00e9s, surdos, tambourins &#8230;<\/p>\n<p><em>\u00a0\u00bb <\/em><em>Des messages pour les jours \u00e0 venir (&#8230;) Des mots, seulement grav\u00e9s,<br \/>\nPour ne pas oublier, pour tout changer.<br \/>\nM\u00e9langeons demain, dans un refrain,<br \/>\nNos visages<br \/>\nM\u00e9tissage (&#8230;)\u00a0\u00bb<\/em><\/p>\n<div style=\"text-align: center;\">Un grand bravo aux petits chanteurs et musiciens !<\/div>\n<div style=\"text-align: center;\">Un grand merci \u00e0 G\u00e9raldine pour ce travail men\u00e9 durant les 3 derni\u00e8res ann\u00e9es scolaires !<\/div>\n<div>&nbsp;<\/div>\n<div><img loading=\"lazy\" decoding=\"async\" class=\"size-medium wp-image-4937 aligncenter\" src=\"http:\/\/ecole-ste-anne-asserac.fr\/wp-content\/uploads\/2022\/06\/Geraldine-225x300.jpeg\" alt=\"\" width=\"225\" height=\"300\" srcset=\"https:\/\/ecole-ste-anne-asserac.fr\/wp-content\/uploads\/2022\/06\/Geraldine-225x300.jpeg 225w, https:\/\/ecole-ste-anne-asserac.fr\/wp-content\/uploads\/2022\/06\/Geraldine.jpeg 450w\" sizes=\"auto, (max-width: 225px) 100vw, 225px\" \/>&nbsp; &nbsp; <a href=\"http:\/\/ecole-ste-anne-asserac.fr\/wp-content\/uploads\/2022\/06\/geraldine-3.jpeg\"><img loading=\"lazy\" decoding=\"async\" class=\"size-medium wp-image-4932 aligncenter\" src=\"http:\/\/ecole-ste-anne-asserac.fr\/wp-content\/uploads\/2022\/06\/geraldine-3-225x300.jpeg\" alt=\"\" width=\"225\" height=\"300\" srcset=\"https:\/\/ecole-ste-anne-asserac.fr\/wp-content\/uploads\/2022\/06\/geraldine-3-225x300.jpeg 225w, https:\/\/ecole-ste-anne-asserac.fr\/wp-content\/uploads\/2022\/06\/geraldine-3.jpeg 450w\" sizes=\"auto, (max-width: 225px) 100vw, 225px\" \/><\/a><\/div>\n<div>&nbsp;<\/div>\n<div>&nbsp;<\/div>\n<div>&nbsp;<\/div>\n<p>&nbsp;<\/p>\n<p>&nbsp;<\/p>\n<p>&nbsp;<\/p>\n<p>&nbsp;<\/p>\n","protected":false},"excerpt":{"rendered":"<p>Deuxi\u00e8me temps de cette f\u00eate des projets le lendemain,&nbsp; vendredi 10 Juin , avec cette fois un spectacle musical pr\u00e9par\u00e9 par tous les \u00e9l\u00e8ves, de la Petite section au CM2. Vendredi 10 Juin , \u00e0 18H , les enfants de l&rsquo;\u00e9cole Sainte ont pr\u00e9sent\u00e9 leur spectacle \u00ab\u00a0Enchantons le Monde\u00a0\u00bb, pr\u00e9par\u00e9 avec G\u00e9raldine , professeur au<\/p>\n<p><a href=\"https:\/\/ecole-ste-anne-asserac.fr\/?p=4888\" class=\"more-link themebutton\">Lire la suite<\/a><\/p>\n","protected":false},"author":3,"featured_media":4916,"comment_status":"closed","ping_status":"closed","sticky":false,"template":"","format":"standard","meta":{"ngg_post_thumbnail":0,"footnotes":""},"categories":[11,7,8,6,4,5],"tags":[],"class_list":["post-4888","post","type-post","status-publish","format-standard","has-post-thumbnail","hentry","category-actualite","category-classe-de-ce2-cm1","category-classe-de-cm1-cm2","category-classe-de-cp-ce1","category-classe-de-gs-cp","category-classe-de-cp"],"_links":{"self":[{"href":"https:\/\/ecole-ste-anne-asserac.fr\/index.php?rest_route=\/wp\/v2\/posts\/4888","targetHints":{"allow":["GET"]}}],"collection":[{"href":"https:\/\/ecole-ste-anne-asserac.fr\/index.php?rest_route=\/wp\/v2\/posts"}],"about":[{"href":"https:\/\/ecole-ste-anne-asserac.fr\/index.php?rest_route=\/wp\/v2\/types\/post"}],"author":[{"embeddable":true,"href":"https:\/\/ecole-ste-anne-asserac.fr\/index.php?rest_route=\/wp\/v2\/users\/3"}],"replies":[{"embeddable":true,"href":"https:\/\/ecole-ste-anne-asserac.fr\/index.php?rest_route=%2Fwp%2Fv2%2Fcomments&post=4888"}],"version-history":[{"count":3,"href":"https:\/\/ecole-ste-anne-asserac.fr\/index.php?rest_route=\/wp\/v2\/posts\/4888\/revisions"}],"predecessor-version":[{"id":4940,"href":"https:\/\/ecole-ste-anne-asserac.fr\/index.php?rest_route=\/wp\/v2\/posts\/4888\/revisions\/4940"}],"wp:featuredmedia":[{"embeddable":true,"href":"https:\/\/ecole-ste-anne-asserac.fr\/index.php?rest_route=\/wp\/v2\/media\/4916"}],"wp:attachment":[{"href":"https:\/\/ecole-ste-anne-asserac.fr\/index.php?rest_route=%2Fwp%2Fv2%2Fmedia&parent=4888"}],"wp:term":[{"taxonomy":"category","embeddable":true,"href":"https:\/\/ecole-ste-anne-asserac.fr\/index.php?rest_route=%2Fwp%2Fv2%2Fcategories&post=4888"},{"taxonomy":"post_tag","embeddable":true,"href":"https:\/\/ecole-ste-anne-asserac.fr\/index.php?rest_route=%2Fwp%2Fv2%2Ftags&post=4888"}],"curies":[{"name":"wp","href":"https:\/\/api.w.org\/{rel}","templated":true}]}}