{"id":494,"date":"2015-12-09T13:57:16","date_gmt":"2015-12-09T12:57:16","guid":{"rendered":"http:\/\/ecole-ste-anne-asserac.fr\/?p=494"},"modified":"2015-12-09T13:57:16","modified_gmt":"2015-12-09T12:57:16","slug":"spectacle-de-noel","status":"publish","type":"post","link":"https:\/\/ecole-ste-anne-asserac.fr\/?p=494","title":{"rendered":"Spectacle de No\u00ebl"},"content":{"rendered":"<p>Mardi 8 D\u00e9cembre , nous sommes all\u00e9s \u00e0 la salle de La Fontaine avec tous les enfants de l&rsquo;\u00e9cole voir un spectacle : \u00ab\u00a0Yvan l&rsquo;explorateur\u00a0\u00bb<\/p>\n<p>Nous avons voyag\u00e9 jusqu&rsquo;aux USA &#8230;. en imagination bien s\u00fbr &#8230;<\/p>\n<p><a href=\"http:\/\/ecole-ste-anne-asserac.fr\/wp-content\/uploads\/2015\/12\/SDC11846.jpg\"><img loading=\"lazy\" decoding=\"async\" class=\"aligncenter size-medium wp-image-495\" src=\"http:\/\/ecole-ste-anne-asserac.fr\/wp-content\/uploads\/2015\/12\/SDC11846-300x225.jpg\" alt=\"SDC11846\" width=\"300\" height=\"225\" srcset=\"https:\/\/ecole-ste-anne-asserac.fr\/wp-content\/uploads\/2015\/12\/SDC11846-300x225.jpg 300w, https:\/\/ecole-ste-anne-asserac.fr\/wp-content\/uploads\/2015\/12\/SDC11846-1024x768.jpg 1024w, https:\/\/ecole-ste-anne-asserac.fr\/wp-content\/uploads\/2015\/12\/SDC11846-600x450.jpg 600w, https:\/\/ecole-ste-anne-asserac.fr\/wp-content\/uploads\/2015\/12\/SDC11846.jpg 2048w\" sizes=\"auto, (max-width: 300px) 100vw, 300px\" \/><\/a><a href=\"http:\/\/ecole-ste-anne-asserac.fr\/wp-content\/uploads\/2015\/12\/SDC11847.jpg\"><img loading=\"lazy\" decoding=\"async\" class=\"aligncenter size-medium wp-image-496\" src=\"http:\/\/ecole-ste-anne-asserac.fr\/wp-content\/uploads\/2015\/12\/SDC11847-300x225.jpg\" alt=\"SDC11847\" width=\"300\" height=\"225\" srcset=\"https:\/\/ecole-ste-anne-asserac.fr\/wp-content\/uploads\/2015\/12\/SDC11847-300x225.jpg 300w, https:\/\/ecole-ste-anne-asserac.fr\/wp-content\/uploads\/2015\/12\/SDC11847-1024x768.jpg 1024w, https:\/\/ecole-ste-anne-asserac.fr\/wp-content\/uploads\/2015\/12\/SDC11847-600x450.jpg 600w, https:\/\/ecole-ste-anne-asserac.fr\/wp-content\/uploads\/2015\/12\/SDC11847.jpg 2048w\" sizes=\"auto, (max-width: 300px) 100vw, 300px\" \/><\/a>Nous avons beaucoup aim\u00e9 ! Surtout quand <a href=\"http:\/\/www.magiespectacle.com\/\">S\u00e9bastien le magicien<\/a> a fait monter sur sc\u00e8ne Baptiste pour qu&rsquo;il fasse lui aussi un tour de magie &#8230;..<\/p>\n<p><a href=\"http:\/\/ecole-ste-anne-asserac.fr\/wp-content\/uploads\/2015\/12\/SDC11848.jpg\"><img loading=\"lazy\" decoding=\"async\" class=\"aligncenter size-medium wp-image-497\" src=\"http:\/\/ecole-ste-anne-asserac.fr\/wp-content\/uploads\/2015\/12\/SDC11848-300x225.jpg\" alt=\"SDC11848\" width=\"300\" height=\"225\" srcset=\"https:\/\/ecole-ste-anne-asserac.fr\/wp-content\/uploads\/2015\/12\/SDC11848-300x225.jpg 300w, https:\/\/ecole-ste-anne-asserac.fr\/wp-content\/uploads\/2015\/12\/SDC11848-1024x768.jpg 1024w, https:\/\/ecole-ste-anne-asserac.fr\/wp-content\/uploads\/2015\/12\/SDC11848-600x450.jpg 600w, https:\/\/ecole-ste-anne-asserac.fr\/wp-content\/uploads\/2015\/12\/SDC11848.jpg 2048w\" sizes=\"auto, (max-width: 300px) 100vw, 300px\" \/><\/a><a href=\"http:\/\/ecole-ste-anne-asserac.fr\/wp-content\/uploads\/2015\/12\/SDC11849.jpg\"><img loading=\"lazy\" decoding=\"async\" class=\"aligncenter size-medium wp-image-498\" src=\"http:\/\/ecole-ste-anne-asserac.fr\/wp-content\/uploads\/2015\/12\/SDC11849-300x225.jpg\" alt=\"SDC11849\" width=\"300\" height=\"225\" srcset=\"https:\/\/ecole-ste-anne-asserac.fr\/wp-content\/uploads\/2015\/12\/SDC11849-300x225.jpg 300w, https:\/\/ecole-ste-anne-asserac.fr\/wp-content\/uploads\/2015\/12\/SDC11849-1024x768.jpg 1024w, https:\/\/ecole-ste-anne-asserac.fr\/wp-content\/uploads\/2015\/12\/SDC11849-600x450.jpg 600w, https:\/\/ecole-ste-anne-asserac.fr\/wp-content\/uploads\/2015\/12\/SDC11849.jpg 2048w\" sizes=\"auto, (max-width: 300px) 100vw, 300px\" \/><\/a>Nous avons pass\u00e9 un tr\u00e8s bon moment . Merci au bureau de l&rsquo;A.P.EL !<\/p>\n<p>&nbsp;<\/p>\n","protected":false},"excerpt":{"rendered":"<p>Mardi 8 D\u00e9cembre , nous sommes all\u00e9s \u00e0 la salle de La Fontaine avec tous les enfants de l&rsquo;\u00e9cole voir un spectacle : \u00ab\u00a0Yvan l&rsquo;explorateur\u00a0\u00bb Nous avons voyag\u00e9 jusqu&rsquo;aux USA &#8230;. en imagination bien s\u00fbr &#8230; Nous avons beaucoup aim\u00e9 ! Surtout quand S\u00e9bastien le magicien a fait monter sur sc\u00e8ne Baptiste pour qu&rsquo;il fasse<\/p>\n<p><a href=\"https:\/\/ecole-ste-anne-asserac.fr\/?p=494\" class=\"more-link themebutton\">Lire la suite<\/a><\/p>\n","protected":false},"author":3,"featured_media":0,"comment_status":"closed","ping_status":"closed","sticky":false,"template":"","format":"standard","meta":{"ngg_post_thumbnail":0,"footnotes":""},"categories":[8],"tags":[],"class_list":["post-494","post","type-post","status-publish","format-standard","hentry","category-classe-de-cm1-cm2"],"_links":{"self":[{"href":"https:\/\/ecole-ste-anne-asserac.fr\/index.php?rest_route=\/wp\/v2\/posts\/494","targetHints":{"allow":["GET"]}}],"collection":[{"href":"https:\/\/ecole-ste-anne-asserac.fr\/index.php?rest_route=\/wp\/v2\/posts"}],"about":[{"href":"https:\/\/ecole-ste-anne-asserac.fr\/index.php?rest_route=\/wp\/v2\/types\/post"}],"author":[{"embeddable":true,"href":"https:\/\/ecole-ste-anne-asserac.fr\/index.php?rest_route=\/wp\/v2\/users\/3"}],"replies":[{"embeddable":true,"href":"https:\/\/ecole-ste-anne-asserac.fr\/index.php?rest_route=%2Fwp%2Fv2%2Fcomments&post=494"}],"version-history":[{"count":0,"href":"https:\/\/ecole-ste-anne-asserac.fr\/index.php?rest_route=\/wp\/v2\/posts\/494\/revisions"}],"wp:attachment":[{"href":"https:\/\/ecole-ste-anne-asserac.fr\/index.php?rest_route=%2Fwp%2Fv2%2Fmedia&parent=494"}],"wp:term":[{"taxonomy":"category","embeddable":true,"href":"https:\/\/ecole-ste-anne-asserac.fr\/index.php?rest_route=%2Fwp%2Fv2%2Fcategories&post=494"},{"taxonomy":"post_tag","embeddable":true,"href":"https:\/\/ecole-ste-anne-asserac.fr\/index.php?rest_route=%2Fwp%2Fv2%2Ftags&post=494"}],"curies":[{"name":"wp","href":"https:\/\/api.w.org\/{rel}","templated":true}]}}