{"id":506,"date":"2015-12-19T14:13:35","date_gmt":"2015-12-19T13:13:35","guid":{"rendered":"http:\/\/ecole-ste-anne-asserac.fr\/?p=506"},"modified":"2015-12-19T14:13:35","modified_gmt":"2015-12-19T13:13:35","slug":"marche-de-noel-3","status":"publish","type":"post","link":"https:\/\/ecole-ste-anne-asserac.fr\/?p=506","title":{"rendered":"March\u00e9 de No\u00ebl"},"content":{"rendered":"<p>Vendredi 11 D\u00e9cembre a eu lieu le March\u00e9 de No\u00ebl de l&rsquo;\u00e9cole \u00e0 la salle de La Fontaine . Nous avons cuisin\u00e9 , bricol\u00e9 pendant\u00a0 la semaine &#8230;. nous allions vendre notre production !<\/p>\n<p><a href=\"http:\/\/ecole-ste-anne-asserac.fr\/wp-content\/uploads\/2015\/12\/SDC11853.jpg\" rel=\"attachment wp-att-507\"><img loading=\"lazy\" decoding=\"async\" class=\"aligncenter size-medium wp-image-507\" src=\"http:\/\/ecole-ste-anne-asserac.fr\/wp-content\/uploads\/2015\/12\/SDC11853-300x225.jpg\" alt=\"SDC11853\" width=\"300\" height=\"225\" srcset=\"https:\/\/ecole-ste-anne-asserac.fr\/wp-content\/uploads\/2015\/12\/SDC11853-300x225.jpg 300w, https:\/\/ecole-ste-anne-asserac.fr\/wp-content\/uploads\/2015\/12\/SDC11853-768x576.jpg 768w, https:\/\/ecole-ste-anne-asserac.fr\/wp-content\/uploads\/2015\/12\/SDC11853-1024x768.jpg 1024w, https:\/\/ecole-ste-anne-asserac.fr\/wp-content\/uploads\/2015\/12\/SDC11853-600x450.jpg 600w, https:\/\/ecole-ste-anne-asserac.fr\/wp-content\/uploads\/2015\/12\/SDC11853.jpg 2048w\" sizes=\"auto, (max-width: 300px) 100vw, 300px\" \/><\/a><a href=\"http:\/\/ecole-ste-anne-asserac.fr\/wp-content\/uploads\/2015\/12\/SDC11855.jpg\" rel=\"attachment wp-att-508\"><img loading=\"lazy\" decoding=\"async\" class=\"aligncenter size-medium wp-image-508\" src=\"http:\/\/ecole-ste-anne-asserac.fr\/wp-content\/uploads\/2015\/12\/SDC11855-300x225.jpg\" alt=\"SDC11855\" width=\"300\" height=\"225\" srcset=\"https:\/\/ecole-ste-anne-asserac.fr\/wp-content\/uploads\/2015\/12\/SDC11855-300x225.jpg 300w, https:\/\/ecole-ste-anne-asserac.fr\/wp-content\/uploads\/2015\/12\/SDC11855-768x576.jpg 768w, https:\/\/ecole-ste-anne-asserac.fr\/wp-content\/uploads\/2015\/12\/SDC11855-1024x768.jpg 1024w, https:\/\/ecole-ste-anne-asserac.fr\/wp-content\/uploads\/2015\/12\/SDC11855-600x450.jpg 600w, https:\/\/ecole-ste-anne-asserac.fr\/wp-content\/uploads\/2015\/12\/SDC11855.jpg 2048w\" sizes=\"auto, (max-width: 300px) 100vw, 300px\" \/><\/a>Il y a eu beaucoup de monde !<\/p>\n<p>Merci \u00e0 tous ceux qui sont pass\u00e9s nous voir .<\/p>\n<p>&nbsp;<\/p>\n","protected":false},"excerpt":{"rendered":"<p>Vendredi 11 D\u00e9cembre a eu lieu le March\u00e9 de No\u00ebl de l&rsquo;\u00e9cole \u00e0 la salle de La Fontaine . Nous avons cuisin\u00e9 , bricol\u00e9 pendant\u00a0 la semaine &#8230;. nous allions vendre notre production ! Il y a eu beaucoup de monde ! Merci \u00e0 tous ceux qui sont pass\u00e9s nous voir . &nbsp;<\/p>\n","protected":false},"author":3,"featured_media":0,"comment_status":"closed","ping_status":"closed","sticky":false,"template":"","format":"standard","meta":{"ngg_post_thumbnail":0,"footnotes":""},"categories":[8],"tags":[],"class_list":["post-506","post","type-post","status-publish","format-standard","hentry","category-classe-de-cm1-cm2"],"_links":{"self":[{"href":"https:\/\/ecole-ste-anne-asserac.fr\/index.php?rest_route=\/wp\/v2\/posts\/506","targetHints":{"allow":["GET"]}}],"collection":[{"href":"https:\/\/ecole-ste-anne-asserac.fr\/index.php?rest_route=\/wp\/v2\/posts"}],"about":[{"href":"https:\/\/ecole-ste-anne-asserac.fr\/index.php?rest_route=\/wp\/v2\/types\/post"}],"author":[{"embeddable":true,"href":"https:\/\/ecole-ste-anne-asserac.fr\/index.php?rest_route=\/wp\/v2\/users\/3"}],"replies":[{"embeddable":true,"href":"https:\/\/ecole-ste-anne-asserac.fr\/index.php?rest_route=%2Fwp%2Fv2%2Fcomments&post=506"}],"version-history":[{"count":0,"href":"https:\/\/ecole-ste-anne-asserac.fr\/index.php?rest_route=\/wp\/v2\/posts\/506\/revisions"}],"wp:attachment":[{"href":"https:\/\/ecole-ste-anne-asserac.fr\/index.php?rest_route=%2Fwp%2Fv2%2Fmedia&parent=506"}],"wp:term":[{"taxonomy":"category","embeddable":true,"href":"https:\/\/ecole-ste-anne-asserac.fr\/index.php?rest_route=%2Fwp%2Fv2%2Fcategories&post=506"},{"taxonomy":"post_tag","embeddable":true,"href":"https:\/\/ecole-ste-anne-asserac.fr\/index.php?rest_route=%2Fwp%2Fv2%2Ftags&post=506"}],"curies":[{"name":"wp","href":"https:\/\/api.w.org\/{rel}","templated":true}]}}