{"id":510,"date":"2015-12-19T14:26:59","date_gmt":"2015-12-19T13:26:59","guid":{"rendered":"http:\/\/ecole-ste-anne-asserac.fr\/?p=510"},"modified":"2015-12-19T14:50:24","modified_gmt":"2015-12-19T13:50:24","slug":"merry-christmas","status":"publish","type":"post","link":"https:\/\/ecole-ste-anne-asserac.fr\/?p=510","title":{"rendered":"Merry Christmas"},"content":{"rendered":"<p style=\"text-align: center;\"><a href=\"http:\/\/ecole-ste-anne-asserac.fr\/wp-content\/uploads\/2015\/12\/noel-en-anglais.jpg\" rel=\"attachment wp-att-511\"><img loading=\"lazy\" decoding=\"async\" class=\"aligncenter size-medium wp-image-511\" src=\"http:\/\/ecole-ste-anne-asserac.fr\/wp-content\/uploads\/2015\/12\/noel-en-anglais-300x169.jpg\" alt=\"noel-en-anglais\" width=\"300\" height=\"169\" srcset=\"https:\/\/ecole-ste-anne-asserac.fr\/wp-content\/uploads\/2015\/12\/noel-en-anglais-300x169.jpg 300w, https:\/\/ecole-ste-anne-asserac.fr\/wp-content\/uploads\/2015\/12\/noel-en-anglais-768x432.jpg 768w, https:\/\/ecole-ste-anne-asserac.fr\/wp-content\/uploads\/2015\/12\/noel-en-anglais-600x338.jpg 600w, https:\/\/ecole-ste-anne-asserac.fr\/wp-content\/uploads\/2015\/12\/noel-en-anglais.jpg 1000w\" sizes=\"auto, (max-width: 300px) 100vw, 300px\" \/><\/a><strong><span style=\"color: #ff0000;\">L&rsquo;ensemble de l&rsquo;\u00e9quipe \u00e9ducative de l&rsquo;\u00e9cole Sainte Anne <\/span><\/strong><\/p>\n<p style=\"text-align: center;\"><strong><span style=\"color: #ff0000;\">vous souhaite de passer un tr\u00e8s bon No\u00ebl\u00a0 !<\/span><\/strong><\/p>\n<p style=\"text-align: center;\">Que cette f\u00eate de No\u00ebl soit pour chacun un moment de partage en famille,\u00a0 de\u00a0 belles rencontres,\u00a0 de sourires, de joie et de paix &#8230;.<\/p>\n<p style=\"text-align: center;\"><a href=\"http:\/\/ecole-ste-anne-asserac.fr\/wp-content\/uploads\/2015\/12\/cr\u00e8che-Ass\u00e9rac.jpg\" rel=\"attachment wp-att-514\"><img loading=\"lazy\" decoding=\"async\" class=\"aligncenter size-medium wp-image-514\" src=\"http:\/\/ecole-ste-anne-asserac.fr\/wp-content\/uploads\/2015\/12\/cr\u00e8che-Ass\u00e9rac-225x300.jpg\" alt=\"cr\u00e8che Ass\u00e9rac\" width=\"225\" height=\"300\" srcset=\"https:\/\/ecole-ste-anne-asserac.fr\/wp-content\/uploads\/2015\/12\/cr\u00e8che-Ass\u00e9rac-225x300.jpg 225w, https:\/\/ecole-ste-anne-asserac.fr\/wp-content\/uploads\/2015\/12\/cr\u00e8che-Ass\u00e9rac.jpg 480w\" sizes=\"auto, (max-width: 225px) 100vw, 225px\" \/><\/a><\/p>\n<p>En classe, les enfants ont inscrit des mots\u00a0 sur des cailloux. Ils\u00a0 ont construit leur chemin vers No\u00ebl lors de la c\u00e9l\u00e9bration du 17 D\u00e9cembre.\u00a0 Tous sont venus ensuite d\u00e9poser ces mots devant la cr\u00e8che de l&rsquo;\u00e9glise d&rsquo;Ass\u00e9rac . Vous pourrez donc d\u00e9couvrir\u00a0 tous ces mots forts qui repr\u00e9sentent l&rsquo;id\u00e9e de No\u00ebl pour eux .<\/p>\n<p>&nbsp;<\/p>\n","protected":false},"excerpt":{"rendered":"<p>L&rsquo;ensemble de l&rsquo;\u00e9quipe \u00e9ducative de l&rsquo;\u00e9cole Sainte Anne vous souhaite de passer un tr\u00e8s bon No\u00ebl\u00a0 ! Que cette f\u00eate de No\u00ebl soit pour chacun un moment de partage en famille,\u00a0 de\u00a0 belles rencontres,\u00a0 de sourires, de joie et de paix &#8230;. En classe, les enfants ont inscrit des mots\u00a0 sur des cailloux. Ils\u00a0 ont<\/p>\n<p><a href=\"https:\/\/ecole-ste-anne-asserac.fr\/?p=510\" class=\"more-link themebutton\">Lire la suite<\/a><\/p>\n","protected":false},"author":3,"featured_media":0,"comment_status":"closed","ping_status":"closed","sticky":false,"template":"","format":"standard","meta":{"ngg_post_thumbnail":0,"footnotes":""},"categories":[11],"tags":[],"class_list":["post-510","post","type-post","status-publish","format-standard","hentry","category-actualite"],"_links":{"self":[{"href":"https:\/\/ecole-ste-anne-asserac.fr\/index.php?rest_route=\/wp\/v2\/posts\/510","targetHints":{"allow":["GET"]}}],"collection":[{"href":"https:\/\/ecole-ste-anne-asserac.fr\/index.php?rest_route=\/wp\/v2\/posts"}],"about":[{"href":"https:\/\/ecole-ste-anne-asserac.fr\/index.php?rest_route=\/wp\/v2\/types\/post"}],"author":[{"embeddable":true,"href":"https:\/\/ecole-ste-anne-asserac.fr\/index.php?rest_route=\/wp\/v2\/users\/3"}],"replies":[{"embeddable":true,"href":"https:\/\/ecole-ste-anne-asserac.fr\/index.php?rest_route=%2Fwp%2Fv2%2Fcomments&post=510"}],"version-history":[{"count":0,"href":"https:\/\/ecole-ste-anne-asserac.fr\/index.php?rest_route=\/wp\/v2\/posts\/510\/revisions"}],"wp:attachment":[{"href":"https:\/\/ecole-ste-anne-asserac.fr\/index.php?rest_route=%2Fwp%2Fv2%2Fmedia&parent=510"}],"wp:term":[{"taxonomy":"category","embeddable":true,"href":"https:\/\/ecole-ste-anne-asserac.fr\/index.php?rest_route=%2Fwp%2Fv2%2Fcategories&post=510"},{"taxonomy":"post_tag","embeddable":true,"href":"https:\/\/ecole-ste-anne-asserac.fr\/index.php?rest_route=%2Fwp%2Fv2%2Ftags&post=510"}],"curies":[{"name":"wp","href":"https:\/\/api.w.org\/{rel}","templated":true}]}}