{"id":5137,"date":"2022-10-08T19:40:08","date_gmt":"2022-10-08T17:40:08","guid":{"rendered":"https:\/\/ecole-ste-anne-asserac.fr\/?p=5137"},"modified":"2022-10-22T20:23:24","modified_gmt":"2022-10-22T18:23:24","slug":"sortie-a-la-rencontre-de-la-biodiversite-pour-les-gs-cp","status":"publish","type":"post","link":"https:\/\/ecole-ste-anne-asserac.fr\/?p=5137","title":{"rendered":"Sortie \u00e0 la rencontre de la biodiversit\u00e9 pour les GS\/CP"},"content":{"rendered":"<p>Vendredi 30 septembre, les enfants de GS et de CP sort sortis de l&rsquo;\u00e9cole. Avec Maryline de CPIE Loire Oc\u00e9ane, ils se sont rendus pr\u00e8s de l&rsquo;\u00e9tang \u00e0 la rencontre de la biodiversit\u00e9. Lors de cet apr\u00e8s-midi, ils ont d\u00e9couvert \u00a0des v\u00e9g\u00e9taux, une plante qui soigne (le plantain), \u00a0le cycle de vie des v\u00e9g\u00e9taux&#8230;<\/p>\n<p>Les enfants ont pu observer des graines et diff\u00e9rentes plantes \u00e0 la loupe. Ils ont cherch\u00e9 des petites b\u00eates (grillon, fourmi, cloporte, gendarme..) qu&rsquo;ils ont examin\u00e9es dans des boites loupes.<\/p>\n<p>Ils ont aussi cr\u00e9\u00e9 des boites \u00e0 odeurs avec des plantes qu&rsquo;ils ont trouv\u00e9es. Certaines \u00e9taient tr\u00e8s odorantes comme le fenouil ou la menthe aquatique.<\/p>\n<p>Lors de cette sortie, les enfants ont utilis\u00e9 leurs cinq sens pour d\u00e9couvrir un milieu proche de l&rsquo;\u00e9cole. Ils ont fait de nombreuses d\u00e9couvertes!<\/p>\n<p><a href=\"http:\/\/ecole-ste-anne-asserac.fr\/wp-content\/uploads\/2022\/10\/00B68F5C-7736-48A4-B77A-0ABCA4A6B265_1_105_c.jpeg\"><img loading=\"lazy\" decoding=\"async\" class=\"size-medium wp-image-5141 alignright\" src=\"http:\/\/ecole-ste-anne-asserac.fr\/wp-content\/uploads\/2022\/10\/00B68F5C-7736-48A4-B77A-0ABCA4A6B265_1_105_c-300x225.jpeg\" alt=\"\" width=\"300\" height=\"225\" srcset=\"https:\/\/ecole-ste-anne-asserac.fr\/wp-content\/uploads\/2022\/10\/00B68F5C-7736-48A4-B77A-0ABCA4A6B265_1_105_c-300x225.jpeg 300w, https:\/\/ecole-ste-anne-asserac.fr\/wp-content\/uploads\/2022\/10\/00B68F5C-7736-48A4-B77A-0ABCA4A6B265_1_105_c-768x576.jpeg 768w, https:\/\/ecole-ste-anne-asserac.fr\/wp-content\/uploads\/2022\/10\/00B68F5C-7736-48A4-B77A-0ABCA4A6B265_1_105_c-600x450.jpeg 600w, https:\/\/ecole-ste-anne-asserac.fr\/wp-content\/uploads\/2022\/10\/00B68F5C-7736-48A4-B77A-0ABCA4A6B265_1_105_c.jpeg 1024w\" sizes=\"auto, (max-width: 300px) 100vw, 300px\" \/><\/a><\/p>\n<p><a href=\"http:\/\/ecole-ste-anne-asserac.fr\/wp-content\/uploads\/2022\/10\/6B02BA62-25D6-4A19-A1EB-CA1423DE6744_1_105_c.jpeg\"><img loading=\"lazy\" decoding=\"async\" class=\"size-medium wp-image-5140 alignright\" src=\"http:\/\/ecole-ste-anne-asserac.fr\/wp-content\/uploads\/2022\/10\/6B02BA62-25D6-4A19-A1EB-CA1423DE6744_1_105_c-225x300.jpeg\" alt=\"\" width=\"225\" height=\"300\" srcset=\"https:\/\/ecole-ste-anne-asserac.fr\/wp-content\/uploads\/2022\/10\/6B02BA62-25D6-4A19-A1EB-CA1423DE6744_1_105_c-225x300.jpeg 225w, https:\/\/ecole-ste-anne-asserac.fr\/wp-content\/uploads\/2022\/10\/6B02BA62-25D6-4A19-A1EB-CA1423DE6744_1_105_c-600x800.jpeg 600w, https:\/\/ecole-ste-anne-asserac.fr\/wp-content\/uploads\/2022\/10\/6B02BA62-25D6-4A19-A1EB-CA1423DE6744_1_105_c.jpeg 768w\" sizes=\"auto, (max-width: 225px) 100vw, 225px\" \/><\/a> <a href=\"http:\/\/ecole-ste-anne-asserac.fr\/wp-content\/uploads\/2022\/10\/46A02DE9-4E1A-4D2B-AC3E-8371FB3E73C1_1_105_c.jpeg\"><img loading=\"lazy\" decoding=\"async\" class=\"alignnone size-medium wp-image-5139\" src=\"http:\/\/ecole-ste-anne-asserac.fr\/wp-content\/uploads\/2022\/10\/46A02DE9-4E1A-4D2B-AC3E-8371FB3E73C1_1_105_c-300x225.jpeg\" alt=\"\" width=\"300\" height=\"225\" srcset=\"https:\/\/ecole-ste-anne-asserac.fr\/wp-content\/uploads\/2022\/10\/46A02DE9-4E1A-4D2B-AC3E-8371FB3E73C1_1_105_c-300x225.jpeg 300w, https:\/\/ecole-ste-anne-asserac.fr\/wp-content\/uploads\/2022\/10\/46A02DE9-4E1A-4D2B-AC3E-8371FB3E73C1_1_105_c-768x576.jpeg 768w, https:\/\/ecole-ste-anne-asserac.fr\/wp-content\/uploads\/2022\/10\/46A02DE9-4E1A-4D2B-AC3E-8371FB3E73C1_1_105_c-600x450.jpeg 600w, https:\/\/ecole-ste-anne-asserac.fr\/wp-content\/uploads\/2022\/10\/46A02DE9-4E1A-4D2B-AC3E-8371FB3E73C1_1_105_c.jpeg 1024w\" sizes=\"auto, (max-width: 300px) 100vw, 300px\" \/><\/a> <a href=\"http:\/\/ecole-ste-anne-asserac.fr\/wp-content\/uploads\/2022\/10\/A971E2F7-2D77-4C79-A753-04433CA98108_1_105_c.jpeg\"><img loading=\"lazy\" decoding=\"async\" class=\"size-medium wp-image-5138 alignright\" src=\"http:\/\/ecole-ste-anne-asserac.fr\/wp-content\/uploads\/2022\/10\/A971E2F7-2D77-4C79-A753-04433CA98108_1_105_c-300x225.jpeg\" alt=\"\" width=\"300\" height=\"225\" srcset=\"https:\/\/ecole-ste-anne-asserac.fr\/wp-content\/uploads\/2022\/10\/A971E2F7-2D77-4C79-A753-04433CA98108_1_105_c-300x225.jpeg 300w, https:\/\/ecole-ste-anne-asserac.fr\/wp-content\/uploads\/2022\/10\/A971E2F7-2D77-4C79-A753-04433CA98108_1_105_c-768x576.jpeg 768w, https:\/\/ecole-ste-anne-asserac.fr\/wp-content\/uploads\/2022\/10\/A971E2F7-2D77-4C79-A753-04433CA98108_1_105_c-600x450.jpeg 600w, https:\/\/ecole-ste-anne-asserac.fr\/wp-content\/uploads\/2022\/10\/A971E2F7-2D77-4C79-A753-04433CA98108_1_105_c.jpeg 1024w\" sizes=\"auto, (max-width: 300px) 100vw, 300px\" \/><\/a> !<\/p>\n<p>&nbsp;<\/p>\n","protected":false},"excerpt":{"rendered":"<p>Vendredi 30 septembre, les enfants de GS et de CP sort sortis de l&rsquo;\u00e9cole. Avec Maryline de CPIE Loire Oc\u00e9ane, ils se sont rendus pr\u00e8s de l&rsquo;\u00e9tang \u00e0 la rencontre de la biodiversit\u00e9. Lors de cet apr\u00e8s-midi, ils ont d\u00e9couvert \u00a0des v\u00e9g\u00e9taux, une plante qui soigne (le plantain), \u00a0le cycle de vie des v\u00e9g\u00e9taux&#8230; Les<\/p>\n<p><a href=\"https:\/\/ecole-ste-anne-asserac.fr\/?p=5137\" class=\"more-link themebutton\">Lire la suite<\/a><\/p>\n","protected":false},"author":4,"featured_media":5139,"comment_status":"closed","ping_status":"closed","sticky":false,"template":"","format":"standard","meta":{"ngg_post_thumbnail":0,"footnotes":""},"categories":[6,4],"tags":[],"class_list":["post-5137","post","type-post","status-publish","format-standard","has-post-thumbnail","hentry","category-classe-de-cp-ce1","category-classe-de-gs-cp"],"_links":{"self":[{"href":"https:\/\/ecole-ste-anne-asserac.fr\/index.php?rest_route=\/wp\/v2\/posts\/5137","targetHints":{"allow":["GET"]}}],"collection":[{"href":"https:\/\/ecole-ste-anne-asserac.fr\/index.php?rest_route=\/wp\/v2\/posts"}],"about":[{"href":"https:\/\/ecole-ste-anne-asserac.fr\/index.php?rest_route=\/wp\/v2\/types\/post"}],"author":[{"embeddable":true,"href":"https:\/\/ecole-ste-anne-asserac.fr\/index.php?rest_route=\/wp\/v2\/users\/4"}],"replies":[{"embeddable":true,"href":"https:\/\/ecole-ste-anne-asserac.fr\/index.php?rest_route=%2Fwp%2Fv2%2Fcomments&post=5137"}],"version-history":[{"count":7,"href":"https:\/\/ecole-ste-anne-asserac.fr\/index.php?rest_route=\/wp\/v2\/posts\/5137\/revisions"}],"predecessor-version":[{"id":5178,"href":"https:\/\/ecole-ste-anne-asserac.fr\/index.php?rest_route=\/wp\/v2\/posts\/5137\/revisions\/5178"}],"wp:featuredmedia":[{"embeddable":true,"href":"https:\/\/ecole-ste-anne-asserac.fr\/index.php?rest_route=\/wp\/v2\/media\/5139"}],"wp:attachment":[{"href":"https:\/\/ecole-ste-anne-asserac.fr\/index.php?rest_route=%2Fwp%2Fv2%2Fmedia&parent=5137"}],"wp:term":[{"taxonomy":"category","embeddable":true,"href":"https:\/\/ecole-ste-anne-asserac.fr\/index.php?rest_route=%2Fwp%2Fv2%2Fcategories&post=5137"},{"taxonomy":"post_tag","embeddable":true,"href":"https:\/\/ecole-ste-anne-asserac.fr\/index.php?rest_route=%2Fwp%2Fv2%2Ftags&post=5137"}],"curies":[{"name":"wp","href":"https:\/\/api.w.org\/{rel}","templated":true}]}}