{"id":527,"date":"2016-01-16T13:59:32","date_gmt":"2016-01-16T12:59:32","guid":{"rendered":"http:\/\/ecole-ste-anne-asserac.fr\/?p=527"},"modified":"2016-01-16T13:59:32","modified_gmt":"2016-01-16T12:59:32","slug":"cours-danglais-un-peu-special","status":"publish","type":"post","link":"https:\/\/ecole-ste-anne-asserac.fr\/?p=527","title":{"rendered":"Cours d&rsquo;anglais un peu sp\u00e9cial"},"content":{"rendered":"<p>Depuis Novembre , nous avons travaill\u00e9 en anglais sur le th\u00e8me de la cuisine ; nous avons appris beaucoup de vocabulaire sur les aliments, les boissons mais aussi les ustensiles et les verbes qui servent \u00e0 confectionner un plat ( to mix, to add, to cook &#8230;..)<\/p>\n<p>Jeudi matin, V\u00e9ronique nous a donn\u00e9 comme mission de r\u00e9aliser une recette anglaise par groupe ! Il fallait se d\u00e9brouiller seuls ! A nous de savoir quels ingr\u00e9dients mettre et dans quel ordre puisque le texte \u00e9tait (forc\u00e9ment) en anglais.<\/p>\n<p><a href=\"http:\/\/ecole-ste-anne-asserac.fr\/wp-content\/uploads\/2016\/01\/SDC11859.jpg\" rel=\"attachment wp-att-528\"><img loading=\"lazy\" decoding=\"async\" class=\"aligncenter size-medium wp-image-528\" src=\"http:\/\/ecole-ste-anne-asserac.fr\/wp-content\/uploads\/2016\/01\/SDC11859-300x225.jpg\" alt=\"SDC11859\" width=\"300\" height=\"225\" srcset=\"https:\/\/ecole-ste-anne-asserac.fr\/wp-content\/uploads\/2016\/01\/SDC11859-300x225.jpg 300w, https:\/\/ecole-ste-anne-asserac.fr\/wp-content\/uploads\/2016\/01\/SDC11859-768x576.jpg 768w, https:\/\/ecole-ste-anne-asserac.fr\/wp-content\/uploads\/2016\/01\/SDC11859-1024x768.jpg 1024w, https:\/\/ecole-ste-anne-asserac.fr\/wp-content\/uploads\/2016\/01\/SDC11859-600x450.jpg 600w, https:\/\/ecole-ste-anne-asserac.fr\/wp-content\/uploads\/2016\/01\/SDC11859.jpg 2048w\" sizes=\"auto, (max-width: 300px) 100vw, 300px\" \/><\/a>Nous avons d&rsquo;abord pris du temps pour bien comprendre le vocabulaire puis nous nous sommes lanc\u00e9s!<\/p>\n<p><a href=\"http:\/\/ecole-ste-anne-asserac.fr\/wp-content\/uploads\/2016\/01\/SDC11857.jpg\" rel=\"attachment wp-att-529\"><img loading=\"lazy\" decoding=\"async\" class=\"aligncenter size-medium wp-image-529\" src=\"http:\/\/ecole-ste-anne-asserac.fr\/wp-content\/uploads\/2016\/01\/SDC11857-300x225.jpg\" alt=\"SDC11857\" width=\"300\" height=\"225\" srcset=\"https:\/\/ecole-ste-anne-asserac.fr\/wp-content\/uploads\/2016\/01\/SDC11857-300x225.jpg 300w, https:\/\/ecole-ste-anne-asserac.fr\/wp-content\/uploads\/2016\/01\/SDC11857-768x576.jpg 768w, https:\/\/ecole-ste-anne-asserac.fr\/wp-content\/uploads\/2016\/01\/SDC11857-1024x768.jpg 1024w, https:\/\/ecole-ste-anne-asserac.fr\/wp-content\/uploads\/2016\/01\/SDC11857-600x450.jpg 600w, https:\/\/ecole-ste-anne-asserac.fr\/wp-content\/uploads\/2016\/01\/SDC11857.jpg 2048w\" sizes=\"auto, (max-width: 300px) 100vw, 300px\" \/><\/a><a href=\"http:\/\/ecole-ste-anne-asserac.fr\/wp-content\/uploads\/2016\/01\/SDC11860.jpg\" rel=\"attachment wp-att-530\"><img loading=\"lazy\" decoding=\"async\" class=\"aligncenter size-medium wp-image-530\" src=\"http:\/\/ecole-ste-anne-asserac.fr\/wp-content\/uploads\/2016\/01\/SDC11860-300x225.jpg\" alt=\"SDC11860\" width=\"300\" height=\"225\" srcset=\"https:\/\/ecole-ste-anne-asserac.fr\/wp-content\/uploads\/2016\/01\/SDC11860-300x225.jpg 300w, https:\/\/ecole-ste-anne-asserac.fr\/wp-content\/uploads\/2016\/01\/SDC11860-768x576.jpg 768w, https:\/\/ecole-ste-anne-asserac.fr\/wp-content\/uploads\/2016\/01\/SDC11860-1024x768.jpg 1024w, https:\/\/ecole-ste-anne-asserac.fr\/wp-content\/uploads\/2016\/01\/SDC11860-600x450.jpg 600w, https:\/\/ecole-ste-anne-asserac.fr\/wp-content\/uploads\/2016\/01\/SDC11860.jpg 2048w\" sizes=\"auto, (max-width: 300px) 100vw, 300px\" \/><\/a><a href=\"http:\/\/ecole-ste-anne-asserac.fr\/wp-content\/uploads\/2016\/01\/SDC11866.jpg\" rel=\"attachment wp-att-531\"><img loading=\"lazy\" decoding=\"async\" class=\"aligncenter size-medium wp-image-531\" src=\"http:\/\/ecole-ste-anne-asserac.fr\/wp-content\/uploads\/2016\/01\/SDC11866-300x225.jpg\" alt=\"SDC11866\" width=\"300\" height=\"225\" srcset=\"https:\/\/ecole-ste-anne-asserac.fr\/wp-content\/uploads\/2016\/01\/SDC11866-300x225.jpg 300w, https:\/\/ecole-ste-anne-asserac.fr\/wp-content\/uploads\/2016\/01\/SDC11866-768x576.jpg 768w, https:\/\/ecole-ste-anne-asserac.fr\/wp-content\/uploads\/2016\/01\/SDC11866-1024x768.jpg 1024w, https:\/\/ecole-ste-anne-asserac.fr\/wp-content\/uploads\/2016\/01\/SDC11866-600x450.jpg 600w, https:\/\/ecole-ste-anne-asserac.fr\/wp-content\/uploads\/2016\/01\/SDC11866.jpg 2048w\" sizes=\"auto, (max-width: 300px) 100vw, 300px\" \/><\/a><a href=\"http:\/\/ecole-ste-anne-asserac.fr\/wp-content\/uploads\/2016\/01\/SDC11864.jpg\" rel=\"attachment wp-att-532\"><img loading=\"lazy\" decoding=\"async\" class=\"aligncenter size-medium wp-image-532\" src=\"http:\/\/ecole-ste-anne-asserac.fr\/wp-content\/uploads\/2016\/01\/SDC11864-300x225.jpg\" alt=\"SDC11864\" width=\"300\" height=\"225\" srcset=\"https:\/\/ecole-ste-anne-asserac.fr\/wp-content\/uploads\/2016\/01\/SDC11864-300x225.jpg 300w, https:\/\/ecole-ste-anne-asserac.fr\/wp-content\/uploads\/2016\/01\/SDC11864-768x576.jpg 768w, https:\/\/ecole-ste-anne-asserac.fr\/wp-content\/uploads\/2016\/01\/SDC11864-1024x768.jpg 1024w, https:\/\/ecole-ste-anne-asserac.fr\/wp-content\/uploads\/2016\/01\/SDC11864-600x450.jpg 600w, https:\/\/ecole-ste-anne-asserac.fr\/wp-content\/uploads\/2016\/01\/SDC11864.jpg 2048w\" sizes=\"auto, (max-width: 300px) 100vw, 300px\" \/><\/a><\/p>\n<p>Chaque groupe \u00e9tait autonome : le r\u00e9sultat allait-il \u00eatre identique ?<\/p>\n<p style=\"text-align: center;\"><a href=\"http:\/\/ecole-ste-anne-asserac.fr\/wp-content\/uploads\/2016\/01\/SDC11869.jpg\" rel=\"attachment wp-att-533\"><img loading=\"lazy\" decoding=\"async\" class=\"aligncenter size-medium wp-image-533\" src=\"http:\/\/ecole-ste-anne-asserac.fr\/wp-content\/uploads\/2016\/01\/SDC11869-300x225.jpg\" alt=\"SDC11869\" width=\"300\" height=\"225\" srcset=\"https:\/\/ecole-ste-anne-asserac.fr\/wp-content\/uploads\/2016\/01\/SDC11869-300x225.jpg 300w, https:\/\/ecole-ste-anne-asserac.fr\/wp-content\/uploads\/2016\/01\/SDC11869-768x576.jpg 768w, https:\/\/ecole-ste-anne-asserac.fr\/wp-content\/uploads\/2016\/01\/SDC11869-1024x768.jpg 1024w, https:\/\/ecole-ste-anne-asserac.fr\/wp-content\/uploads\/2016\/01\/SDC11869-600x450.jpg 600w, https:\/\/ecole-ste-anne-asserac.fr\/wp-content\/uploads\/2016\/01\/SDC11869.jpg 2048w\" sizes=\"auto, (max-width: 300px) 100vw, 300px\" \/><\/a>A premi\u00e8re vue , oui &#8230;. tous ont r\u00e9ussi \u00e0 terminer<\/p>\n<p style=\"text-align: center;\"><a href=\"http:\/\/ecole-ste-anne-asserac.fr\/wp-content\/uploads\/2016\/01\/SDC11868.jpg\" rel=\"attachment wp-att-534\"><img loading=\"lazy\" decoding=\"async\" class=\"aligncenter size-medium wp-image-534\" src=\"http:\/\/ecole-ste-anne-asserac.fr\/wp-content\/uploads\/2016\/01\/SDC11868-300x225.jpg\" alt=\"SDC11868\" width=\"300\" height=\"225\" srcset=\"https:\/\/ecole-ste-anne-asserac.fr\/wp-content\/uploads\/2016\/01\/SDC11868-300x225.jpg 300w, https:\/\/ecole-ste-anne-asserac.fr\/wp-content\/uploads\/2016\/01\/SDC11868-768x576.jpg 768w, https:\/\/ecole-ste-anne-asserac.fr\/wp-content\/uploads\/2016\/01\/SDC11868-1024x768.jpg 1024w, https:\/\/ecole-ste-anne-asserac.fr\/wp-content\/uploads\/2016\/01\/SDC11868-600x450.jpg 600w, https:\/\/ecole-ste-anne-asserac.fr\/wp-content\/uploads\/2016\/01\/SDC11868.jpg 2048w\" sizes=\"auto, (max-width: 300px) 100vw, 300px\" \/><\/a>Les Anglais ne f\u00eatent pas les rois, ils ne connaissent pas la tradition de la galette , alors nous, nous avons fait cette recette \u00a0\u00bb \u00e0 la fran\u00e7aise\u00a0\u00bb puisque nous y avons ajout\u00e9 une f\u00e8ve !<\/p>\n<p style=\"text-align: left;\">Nous avons go\u00fbter nos desserts en fin d&rsquo;apr\u00e8s-midi, et l\u00e0 V\u00e9ronique nous a dit que deux groupes s&rsquo;\u00e9taient tromp\u00e9s : l&rsquo;un avait oubli\u00e9 la vanille , l&rsquo;autre s&rsquo;\u00e9tait tromp\u00e9 de pr\u00e9position \u00ab\u00a0on\u00a0\u00bb \u00e9tait devenu \u00ab\u00a0in\u00a0\u00bb!<\/p>\n<p style=\"text-align: left;\">Mais le r\u00e9sultat \u00e9tait satisfaisant et d\u00e9licieux !!<\/p>\n<p style=\"text-align: left;\">Nous sommes fiers d&rsquo;avoir r\u00e9ussi.<\/p>\n","protected":false},"excerpt":{"rendered":"<p>Depuis Novembre , nous avons travaill\u00e9 en anglais sur le th\u00e8me de la cuisine ; nous avons appris beaucoup de vocabulaire sur les aliments, les boissons mais aussi les ustensiles et les verbes qui servent \u00e0 confectionner un plat ( to mix, to add, to cook &#8230;..) Jeudi matin, V\u00e9ronique nous a donn\u00e9 comme mission<\/p>\n<p><a href=\"https:\/\/ecole-ste-anne-asserac.fr\/?p=527\" class=\"more-link themebutton\">Lire la suite<\/a><\/p>\n","protected":false},"author":3,"featured_media":0,"comment_status":"closed","ping_status":"closed","sticky":false,"template":"","format":"standard","meta":{"ngg_post_thumbnail":0,"footnotes":""},"categories":[8],"tags":[],"class_list":["post-527","post","type-post","status-publish","format-standard","hentry","category-classe-de-cm1-cm2"],"_links":{"self":[{"href":"https:\/\/ecole-ste-anne-asserac.fr\/index.php?rest_route=\/wp\/v2\/posts\/527","targetHints":{"allow":["GET"]}}],"collection":[{"href":"https:\/\/ecole-ste-anne-asserac.fr\/index.php?rest_route=\/wp\/v2\/posts"}],"about":[{"href":"https:\/\/ecole-ste-anne-asserac.fr\/index.php?rest_route=\/wp\/v2\/types\/post"}],"author":[{"embeddable":true,"href":"https:\/\/ecole-ste-anne-asserac.fr\/index.php?rest_route=\/wp\/v2\/users\/3"}],"replies":[{"embeddable":true,"href":"https:\/\/ecole-ste-anne-asserac.fr\/index.php?rest_route=%2Fwp%2Fv2%2Fcomments&post=527"}],"version-history":[{"count":0,"href":"https:\/\/ecole-ste-anne-asserac.fr\/index.php?rest_route=\/wp\/v2\/posts\/527\/revisions"}],"wp:attachment":[{"href":"https:\/\/ecole-ste-anne-asserac.fr\/index.php?rest_route=%2Fwp%2Fv2%2Fmedia&parent=527"}],"wp:term":[{"taxonomy":"category","embeddable":true,"href":"https:\/\/ecole-ste-anne-asserac.fr\/index.php?rest_route=%2Fwp%2Fv2%2Fcategories&post=527"},{"taxonomy":"post_tag","embeddable":true,"href":"https:\/\/ecole-ste-anne-asserac.fr\/index.php?rest_route=%2Fwp%2Fv2%2Ftags&post=527"}],"curies":[{"name":"wp","href":"https:\/\/api.w.org\/{rel}","templated":true}]}}