{"id":5423,"date":"2023-02-08T20:06:44","date_gmt":"2023-02-08T19:06:44","guid":{"rendered":"https:\/\/ecole-ste-anne-asserac.fr\/?p=5423"},"modified":"2023-03-15T14:23:29","modified_gmt":"2023-03-15T13:23:29","slug":"sortie-dans-la-foret-du-quenet","status":"publish","type":"post","link":"https:\/\/ecole-ste-anne-asserac.fr\/?p=5423","title":{"rendered":"Sortie dans la for\u00eat du Quenet"},"content":{"rendered":"<p>Lundi 23 janvier, nous sommes partis \u00e0 la d\u00e9couverte de la for\u00eat du Quenet, situ\u00e9e \u00e0 quelques centaines de m\u00e8tres de l&rsquo;\u00e9cole. C&rsquo;est Claudine Spiotti, charg\u00e9e d&rsquo;op\u00e9rations \u00c9ducation \u00e0 l&rsquo;Environnement du Parc naturel r\u00e9gional de Bri\u00e8re, qui a anim\u00e9 cette matin\u00e9e. Durant cette sortie, nous avons d\u00e9couvert les diff\u00e9rentes esp\u00e8ces d&rsquo;arbres pr\u00e9sents: merisiers, h\u00eatres, ch\u00eanes&#8230; Nous avons r\u00e9alis\u00e9 des empreintes d&rsquo;\u00e9corce et de feuilles avec des craies grasses. Nous avons dessin\u00e9 un arbre. Le r\u00e9sultat nous a beaucoup plu!<\/p>\n<p><a href=\"http:\/\/ecole-ste-anne-asserac.fr\/wp-content\/uploads\/2023\/02\/6916B2F5-A953-46A1-9ABF-A3099F2AFEAA-scaled.jpeg\"><img loading=\"lazy\" decoding=\"async\" class=\"size-medium wp-image-5425 alignleft\" src=\"http:\/\/ecole-ste-anne-asserac.fr\/wp-content\/uploads\/2023\/02\/6916B2F5-A953-46A1-9ABF-A3099F2AFEAA-300x225.jpeg\" alt=\"\" width=\"300\" height=\"225\" srcset=\"https:\/\/ecole-ste-anne-asserac.fr\/wp-content\/uploads\/2023\/02\/6916B2F5-A953-46A1-9ABF-A3099F2AFEAA-300x225.jpeg 300w, https:\/\/ecole-ste-anne-asserac.fr\/wp-content\/uploads\/2023\/02\/6916B2F5-A953-46A1-9ABF-A3099F2AFEAA-1024x768.jpeg 1024w, https:\/\/ecole-ste-anne-asserac.fr\/wp-content\/uploads\/2023\/02\/6916B2F5-A953-46A1-9ABF-A3099F2AFEAA-768x576.jpeg 768w, https:\/\/ecole-ste-anne-asserac.fr\/wp-content\/uploads\/2023\/02\/6916B2F5-A953-46A1-9ABF-A3099F2AFEAA-600x450.jpeg 600w, https:\/\/ecole-ste-anne-asserac.fr\/wp-content\/uploads\/2023\/02\/6916B2F5-A953-46A1-9ABF-A3099F2AFEAA-1536x1152.jpeg 1536w, https:\/\/ecole-ste-anne-asserac.fr\/wp-content\/uploads\/2023\/02\/6916B2F5-A953-46A1-9ABF-A3099F2AFEAA-2048x1536.jpeg 2048w\" sizes=\"auto, (max-width: 300px) 100vw, 300px\" \/><\/a><a href=\"http:\/\/ecole-ste-anne-asserac.fr\/wp-content\/uploads\/2023\/02\/C279F1BA-C4FD-41DA-84CD-658A3FEF11BF-scaled.jpeg\"><img loading=\"lazy\" decoding=\"async\" class=\"size-medium wp-image-5428 aligncenter\" src=\"http:\/\/ecole-ste-anne-asserac.fr\/wp-content\/uploads\/2023\/02\/C279F1BA-C4FD-41DA-84CD-658A3FEF11BF-300x225.jpeg\" alt=\"\" width=\"300\" height=\"225\" srcset=\"https:\/\/ecole-ste-anne-asserac.fr\/wp-content\/uploads\/2023\/02\/C279F1BA-C4FD-41DA-84CD-658A3FEF11BF-300x225.jpeg 300w, https:\/\/ecole-ste-anne-asserac.fr\/wp-content\/uploads\/2023\/02\/C279F1BA-C4FD-41DA-84CD-658A3FEF11BF-1024x768.jpeg 1024w, https:\/\/ecole-ste-anne-asserac.fr\/wp-content\/uploads\/2023\/02\/C279F1BA-C4FD-41DA-84CD-658A3FEF11BF-768x576.jpeg 768w, https:\/\/ecole-ste-anne-asserac.fr\/wp-content\/uploads\/2023\/02\/C279F1BA-C4FD-41DA-84CD-658A3FEF11BF-600x450.jpeg 600w, https:\/\/ecole-ste-anne-asserac.fr\/wp-content\/uploads\/2023\/02\/C279F1BA-C4FD-41DA-84CD-658A3FEF11BF-1536x1152.jpeg 1536w, https:\/\/ecole-ste-anne-asserac.fr\/wp-content\/uploads\/2023\/02\/C279F1BA-C4FD-41DA-84CD-658A3FEF11BF-2048x1536.jpeg 2048w\" sizes=\"auto, (max-width: 300px) 100vw, 300px\" \/><\/a><\/p>\n<p><a href=\"http:\/\/ecole-ste-anne-asserac.fr\/wp-content\/uploads\/2023\/02\/CD076DAA-AD18-4FA6-9F47-550C2A354B10-scaled.jpeg\"><img loading=\"lazy\" decoding=\"async\" class=\"size-medium wp-image-5445 alignright\" src=\"http:\/\/ecole-ste-anne-asserac.fr\/wp-content\/uploads\/2023\/02\/CD076DAA-AD18-4FA6-9F47-550C2A354B10-300x225.jpeg\" alt=\"\" width=\"300\" height=\"225\" srcset=\"https:\/\/ecole-ste-anne-asserac.fr\/wp-content\/uploads\/2023\/02\/CD076DAA-AD18-4FA6-9F47-550C2A354B10-300x225.jpeg 300w, https:\/\/ecole-ste-anne-asserac.fr\/wp-content\/uploads\/2023\/02\/CD076DAA-AD18-4FA6-9F47-550C2A354B10-1024x768.jpeg 1024w, https:\/\/ecole-ste-anne-asserac.fr\/wp-content\/uploads\/2023\/02\/CD076DAA-AD18-4FA6-9F47-550C2A354B10-768x576.jpeg 768w, https:\/\/ecole-ste-anne-asserac.fr\/wp-content\/uploads\/2023\/02\/CD076DAA-AD18-4FA6-9F47-550C2A354B10-600x450.jpeg 600w, https:\/\/ecole-ste-anne-asserac.fr\/wp-content\/uploads\/2023\/02\/CD076DAA-AD18-4FA6-9F47-550C2A354B10-1536x1152.jpeg 1536w, https:\/\/ecole-ste-anne-asserac.fr\/wp-content\/uploads\/2023\/02\/CD076DAA-AD18-4FA6-9F47-550C2A354B10-2048x1536.jpeg 2048w\" sizes=\"auto, (max-width: 300px) 100vw, 300px\" \/><\/a><\/p>\n<p>Nous avons pu \u00e9couter et nous avons &nbsp;essay\u00e9 d&rsquo;observer avec des jumelles les oiseaux pr\u00e9sents.<\/p>\n<p>Nous avons aussi r\u00e9colt\u00e9 les petites b\u00eates pr\u00e9sentes: cloportes, limaces.. Nous les avons observ\u00e9es avant de les rel\u00e2cher dans leur milieu.<\/p>\n<p><a href=\"http:\/\/ecole-ste-anne-asserac.fr\/wp-content\/uploads\/2023\/02\/E1C41233-49BF-45AA-9EFE-7D4103E17C3D-scaled.jpeg\"><img loading=\"lazy\" decoding=\"async\" class=\"alignnone size-medium wp-image-5450\" src=\"http:\/\/ecole-ste-anne-asserac.fr\/wp-content\/uploads\/2023\/02\/E1C41233-49BF-45AA-9EFE-7D4103E17C3D-300x225.jpeg\" alt=\"\" width=\"300\" height=\"225\" srcset=\"https:\/\/ecole-ste-anne-asserac.fr\/wp-content\/uploads\/2023\/02\/E1C41233-49BF-45AA-9EFE-7D4103E17C3D-300x225.jpeg 300w, https:\/\/ecole-ste-anne-asserac.fr\/wp-content\/uploads\/2023\/02\/E1C41233-49BF-45AA-9EFE-7D4103E17C3D-1024x768.jpeg 1024w, https:\/\/ecole-ste-anne-asserac.fr\/wp-content\/uploads\/2023\/02\/E1C41233-49BF-45AA-9EFE-7D4103E17C3D-768x576.jpeg 768w, https:\/\/ecole-ste-anne-asserac.fr\/wp-content\/uploads\/2023\/02\/E1C41233-49BF-45AA-9EFE-7D4103E17C3D-600x450.jpeg 600w, https:\/\/ecole-ste-anne-asserac.fr\/wp-content\/uploads\/2023\/02\/E1C41233-49BF-45AA-9EFE-7D4103E17C3D-1536x1152.jpeg 1536w, https:\/\/ecole-ste-anne-asserac.fr\/wp-content\/uploads\/2023\/02\/E1C41233-49BF-45AA-9EFE-7D4103E17C3D-2048x1536.jpeg 2048w\" sizes=\"auto, (max-width: 300px) 100vw, 300px\" \/><\/a><\/p>\n<p><a href=\"http:\/\/ecole-ste-anne-asserac.fr\/wp-content\/uploads\/2023\/02\/DCD4B09C-494E-491D-8F5C-CC01AD59142D-scaled.jpeg\"><img loading=\"lazy\" decoding=\"async\" class=\"size-medium wp-image-5452 alignright\" src=\"http:\/\/ecole-ste-anne-asserac.fr\/wp-content\/uploads\/2023\/02\/DCD4B09C-494E-491D-8F5C-CC01AD59142D-300x225.jpeg\" alt=\"\" width=\"300\" height=\"225\" srcset=\"https:\/\/ecole-ste-anne-asserac.fr\/wp-content\/uploads\/2023\/02\/DCD4B09C-494E-491D-8F5C-CC01AD59142D-300x225.jpeg 300w, https:\/\/ecole-ste-anne-asserac.fr\/wp-content\/uploads\/2023\/02\/DCD4B09C-494E-491D-8F5C-CC01AD59142D-1024x768.jpeg 1024w, https:\/\/ecole-ste-anne-asserac.fr\/wp-content\/uploads\/2023\/02\/DCD4B09C-494E-491D-8F5C-CC01AD59142D-768x576.jpeg 768w, https:\/\/ecole-ste-anne-asserac.fr\/wp-content\/uploads\/2023\/02\/DCD4B09C-494E-491D-8F5C-CC01AD59142D-600x450.jpeg 600w, https:\/\/ecole-ste-anne-asserac.fr\/wp-content\/uploads\/2023\/02\/DCD4B09C-494E-491D-8F5C-CC01AD59142D-1536x1152.jpeg 1536w, https:\/\/ecole-ste-anne-asserac.fr\/wp-content\/uploads\/2023\/02\/DCD4B09C-494E-491D-8F5C-CC01AD59142D-2048x1536.jpeg 2048w\" sizes=\"auto, (max-width: 300px) 100vw, 300px\" \/><\/a><\/p>\n<p>Apr\u00e8s avoir d\u00e9couvert le milieu forestier, nous irons en Mars \u00e0 Pont-Mah\u00e9 et en Juin dans le marais de Bri\u00e8re. Claudine nous accompagnera lors de chacune de ces sorties.<\/p>\n","protected":false},"excerpt":{"rendered":"<p>Lundi 23 janvier, nous sommes partis \u00e0 la d\u00e9couverte de la for\u00eat du Quenet, situ\u00e9e \u00e0 quelques centaines de m\u00e8tres de l&rsquo;\u00e9cole. C&rsquo;est Claudine Spiotti, charg\u00e9e d&rsquo;op\u00e9rations \u00c9ducation \u00e0 l&rsquo;Environnement du Parc naturel r\u00e9gional de Bri\u00e8re, qui a anim\u00e9 cette matin\u00e9e. Durant cette sortie, nous avons d\u00e9couvert les diff\u00e9rentes esp\u00e8ces d&rsquo;arbres pr\u00e9sents: merisiers, h\u00eatres, ch\u00eanes&#8230;<\/p>\n<p><a href=\"https:\/\/ecole-ste-anne-asserac.fr\/?p=5423\" class=\"more-link themebutton\">Lire la suite<\/a><\/p>\n","protected":false},"author":4,"featured_media":5428,"comment_status":"closed","ping_status":"closed","sticky":false,"template":"","format":"standard","meta":{"ngg_post_thumbnail":0,"footnotes":""},"categories":[6],"tags":[],"class_list":["post-5423","post","type-post","status-publish","format-standard","has-post-thumbnail","hentry","category-classe-de-cp-ce1"],"_links":{"self":[{"href":"https:\/\/ecole-ste-anne-asserac.fr\/index.php?rest_route=\/wp\/v2\/posts\/5423","targetHints":{"allow":["GET"]}}],"collection":[{"href":"https:\/\/ecole-ste-anne-asserac.fr\/index.php?rest_route=\/wp\/v2\/posts"}],"about":[{"href":"https:\/\/ecole-ste-anne-asserac.fr\/index.php?rest_route=\/wp\/v2\/types\/post"}],"author":[{"embeddable":true,"href":"https:\/\/ecole-ste-anne-asserac.fr\/index.php?rest_route=\/wp\/v2\/users\/4"}],"replies":[{"embeddable":true,"href":"https:\/\/ecole-ste-anne-asserac.fr\/index.php?rest_route=%2Fwp%2Fv2%2Fcomments&post=5423"}],"version-history":[{"count":6,"href":"https:\/\/ecole-ste-anne-asserac.fr\/index.php?rest_route=\/wp\/v2\/posts\/5423\/revisions"}],"predecessor-version":[{"id":5460,"href":"https:\/\/ecole-ste-anne-asserac.fr\/index.php?rest_route=\/wp\/v2\/posts\/5423\/revisions\/5460"}],"wp:featuredmedia":[{"embeddable":true,"href":"https:\/\/ecole-ste-anne-asserac.fr\/index.php?rest_route=\/wp\/v2\/media\/5428"}],"wp:attachment":[{"href":"https:\/\/ecole-ste-anne-asserac.fr\/index.php?rest_route=%2Fwp%2Fv2%2Fmedia&parent=5423"}],"wp:term":[{"taxonomy":"category","embeddable":true,"href":"https:\/\/ecole-ste-anne-asserac.fr\/index.php?rest_route=%2Fwp%2Fv2%2Fcategories&post=5423"},{"taxonomy":"post_tag","embeddable":true,"href":"https:\/\/ecole-ste-anne-asserac.fr\/index.php?rest_route=%2Fwp%2Fv2%2Ftags&post=5423"}],"curies":[{"name":"wp","href":"https:\/\/api.w.org\/{rel}","templated":true}]}}