{"id":543,"date":"2016-05-03T17:00:42","date_gmt":"2016-05-03T16:00:42","guid":{"rendered":"http:\/\/ecole-ste-anne-asserac.fr\/?p=543"},"modified":"2016-05-03T17:23:37","modified_gmt":"2016-05-03T16:23:37","slug":"inscriptions-pour-la-future-annee-scolaire","status":"publish","type":"post","link":"https:\/\/ecole-ste-anne-asserac.fr\/?p=543","title":{"rendered":"Inscriptions pour la future ann\u00e9e scolaire"},"content":{"rendered":"<p>Il est encore temps de penser \u00e0 la prochaine rentr\u00e9e scolaire !<\/p>\n<p>Pour inscrire votre\u00a0 (vos) enfant(s) ,\u00a0 merci de prendre rendez-vous au 02 53 30 13 94 d\u00e8s maintenant\u00a0 afin de venir visiter les classes, rencontrer les enseignantes et d\u00e9couvrir comment travaille l&rsquo;\u00e9quipe de l&rsquo;\u00e9cole Ste Anne.<\/p>\n<p>Il reste encore des places dans certaines classes.<\/p>\n","protected":false},"excerpt":{"rendered":"<p>Il est encore temps de penser \u00e0 la prochaine rentr\u00e9e scolaire ! Pour inscrire votre\u00a0 (vos) enfant(s) ,\u00a0 merci de prendre rendez-vous au 02 53 30 13 94 d\u00e8s maintenant\u00a0 afin de venir visiter les classes, rencontrer les enseignantes et d\u00e9couvrir comment travaille l&rsquo;\u00e9quipe de l&rsquo;\u00e9cole Ste Anne. Il reste encore des places dans certaines<\/p>\n<p><a href=\"https:\/\/ecole-ste-anne-asserac.fr\/?p=543\" class=\"more-link themebutton\">Lire la suite<\/a><\/p>\n","protected":false},"author":3,"featured_media":0,"comment_status":"closed","ping_status":"closed","sticky":false,"template":"","format":"standard","meta":{"ngg_post_thumbnail":0,"footnotes":""},"categories":[11],"tags":[],"class_list":["post-543","post","type-post","status-publish","format-standard","hentry","category-actualite"],"_links":{"self":[{"href":"https:\/\/ecole-ste-anne-asserac.fr\/index.php?rest_route=\/wp\/v2\/posts\/543","targetHints":{"allow":["GET"]}}],"collection":[{"href":"https:\/\/ecole-ste-anne-asserac.fr\/index.php?rest_route=\/wp\/v2\/posts"}],"about":[{"href":"https:\/\/ecole-ste-anne-asserac.fr\/index.php?rest_route=\/wp\/v2\/types\/post"}],"author":[{"embeddable":true,"href":"https:\/\/ecole-ste-anne-asserac.fr\/index.php?rest_route=\/wp\/v2\/users\/3"}],"replies":[{"embeddable":true,"href":"https:\/\/ecole-ste-anne-asserac.fr\/index.php?rest_route=%2Fwp%2Fv2%2Fcomments&post=543"}],"version-history":[{"count":0,"href":"https:\/\/ecole-ste-anne-asserac.fr\/index.php?rest_route=\/wp\/v2\/posts\/543\/revisions"}],"wp:attachment":[{"href":"https:\/\/ecole-ste-anne-asserac.fr\/index.php?rest_route=%2Fwp%2Fv2%2Fmedia&parent=543"}],"wp:term":[{"taxonomy":"category","embeddable":true,"href":"https:\/\/ecole-ste-anne-asserac.fr\/index.php?rest_route=%2Fwp%2Fv2%2Fcategories&post=543"},{"taxonomy":"post_tag","embeddable":true,"href":"https:\/\/ecole-ste-anne-asserac.fr\/index.php?rest_route=%2Fwp%2Fv2%2Ftags&post=543"}],"curies":[{"name":"wp","href":"https:\/\/api.w.org\/{rel}","templated":true}]}}